{"id":342505,"date":"2026-09-06T01:11:11","date_gmt":"2026-09-06T01:11:11","guid":{"rendered":"https:\/\/www.europesays.com\/fi\/342505\/"},"modified":"2026-09-06T01:11:11","modified_gmt":"2026-09-06T01:11:11","slug":"saksalaisraketti-laukaistiin-avaruuteen-norjasta-ilta-sanomat","status":"publish","type":"post","link":"https:\/\/www.europesays.com\/fi\/342505\/","title":{"rendered":"Saksalaisraketti laukaistiin avaruuteen Norjasta &#8211; Ilta-Sanomat"},"content":{"rendered":"<p>Yhti\u00f6 kertoo tehneens\u00e4 historiaa.<\/p>\n<p><img decoding=\"async\" src=\"https:\/\/www.europesays.com\/fi\/wp-content\/uploads\/2026\/09\/1788657071_848_468.jpg\" alt=\"Miehitt\u00e4m\u00e4t\u00f6n Spectrum laukaistiin Pohjois-Norjassa sijaitsevasta And\u00f8ya Spaceport -avaruuskeskuksesta. \" class=\"_Img_1rerz_1\" style=\"aspect-ratio:1920\/1080\" loading=\"eager\"\/><\/p>\n<p class=\"font-(family-name:--picture-caption-font-family) text-(length:--picture-caption-font-size) leading-(--picture-caption-leading) font-(--picture-caption-font-weight) text-(color:--picture-caption-color)\">Miehitt\u00e4m\u00e4t\u00f6n Spectrum laukaistiin Pohjois-Norjassa sijaitsevasta And\u00f8ya Spaceport -avaruuskeskuksesta.  Kuva:\u00a0Isar Aerospace\/Franziska Kegel<\/p>\n<p>Lue tiivistelm\u00e4<\/p>\n<p class=\"article-body mb-(--paragraph-margin-b) px-nof-16 sndp-summary-bullet-point-font\">Saksalainen avaruusalan startup-yhti\u00f6 Isar Aerospace laukaisi Spectrum-raketin avaruuteen Pohjois-Norjasta lauantaina.<\/p>\n<p class=\"article-body mb-(--paragraph-margin-b) px-nof-16 sndp-summary-bullet-point-font\">Miehitt\u00e4m\u00e4t\u00f6n raketti l\u00e4hti And\u00f8ya Spaceport -avaruuskeskuksesta ja vei yhti\u00f6n mukaan 5 satelliittia kiertoradalle.<\/p>\n<p class=\"article-body mb-(--paragraph-margin-b) px-nof-16 sndp-summary-bullet-point-font\">Kyseess\u00e4 oli yhti\u00f6n toinen laukaisu, sill\u00e4 ensimm\u00e4inen yritys maaliskuussa 2025 p\u00e4\u00e4ttyi raketin sy\u00f6ksyyn mereen.<\/p>\n<p class=\"article-body mb-(--paragraph-margin-b) px-nof-16 sndp-summary-bullet-point-font\">Norjan hallituksen mukaan laukaisu merkitsee l\u00e4pimurtoa Norjan ja Euroopan avaruustoiminnalle.<\/p>\n<p class=\"article-body mb-(--paragraph-margin-b) px-nof-16\">Saksalainen raketti laukaistiin Pohjois-Norjasta avaruuteen lauantaina.<\/p>\n<p class=\"article-body mb-(--paragraph-margin-b) px-nof-16\">Kyseess\u00e4 on saksalaisen avaruusalan startup-yhti\u00f6n Isar Aerospacen miehitt\u00e4m\u00e4t\u00f6n Spectrum-raketti. Yhti\u00f6n mukaan raketti onnistui viem\u00e4\u00e4n satelliitteja kiertoradalle.<\/p>\n<p class=\"article-body mb-(--paragraph-margin-b) px-nof-16\">Norjan hallituksen <a class=\"underline underline-offset-[0.12em] [text-decoration-thickness:var(--generic-link-underline-thickness)] [text-decoration-color:var(--generic-link-underline-color)] [text-decoration-skip-ink:var(--generic-link-underline-skip-ink)] break-words\" href=\"https:\/\/www.regjeringen.no\/en\/whats-new\/successful-launch-from-andoya-spaceport\/id3154781\/?utm_source=chatgpt.com\" rel=\"nofollow noopener\" target=\"_blank\">mukaan <\/a>laukaisu merkitsee \u201dl\u00e4pimurtoa Norjan ja Euroopan avaruustoiminnalle\u201d.<\/p>\n<p class=\"article-body mb-(--paragraph-margin-b) px-nof-16\">Miehitt\u00e4m\u00e4t\u00f6n Spectrum laukaistiin Pohjois-Norjassa sijaitsevasta And\u00f8ya Spaceport -avaruuskeskuksesta. And\u00f8ya on saari Vester\u00e5lenin saaristossa, Nordlandin l\u00e4\u00e4niss\u00e4 Norjassa.<\/p>\n<p class=\"article-body mb-(--paragraph-margin-b) px-nof-16\">Raketti on suunniteltu pienille ja keskikokoisille hy\u00f6tykuormille ja yhti\u00f6n mukaan sen kyydiss\u00e4 oli viisi pient\u00e4 satelliittia sek\u00e4 lennon aikana toteutettava teknologinen koe.<\/p>\n<p class=\"article-body mb-(--paragraph-margin-b) px-nof-16\">NRK:n <a class=\"underline underline-offset-[0.12em] [text-decoration-thickness:var(--generic-link-underline-thickness)] [text-decoration-color:var(--generic-link-underline-color)] [text-decoration-skip-ink:var(--generic-link-underline-skip-ink)] break-words\" href=\"https:\/\/www.nrk.no\/nordland\/andoya-space-og-isar-aerospace-har-nadd-verdensrommet-med-_spectrum-2_-1.17982981\" rel=\"nofollow noopener\" target=\"_blank\">mukaan <\/a>raketin tarkoituksena oli vied\u00e4 kuorma Maata kiert\u00e4v\u00e4lle radalle.<\/p>\n<p class=\"article-body mb-(--paragraph-margin-b) px-nof-16\">Yhti\u00f6 <a class=\"underline underline-offset-[0.12em] [text-decoration-thickness:var(--generic-link-underline-thickness)] [text-decoration-color:var(--generic-link-underline-color)] [text-decoration-skip-ink:var(--generic-link-underline-skip-ink)] break-words\" href=\"https:\/\/isaraerospace.com\/press\/history-for-european-spaceflight-isar-aerospace-reaches-orbit-and-deploys-payloads-on-second-flight\" rel=\"nofollow noopener\" target=\"_blank\">kertoo <\/a>tiedotteessaan selvitt\u00e4v\u00e4ns\u00e4 satelliittien tilaa.<\/p>\n<p class=\"article-body mb-(--paragraph-margin-b) px-nof-16\">Kyseess\u00e4 oli Isarin toinen laukaisu.<\/p>\n<p class=\"article-body mb-(--paragraph-margin-b) px-nof-16\">Yhti\u00f6 teki ensimm\u00e4isen laukaisun maaliskuussa 2025. Silloin raketti sy\u00f6ksyi mereen ja r\u00e4j\u00e4hti pian nousunsa j\u00e4lkeen. Kukaan ei loukkaantunut tapauksessa.<\/p>\n<p class=\"article-body mb-(--paragraph-margin-b) px-nof-16\">Yhti\u00f6 piti laukaisua ep\u00e4onnistumisesta huolimatta onnistuneena, koska se sai lennosta runsaasti tietoa raketin kehitysty\u00f6t\u00e4 varten.<\/p>\n<p class=\"article-body mb-(--paragraph-margin-b) px-nof-16\">Yhti\u00f6 kertoo lauantaisessa tiedotteessaan, ett\u00e4 uudet Spectrum-kantoraketit ovat jo tuotannossa.<\/p>\n<p class=\"article-body mb-(--paragraph-margin-b) px-nof-16\">Useat Euroopan maat ovat ilmoittaneet haluavansa osansa kasvavista avaruuslentomarkkinoista, Reuters kertoo.<\/p>\n","protected":false},"excerpt":{"rendered":"Yhti\u00f6 kertoo tehneens\u00e4 historiaa. Miehitt\u00e4m\u00e4t\u00f6n Spectrum laukaistiin Pohjois-Norjassa sijaitsevasta And\u00f8ya Spaceport -avaruuskeskuksesta. Kuva:\u00a0Isar Aerospace\/Franziska Kegel Lue tiivistelm\u00e4 Saksalainen&hellip;\n","protected":false},"author":2,"featured_media":342506,"comment_status":"","ping_status":"","sticky":false,"template":"","format":"standard","meta":{"footnotes":"","_share_on_mastodon":"0"},"categories":[114],"tags":[453,33,31,30,34,118,452,32,119],"class_list":["post-342505","post","type-post","status-publish","format-standard","has-post-thumbnail","category-avaruus","tag-avaruus","tag-fi","tag-finland","tag-finnish","tag-ilta-sanomat","tag-science","tag-space","tag-suomi","tag-tiede"],"share_on_mastodon":{"url":"https:\/\/pubeurope.com\/@fi\/117221437773222549","error":""},"_links":{"self":[{"href":"https:\/\/www.europesays.com\/fi\/wp-json\/wp\/v2\/posts\/342505","targetHints":{"allow":["GET"]}}],"collection":[{"href":"https:\/\/www.europesays.com\/fi\/wp-json\/wp\/v2\/posts"}],"about":[{"href":"https:\/\/www.europesays.com\/fi\/wp-json\/wp\/v2\/types\/post"}],"author":[{"embeddable":true,"href":"https:\/\/www.europesays.com\/fi\/wp-json\/wp\/v2\/users\/2"}],"replies":[{"embeddable":true,"href":"https:\/\/www.europesays.com\/fi\/wp-json\/wp\/v2\/comments?post=342505"}],"version-history":[{"count":0,"href":"https:\/\/www.europesays.com\/fi\/wp-json\/wp\/v2\/posts\/342505\/revisions"}],"wp:featuredmedia":[{"embeddable":true,"href":"https:\/\/www.europesays.com\/fi\/wp-json\/wp\/v2\/media\/342506"}],"wp:attachment":[{"href":"https:\/\/www.europesays.com\/fi\/wp-json\/wp\/v2\/media?parent=342505"}],"wp:term":[{"taxonomy":"category","embeddable":true,"href":"https:\/\/www.europesays.com\/fi\/wp-json\/wp\/v2\/categories?post=342505"},{"taxonomy":"post_tag","embeddable":true,"href":"https:\/\/www.europesays.com\/fi\/wp-json\/wp\/v2\/tags?post=342505"}],"curies":[{"name":"wp","href":"https:\/\/api.w.org\/{rel}","templated":true}]}}