{"id":342513,"date":"2026-09-06T01:31:12","date_gmt":"2026-09-06T01:31:12","guid":{"rendered":"https:\/\/www.europesays.com\/fi\/342513\/"},"modified":"2026-09-06T01:31:12","modified_gmt":"2026-09-06T01:31:12","slug":"kuningas-haraldin-arkun-luo-jopa-kilometrin-mittainen-jono-oslossa","status":"publish","type":"post","link":"https:\/\/www.europesays.com\/fi\/342513\/","title":{"rendered":"Kuningas Haraldin arkun luo jopa kilometrin mittainen jono Oslossa"},"content":{"rendered":"<p>Lauantaina jono Oslon kuninkaallisen linnan ulkopuolella oli yli kilometrin pituinen, kertoi NRK.<\/p>\n<p><img decoding=\"async\" src=\"https:\/\/www.europesays.com\/fi\/wp-content\/uploads\/2026\/09\/1788658272_192_468.jpg\" alt=\"Oslossa jonotettiin lauantaina edesmenneen kuningas Haraldin arkun luo useita tunteja.\" class=\"_Img_1rerz_1\" style=\"aspect-ratio:1920\/1280\" loading=\"eager\"\/><\/p>\n<p class=\"font-(family-name:--picture-caption-font-family) text-(length:--picture-caption-font-size) leading-(--picture-caption-leading) font-(--picture-caption-font-weight) text-(color:--picture-caption-color)\">Oslossa jonotettiin lauantaina edesmenneen kuningas Haraldin arkun luo useita tunteja. Kuva:\u00a0Hanna Johre \/ Epa<\/p>\n<p>5.9. 19:51<\/p>\n<p>Lue tiivistelm\u00e4<\/p>\n<p class=\"article-body mb-(--paragraph-margin-b) px-nof-16 sndp-summary-bullet-point-font\">Kuningas Harald V:n arkun luo on jonotettu Oslossa jopa 7 tuntia.<\/p>\n<p class=\"article-body mb-(--paragraph-margin-b) px-nof-16 sndp-summary-bullet-point-font\">89-vuotiaana kuollut kuningas hallitsi Norjaa 35 vuotta ja oli eritt\u00e4in pidetty.<\/p>\n<p class=\"article-body mb-(--paragraph-margin-b) px-nof-16 sndp-summary-bullet-point-font\">Kuningas haudataan keskiviikkona 9. syyskuuta Oslon tuomiokirkossa.<\/p>\n<p class=\"article-body mb-(--paragraph-margin-b) px-nof-16\">Norjan edesmenneen kuningas <a class=\"font-bold underline-offset-[0.12em] [text-decoration:var(--person-link-text-decoration)] [text-decoration-color:var(--person-link-text-decoration-color)]!\" href=\"https:\/\/www.aamulehti.fi\/haku\/?query=Haraldin\" rel=\"nofollow noopener\" target=\"_blank\">Haraldin<\/a> arkun luo syntyi lauantaina Oslossa valtava jono, kertoo Norjan yleisradioyhti\u00f6 NRK.<\/p>\n<p class=\"article-body mb-(--paragraph-margin-b) px-nof-16\">NRK:n mukaan jono Oslon kuninkaallisen linnan ulkopuolella oli yli kilometrin pituinen ja sis\u00e4\u00e4n p\u00e4\u00e4semiseksi piti jonottaa jopa seitsem\u00e4n tuntia.<\/p>\n<p class=\"article-body mb-(--paragraph-margin-b) px-nof-16\">28. elokuuta kuolleen kuninkaan arkku tuotiin n\u00e4ht\u00e4ville linnan kappeliin tiistaina 1. syyskuuta. Ihmiset voivat k\u00e4yd\u00e4 j\u00e4tt\u00e4m\u00e4ss\u00e4 j\u00e4\u00e4hyv\u00e4isens\u00e4 kuninkaalle viikon ajan eli tiistaihin 8. syyskuuta asti.<\/p>\n<p class=\"article-body mb-(--paragraph-margin-b) px-nof-16\">Linnan kappeli on pident\u00e4nyt aukioloaikojaan pitkien jonojen vuoksi, NRK kertoo. Viikonloppuna ja maanantaina ovet sulkeutuvat kello 23, kun aiemmin ne sulkeutuivat kello 18.<\/p>\n<p class=\"article-body mb-(--paragraph-margin-b) px-nof-16\">Kuningas haudataan keskiviikkona 9. syyskuuta. Seremonia pidet\u00e4\u00e4n Oslon tuomiokirkossa kello 13 paikallista aikaa. Hautajaisseremonia noudattaa Norjan kirkon hautajaisliturgiaa.<\/p>\n<p class=\"article-body mb-(--paragraph-margin-b) px-nof-16\">Harald V kuoli elokuun lopussa 89-vuotiaana. H\u00e4n ehti olla Norjan kuninkaana 35 vuotta ja oli maassa eritt\u00e4in pidetty hallitsija.<\/p>\n<p class=\"article-body mb-(--paragraph-margin-b) px-nof-16\">Harald joutui sairaalaan maanantaina 17. elokuuta. Kuningas oli sairastanut jo pitk\u00e4\u00e4n ja k\u00e4rsinyt erityisesti syd\u00e4nvaivoista.<\/p>\n","protected":false},"excerpt":{"rendered":"Lauantaina jono Oslon kuninkaallisen linnan ulkopuolella oli yli kilometrin pituinen, kertoi NRK. Oslossa jonotettiin lauantaina edesmenneen kuningas Haraldin&hellip;\n","protected":false},"author":2,"featured_media":342514,"comment_status":"","ping_status":"","sticky":false,"template":"","format":"standard","meta":{"footnotes":"","_share_on_mastodon":"0"},"categories":[14],"tags":[157,22,23,26,27,33,31,30,17,24,25,28,29,15,18,21,32,19,20,56,16,59,60,61],"class_list":["post-342513","post","type-post","status-publish","format-standard","has-post-thumbnail","category-ulkomaat","tag-aamulehti","tag-breaking-news","tag-breakingnews","tag-featured-news","tag-featurednews","tag-fi","tag-finland","tag-finnish","tag-headlines","tag-latest-news","tag-latestnews","tag-main-news","tag-mainnews","tag-news","tag-otsikot","tag-paauutiset","tag-suomi","tag-top-stories","tag-topstories","tag-ulkomaat","tag-uutiset","tag-world","tag-world-news","tag-worldnews"],"share_on_mastodon":{"url":"https:\/\/pubeurope.com\/@fi\/117221516463816342","error":""},"_links":{"self":[{"href":"https:\/\/www.europesays.com\/fi\/wp-json\/wp\/v2\/posts\/342513","targetHints":{"allow":["GET"]}}],"collection":[{"href":"https:\/\/www.europesays.com\/fi\/wp-json\/wp\/v2\/posts"}],"about":[{"href":"https:\/\/www.europesays.com\/fi\/wp-json\/wp\/v2\/types\/post"}],"author":[{"embeddable":true,"href":"https:\/\/www.europesays.com\/fi\/wp-json\/wp\/v2\/users\/2"}],"replies":[{"embeddable":true,"href":"https:\/\/www.europesays.com\/fi\/wp-json\/wp\/v2\/comments?post=342513"}],"version-history":[{"count":0,"href":"https:\/\/www.europesays.com\/fi\/wp-json\/wp\/v2\/posts\/342513\/revisions"}],"wp:featuredmedia":[{"embeddable":true,"href":"https:\/\/www.europesays.com\/fi\/wp-json\/wp\/v2\/media\/342514"}],"wp:attachment":[{"href":"https:\/\/www.europesays.com\/fi\/wp-json\/wp\/v2\/media?parent=342513"}],"wp:term":[{"taxonomy":"category","embeddable":true,"href":"https:\/\/www.europesays.com\/fi\/wp-json\/wp\/v2\/categories?post=342513"},{"taxonomy":"post_tag","embeddable":true,"href":"https:\/\/www.europesays.com\/fi\/wp-json\/wp\/v2\/tags?post=342513"}],"curies":[{"name":"wp","href":"https:\/\/api.w.org\/{rel}","templated":true}]}}