{"id":342519,"date":"2026-09-06T01:37:12","date_gmt":"2026-09-06T01:37:12","guid":{"rendered":"https:\/\/www.europesays.com\/fi\/342519\/"},"modified":"2026-09-06T01:37:12","modified_gmt":"2026-09-06T01:37:12","slug":"saksalaisraketti-laukaistiin-avaruuteen-norjasta-hs-fi","status":"publish","type":"post","link":"https:\/\/www.europesays.com\/fi\/342519\/","title":{"rendered":"Saksalaisraketti laukaistiin avaruuteen Norjasta | HS.fi"},"content":{"rendered":"<p class=\"article-body mb-(--paragraph-margin-b) px-nof-16\">Saksalainen raketti laukaistiin Pohjois-Norjasta avaruuteen lauantaina.<\/p>\n<p class=\"article-body mb-(--paragraph-margin-b) px-nof-16\">Kyseess\u00e4 on saksalaisen avaruusalan startup-yhti\u00f6n Isar Aerospacen miehitt\u00e4m\u00e4t\u00f6n Spectrum-raketti. Yhti\u00f6n mukaan raketti onnistui viem\u00e4\u00e4n satelliitteja kiertoradalle.<\/p>\n<p class=\"article-body mb-(--paragraph-margin-b) px-nof-16\">Norjan hallituksen <a class=\"underline underline-offset-[0.12em] [text-decoration-thickness:var(--generic-link-underline-thickness)] [text-decoration-color:var(--generic-link-underline-color)] [text-decoration-skip-ink:var(--generic-link-underline-skip-ink)] break-words\" href=\"https:\/\/www.regjeringen.no\/en\/whats-new\/successful-launch-from-andoya-spaceport\/id3154781\/?utm_source=chatgpt.com\" rel=\"nofollow noopener\" target=\"_blank\">mukaan <\/a>laukaisu merkitsee \u201dl\u00e4pimurtoa Norjan ja Euroopan avaruustoiminnalle\u201d.<\/p>\n<p class=\"article-body mb-(--paragraph-margin-b) px-nof-16\">Miehitt\u00e4m\u00e4t\u00f6n Spectrum laukaistiin Pohjois-Norjassa sijaitsevasta And\u00f8ya Spaceport -avaruuskeskuksesta. And\u00f8ya on saari Vester\u00e5lenin saaristossa, Nordlandin l\u00e4\u00e4niss\u00e4 Norjassa.<\/p>\n<p class=\"article-body mb-(--paragraph-margin-b) px-nof-16\">Raketti on suunniteltu pienille ja keskikokoisille hy\u00f6tykuormille ja yhti\u00f6n mukaan sen kyydiss\u00e4 oli viisi pient\u00e4 satelliittia sek\u00e4 lennon aikana toteutettava teknologinen koe.<\/p>\n<p class=\"article-body mb-(--paragraph-margin-b) px-nof-16\">NRK:n <a class=\"underline underline-offset-[0.12em] [text-decoration-thickness:var(--generic-link-underline-thickness)] [text-decoration-color:var(--generic-link-underline-color)] [text-decoration-skip-ink:var(--generic-link-underline-skip-ink)] break-words\" href=\"https:\/\/www.nrk.no\/nordland\/andoya-space-og-isar-aerospace-har-nadd-verdensrommet-med-_spectrum-2_-1.17982981\" rel=\"nofollow noopener\" target=\"_blank\">mukaan <\/a>raketin tarkoituksena oli vied\u00e4 kuorma Maata kiert\u00e4v\u00e4lle radalle.<\/p>\n<p class=\"article-body mb-(--paragraph-margin-b) px-nof-16\">Yhti\u00f6 <a class=\"underline underline-offset-[0.12em] [text-decoration-thickness:var(--generic-link-underline-thickness)] [text-decoration-color:var(--generic-link-underline-color)] [text-decoration-skip-ink:var(--generic-link-underline-skip-ink)] break-words\" href=\"https:\/\/isaraerospace.com\/press\/history-for-european-spaceflight-isar-aerospace-reaches-orbit-and-deploys-payloads-on-second-flight\" rel=\"nofollow noopener\" target=\"_blank\">kertoo <\/a>tiedotteessaan selvitt\u00e4v\u00e4ns\u00e4 satelliittien tilaa.<\/p>\n<p class=\"article-body mb-(--paragraph-margin-b) px-nof-16\">Kyseess\u00e4 oli Isarin toinen laukaisu.<\/p>\n<p class=\"article-body mb-(--paragraph-margin-b) px-nof-16\">Yhti\u00f6 teki ensimm\u00e4isen laukaisun maaliskuussa 2025. Silloin raketti sy\u00f6ksyi mereen ja r\u00e4j\u00e4hti pian nousunsa j\u00e4lkeen. Kukaan ei loukkaantunut tapauksessa.<\/p>\n<p class=\"article-body mb-(--paragraph-margin-b) px-nof-16\">Yhti\u00f6 piti laukaisua ep\u00e4onnistumisesta huolimatta onnistuneena, koska se sai lennosta runsaasti tietoa raketin kehitysty\u00f6t\u00e4 varten.<\/p>\n<p class=\"article-body mb-(--paragraph-margin-b) px-nof-16\">Yhti\u00f6 kertoo lauantaisessa tiedotteessaan, ett\u00e4 uudet Spectrum-kantoraketit ovat jo tuotannossa.<\/p>\n<p class=\"article-body mb-(--paragraph-margin-b) px-nof-16\">Useat Euroopan maat ovat ilmoittaneet haluavansa osansa kasvavista avaruuslentomarkkinoista, Reuters kertoo.<\/p>\n","protected":false},"excerpt":{"rendered":"Saksalainen raketti laukaistiin Pohjois-Norjasta avaruuteen lauantaina. Kyseess\u00e4 on saksalaisen avaruusalan startup-yhti\u00f6n Isar Aerospacen miehitt\u00e4m\u00e4t\u00f6n Spectrum-raketti. Yhti\u00f6n mukaan raketti&hellip;\n","protected":false},"author":2,"featured_media":342520,"comment_status":"","ping_status":"","sticky":false,"template":"","format":"standard","meta":{"footnotes":"","_share_on_mastodon":"0"},"categories":[114],"tags":[453,33,31,30,46,118,452,32,119],"class_list":["post-342519","post","type-post","status-publish","format-standard","has-post-thumbnail","category-avaruus","tag-avaruus","tag-fi","tag-finland","tag-finnish","tag-helsingin-sanomat","tag-science","tag-space","tag-suomi","tag-tiede"],"share_on_mastodon":{"url":"https:\/\/pubeurope.com\/@fi\/117221539334023743","error":""},"_links":{"self":[{"href":"https:\/\/www.europesays.com\/fi\/wp-json\/wp\/v2\/posts\/342519","targetHints":{"allow":["GET"]}}],"collection":[{"href":"https:\/\/www.europesays.com\/fi\/wp-json\/wp\/v2\/posts"}],"about":[{"href":"https:\/\/www.europesays.com\/fi\/wp-json\/wp\/v2\/types\/post"}],"author":[{"embeddable":true,"href":"https:\/\/www.europesays.com\/fi\/wp-json\/wp\/v2\/users\/2"}],"replies":[{"embeddable":true,"href":"https:\/\/www.europesays.com\/fi\/wp-json\/wp\/v2\/comments?post=342519"}],"version-history":[{"count":0,"href":"https:\/\/www.europesays.com\/fi\/wp-json\/wp\/v2\/posts\/342519\/revisions"}],"wp:featuredmedia":[{"embeddable":true,"href":"https:\/\/www.europesays.com\/fi\/wp-json\/wp\/v2\/media\/342520"}],"wp:attachment":[{"href":"https:\/\/www.europesays.com\/fi\/wp-json\/wp\/v2\/media?parent=342519"}],"wp:term":[{"taxonomy":"category","embeddable":true,"href":"https:\/\/www.europesays.com\/fi\/wp-json\/wp\/v2\/categories?post=342519"},{"taxonomy":"post_tag","embeddable":true,"href":"https:\/\/www.europesays.com\/fi\/wp-json\/wp\/v2\/tags?post=342519"}],"curies":[{"name":"wp","href":"https:\/\/api.w.org\/{rel}","templated":true}]}}