{"id":342533,"date":"2026-09-06T02:18:14","date_gmt":"2026-09-06T02:18:14","guid":{"rendered":"https:\/\/www.europesays.com\/fi\/342533\/"},"modified":"2026-09-06T02:18:14","modified_gmt":"2026-09-06T02:18:14","slug":"karkeen-rynnistanyt-englantilaiskonkari-herkistyi-kyyneliin-ja-lupasi-kaikki-palkintorahansa-tragedian-uhreille","status":"publish","type":"post","link":"https:\/\/www.europesays.com\/fi\/342533\/","title":{"rendered":"K\u00e4rkeen rynnist\u00e4nyt englantilaiskonkari herkistyi kyyneliin ja lupasi kaikki palkintorahansa tragedian uhreille"},"content":{"rendered":"<p class=\"darkblue\">Paul Casey on esitt\u00e4nyt timanttisia otteita European Mastersissa. Kuva: Getty Images<\/p>\n<p class=\"ingress\">Kahdeksan birdien kierros nosti Caseyn tukevasti johtoon.<\/p>\n<p>Paul Casey karkasi lauantaina kolmen ly\u00f6nnin johtoon DP World Tourin European Mastersissa Sveitsin Crans-Montanassa. Kierroksen j\u00e4lkeen tunteet nousivat pintaan, kun Casey kertoi lahjoittavansa kaikki kilpailusta saamansa palkintorahat alueen uudenvuodenp\u00e4iv\u00e4n baaripalossa menehtyneiden ja loukkaantuneiden hyv\u00e4ksi.<\/p>\n<p>Artikkeli jatkuu mainoksen j\u00e4lkeen<\/p>\n<p>Artikkeli jatkuu<\/p>\n<p>Artikkeli jatkuu mainoksen j\u00e4lkeen<\/p>\n<p>Artikkeli jatkuu<\/p>\n<p>Crans-Montanaa kohtasi tammikuun 1. p\u00e4iv\u00e4n\u00e4 j\u00e4rkytt\u00e4v\u00e4 tragedia, jossa 41 ihmist\u00e4 kuoli ja 115 loukkaantui. Tapahtuma on vahvasti l\u00e4sn\u00e4 my\u00f6s t\u00e4m\u00e4n viikon kilpailussa. Turnauksessa ker\u00e4t\u00e4\u00e4n varoja uhrien ja heid\u00e4n perheidens\u00e4 auttamiseksi Fondation Belovedin kautta.<\/p>\n<p>Caseylle asia on henkil\u00f6kohtainen. H\u00e4n on asunut perheineen Sveitsiss\u00e4 Zug-j\u00e4rven rannalla viime kes\u00e4st\u00e4 l\u00e4htien ja pit\u00e4\u00e4 t\u00e4m\u00e4n viikon kilpailua jo er\u00e4\u00e4nlaisena kotikilpailunaan.<\/p>\n<p>Kun 49-vuotiaalta Caseylt\u00e4 kysyttiin lauantain kierroksen j\u00e4lkeen, mit\u00e4 voitto h\u00e4nelle merkitsisi, \u00e4\u00e4ni murtui. Sitten LIV-pelaaja kertoi p\u00e4\u00e4t\u00f6ksest\u00e4\u00e4n.<\/p>\n<p>\u201dHuomenna, tapahtuipa mit\u00e4 tahansa \u2013 ja toivon voittavani ja aion taistella siit\u00e4 tosissani \u2013 varmistan, ett\u00e4 kaikki palkintorahani menev\u00e4t hyv\u00e4ntekev\u00e4isyyteen ja t\u00e4\u00e4ll\u00e4 Crans-Montanassa sattuneen tulipalon uhreille.\u201d<\/p>\n<p>\u201dMinulla on siis huomenna paljon pelattavaa.\u201d<\/p>\n<p>Kilpailun voitosta on luvassa vajaat puoli miljoonaa euroa.<\/p>\n<p>Caseyn peli vastasi lauantaina tilanteen tunnetta. H\u00e4n teki kolmannella kierroksella kahdeksan birdie\u00e4 ja yhden bogin. Tulos 63 vei h\u00e4net kokonaistilanteeseen -16 ja kolmen ly\u00f6nnin karkumatkalle ennen sunnuntain p\u00e4\u00e4t\u00f6skierrosta.<\/p>\n<p>Casey teki jo etuysill\u00e4 kuusi birdie\u00e4. P\u00e4iv\u00e4n ainoa takaisku tuli 14. rei\u00e4ll\u00e4, mutta h\u00e4n vastasi heti per\u00e4\u00e4n birdiell\u00e4. P\u00e4iv\u00e4 sai arvoisensa p\u00e4\u00e4t\u00f6ksen, kun Casey upotti yleis\u00f6n riemuksi birdie-putin my\u00f6s 18. rei\u00e4ll\u00e4.<\/p>\n<p>It\u00e4vallan Maximilian Steinlechner, Etel\u00e4-Afrikan Erik van Rooyen sek\u00e4 Espanjan Nacho Elvira ja Eugenio Chacarra jakavat toista sijaa.<\/p>\n<p>Caseyn nousu k\u00e4rkipaikalle on ollut vakuuttava. H\u00e4n on parantanut tulostaan jokaisena p\u00e4iv\u00e4n\u00e4: torstain 67:\u00e4\u00e4 seurasi perjantain 64 ja lauantain 63.<\/p>\n<p>Voitto olisi Caseylle merkitt\u00e4v\u00e4 my\u00f6s urheilullisesti. H\u00e4n siirtyi LIV Golfiin vuonna 2022, mink\u00e4 j\u00e4lkeen esiintymiset Euroopan kiertueella ovat j\u00e4\u00e4neet harvoiksi. Casey on voittanut p\u00e4\u00e4kiertueilla 18 turnausta, joista viimeisimm\u00e4st\u00e4 on reilut 5,5 vuotta. H\u00e4net on n\u00e4hty edellisen kerran DP World Tourilla samaisessa kilpailussa vuosi sitten.<\/p>\n<p>Viel\u00e4 aiemmin t\u00e4ll\u00e4 kaudella sunnuntain kaltainen mahdollisuus n\u00e4ytti ep\u00e4todenn\u00e4k\u00f6iselt\u00e4. Rannevamma pakotti Caseyn vet\u00e4ytym\u00e4\u00e4n LIV:in Korean-kilpailusta, ja h\u00e4n pelk\u00e4si pahimmillaan koko kautensa olevan ohi.<\/p>\n<p>Tilanne k\u00e4\u00e4ntyi parempaan, vaikka Casey my\u00f6nt\u00e4\u00e4, ettei 49-vuotiaan pelaajan keho ole en\u00e4\u00e4 t\u00e4ysin murheeton.<\/p>\n<p>\u201dAjattelin, ett\u00e4 siin\u00e4 saattoi olla koko kausi. Aina on jotain. Luulen, ett\u00e4 kaikilla t\u00e4\u00e4ll\u00e4 on jotakin meneill\u00e4\u00e4n.\u201d<\/p>\n<p>V\u00e4h\u00e4inen pelaaminen on j\u00e4tt\u00e4nyt h\u00e4net loppukaudeksi freesiksi.<\/p>\n<p>Artikkeli jatkuu mainoksen j\u00e4lkeen<\/p>\n<p>\u201dTunnen oloni todella hyv\u00e4ksi ja jossain m\u00e4\u00e4rin tuoreeksi, luultavasti siksi, etten ole pelannut kovin paljon.\u201d<\/p>\n<p>Vaikka Caseylla riitt\u00e4\u00e4 saavutuksia, menestys LIV:ill\u00e4 ei ole ollut kaksista. H\u00e4n saavutti t\u00e4n\u00e4 vuonna vain yhden top 10 -sijoituksen, ja voitot kiertueelta ovat j\u00e4\u00e4neet tyystin puuttumaan. Siksi h\u00e4nen panostaan Crans-Montanassa voidaan pit\u00e4\u00e4 yll\u00e4tyksen\u00e4.<\/p>\n<p>Sveitsin kilpailussa ei ole mukana suomalaispelaajia.<\/p>\n<p><a class=\"recommended-link\" href=\"https:\/\/golfpiste.com\/kilpagolf\/oliver-lindell-kesti-belfryn-kurimuksen-ja-pitka-putki-sai-jatkoa\/\" rel=\"nofollow noopener\" target=\"_blank\">Lue seuraavaksi: Oliver Lindell kesti Belfryn kurimuksen ja pitk\u00e4 putki sai jatkoa<\/a><\/p>\n<p>             p{<br \/>\n                    margin: 0px;<br \/>\n                }<br \/>\n                #prio1feedback-popular-articles .popular__category{<br \/>\n                    color: #f5a623;<br \/>\n                    text-transform: uppercase;<br \/>\n                    font-family: &#8221;barlowsemibold&#8221;;<br \/>\n                    display: block;<br \/>\n                    position: relative;<br \/>\n                    font-size: 10px;<br \/>\n                    font-weight: 600;<br \/>\n                    margin-bottom: 2px;<br \/>\n                }<br \/>\n            ]]]]>]]><\/p>\n<p>                    Lis\u00e4\u00e4 aiheesta<\/p>\n<p>                Tilaa Golfpisteen uutiskirje<\/p>\n<p>  &#13;<br \/>\n\t&#13;<\/p>\n<p>&#13;<br \/>\n\t&#13;<\/p>\n","protected":false},"excerpt":{"rendered":"Paul Casey on esitt\u00e4nyt timanttisia otteita European Mastersissa. Kuva: Getty Images Kahdeksan birdien kierros nosti Caseyn tukevasti johtoon.&hellip;\n","protected":false},"author":2,"featured_media":342534,"comment_status":"","ping_status":"","sticky":false,"template":"","format":"standard","meta":{"footnotes":"","_share_on_mastodon":"0"},"categories":[158],"tags":[7407,3114,33,31,30,7412,42200,159,32,160],"class_list":["post-342533","post","type-post","status-publish","format-standard","has-post-thumbnail","category-urheilu","tag-crans-sur-sierre-golf-club","tag-dp-world-tour","tag-fi","tag-finland","tag-finnish","tag-omega-european-masters","tag-paul-casey","tag-sports","tag-suomi","tag-urheilu"],"share_on_mastodon":{"url":"https:\/\/pubeurope.com\/@fi\/117221700627646988","error":""},"_links":{"self":[{"href":"https:\/\/www.europesays.com\/fi\/wp-json\/wp\/v2\/posts\/342533","targetHints":{"allow":["GET"]}}],"collection":[{"href":"https:\/\/www.europesays.com\/fi\/wp-json\/wp\/v2\/posts"}],"about":[{"href":"https:\/\/www.europesays.com\/fi\/wp-json\/wp\/v2\/types\/post"}],"author":[{"embeddable":true,"href":"https:\/\/www.europesays.com\/fi\/wp-json\/wp\/v2\/users\/2"}],"replies":[{"embeddable":true,"href":"https:\/\/www.europesays.com\/fi\/wp-json\/wp\/v2\/comments?post=342533"}],"version-history":[{"count":0,"href":"https:\/\/www.europesays.com\/fi\/wp-json\/wp\/v2\/posts\/342533\/revisions"}],"wp:featuredmedia":[{"embeddable":true,"href":"https:\/\/www.europesays.com\/fi\/wp-json\/wp\/v2\/media\/342534"}],"wp:attachment":[{"href":"https:\/\/www.europesays.com\/fi\/wp-json\/wp\/v2\/media?parent=342533"}],"wp:term":[{"taxonomy":"category","embeddable":true,"href":"https:\/\/www.europesays.com\/fi\/wp-json\/wp\/v2\/categories?post=342533"},{"taxonomy":"post_tag","embeddable":true,"href":"https:\/\/www.europesays.com\/fi\/wp-json\/wp\/v2\/tags?post=342533"}],"curies":[{"name":"wp","href":"https:\/\/api.w.org\/{rel}","templated":true}]}}