{"id":342539,"date":"2026-09-06T02:24:33","date_gmt":"2026-09-06T02:24:33","guid":{"rendered":"https:\/\/www.europesays.com\/fi\/342539\/"},"modified":"2026-09-06T02:24:33","modified_gmt":"2026-09-06T02:24:33","slug":"neljan-henkilon-valienselvittely-johti-puukotuksiin-ja-pahoinpitelyyn-kokkolassa-keski-pohjanmaa","status":"publish","type":"post","link":"https:\/\/www.europesays.com\/fi\/342539\/","title":{"rendered":"Nelj\u00e4n henkil\u00f6n v\u00e4lien\u00adselvittely johti puukotuksiin ja pahoinpitelyyn Kokkolassa | Keski-Pohjanmaa"},"content":{"rendered":"<p class=\"aw__sc-1qwuw0s-0 aw__sc-1vg2sqm-0 epAWpq ecELkD yle__article__paragraph\">Poliisi otti ep\u00e4illyt kiinni lauantaiaamun aikana ja tutkii asiaa kahtena tapon yrityksen\u00e4.<\/p>\n<p><img decoding=\"async\" alt=\"Kentt\u00e4johtajan poliisiauto Kokkolassa, valtatiell\u00e4 13.\" src=\"https:\/\/www.europesays.com\/fi\/wp-content\/uploads\/2026\/09\/1739357286.jpeg\" class=\"aw__sc-dklauk-0 LPzKX\"\/><\/p>\n<p>Avaa kuvien katselu<\/p>\n<p>Rikosnimikkeet voivat t\u00e4ydenty\u00e4 tai muuttua poliisin esitutkinnan edetess\u00e4. Kuvituskuva. Kuva: Juha Kemppainen \/ Yle<\/p>\n<p class=\"aw__sc-1qwuw0s-0 aw__sc-ngllmo-0 epAWpq fzYpjk yle__article__paragraph\">Pohjanmaan poliisi tutkii Kokkolassa lauantaina tapahtunutta kahta ep\u00e4ilty\u00e4 tapon yrityst\u00e4. Poliisi sai tiedon ulkona tapahtuneista v\u00e4kivallanteoista h\u00e4t\u00e4keskuksen kautta hieman kello yhden j\u00e4lkeen aamuy\u00f6ll\u00e4.<\/p>\n<p class=\"aw__sc-1qwuw0s-0 aw__sc-ngllmo-0 epAWpq fzYpjk yle__article__paragraph\">Poliisi kertoo tiedotteessaan, ett\u00e4 tapahtumapaikalle mennyt partio tapasi kaksi miest\u00e4, joista kumpaakin oli puukotettu. Poliisi antoi ensiapua kummallekin henkil\u00f6lle, jonka j\u00e4lkeen heid\u00e4t vietiin sairaalahoitoon.<\/p>\n<p class=\"aw__sc-1qwuw0s-0 aw__sc-ngllmo-0 epAWpq fzYpjk yle__article__paragraph\">Poliisi otti pian tapahtuneen j\u00e4lkeen kiinni kaksi teoista ep\u00e4ilty\u00e4 henkil\u00f6\u00e4. Toinen kiinniotetuista kertoi poliisille, ett\u00e4 tapahtumien yhteydess\u00e4 my\u00f6s h\u00e4nt\u00e4 oli pahoinpidelty.<\/p>\n<p class=\"aw__sc-1qwuw0s-0 aw__sc-ngllmo-0 epAWpq fzYpjk yle__article__paragraph\">Poliisin alustavien tietojen mukaan v\u00e4kivallanteot olivat saaneet alkunsa osapuolten v\u00e4lisest\u00e4 riidasta.<\/p>\n<p class=\"aw__sc-1qwuw0s-0 aw__sc-ngllmo-0 epAWpq fzYpjk yle__article__paragraph\">Poliisi arvioi, ett\u00e4 alustavat rikosnimikkeet voivat t\u00e4ydenty\u00e4 tai muuttua esitutkinnan edetess\u00e4.<\/p>\n","protected":false},"excerpt":{"rendered":"Poliisi otti ep\u00e4illyt kiinni lauantaiaamun aikana ja tutkii asiaa kahtena tapon yrityksen\u00e4. Avaa kuvien katselu Rikosnimikkeet voivat t\u00e4ydenty\u00e4&hellip;\n","protected":false},"author":2,"featured_media":342540,"comment_status":"","ping_status":"","sticky":false,"template":"","format":"standard","meta":{"footnotes":"","_share_on_mastodon":"0"},"categories":[12],"tags":[22,23,26,27,33,31,30,17,451,991,24,25,28,29,15,18,21,2944,1283,1282,1263,32,19,20,16,37],"class_list":["post-342539","post","type-post","status-publish","format-standard","has-post-thumbnail","category-suomi","tag-breaking-news","tag-breakingnews","tag-featured-news","tag-featurednews","tag-fi","tag-finland","tag-finnish","tag-headlines","tag-keski-pohjanmaa","tag-kokkola","tag-latest-news","tag-latestnews","tag-main-news","tag-mainnews","tag-news","tag-otsikot","tag-paauutiset","tag-pahoinpitely","tag-poliisitutkinta","tag-puukotus","tag-rikosepailyt","tag-suomi","tag-top-stories","tag-topstories","tag-uutiset","tag-vakivaltarikokset"],"share_on_mastodon":{"url":"https:\/\/pubeurope.com\/@fi\/117221724824886915","error":""},"_links":{"self":[{"href":"https:\/\/www.europesays.com\/fi\/wp-json\/wp\/v2\/posts\/342539","targetHints":{"allow":["GET"]}}],"collection":[{"href":"https:\/\/www.europesays.com\/fi\/wp-json\/wp\/v2\/posts"}],"about":[{"href":"https:\/\/www.europesays.com\/fi\/wp-json\/wp\/v2\/types\/post"}],"author":[{"embeddable":true,"href":"https:\/\/www.europesays.com\/fi\/wp-json\/wp\/v2\/users\/2"}],"replies":[{"embeddable":true,"href":"https:\/\/www.europesays.com\/fi\/wp-json\/wp\/v2\/comments?post=342539"}],"version-history":[{"count":0,"href":"https:\/\/www.europesays.com\/fi\/wp-json\/wp\/v2\/posts\/342539\/revisions"}],"wp:featuredmedia":[{"embeddable":true,"href":"https:\/\/www.europesays.com\/fi\/wp-json\/wp\/v2\/media\/342540"}],"wp:attachment":[{"href":"https:\/\/www.europesays.com\/fi\/wp-json\/wp\/v2\/media?parent=342539"}],"wp:term":[{"taxonomy":"category","embeddable":true,"href":"https:\/\/www.europesays.com\/fi\/wp-json\/wp\/v2\/categories?post=342539"},{"taxonomy":"post_tag","embeddable":true,"href":"https:\/\/www.europesays.com\/fi\/wp-json\/wp\/v2\/tags?post=342539"}],"curies":[{"name":"wp","href":"https:\/\/api.w.org\/{rel}","templated":true}]}}