{"id":342551,"date":"2026-09-06T02:49:18","date_gmt":"2026-09-06T02:49:18","guid":{"rendered":"https:\/\/www.europesays.com\/fi\/342551\/"},"modified":"2026-09-06T02:49:18","modified_gmt":"2026-09-06T02:49:18","slug":"havittaja-syoksyi-maahan-lentonaytoksessa-kreikassa-2","status":"publish","type":"post","link":"https:\/\/www.europesays.com\/fi\/342551\/","title":{"rendered":"H\u00e4vitt\u00e4j\u00e4 sy\u00f6ksyi maahan lento\u00adn\u00e4yt\u00f6ksess\u00e4 Kreikassa"},"content":{"rendered":"<p>Maahansy\u00f6ksy\u00e4 seurasi r\u00e4j\u00e4hdys ja tulipalo.<\/p>\n<p><img decoding=\"async\" src=\"https:\/\/www.europesays.com\/fi\/wp-content\/uploads\/2026\/09\/1788662958_527_468.jpg\" alt=\"H\u00e4vitt\u00e4j\u00e4 sy\u00f6ksyi maahan ilmailun\u00e4yt\u00f6ksess\u00e4 l\u00e4hell\u00e4 Ateenaa lauantaina.\" class=\"_Img_1rerz_1\" style=\"aspect-ratio:1920\/1282\" loading=\"eager\"\/><\/p>\n<p class=\"font-(family-name:--picture-caption-font-family) text-(length:--picture-caption-font-size) leading-(--picture-caption-leading) font-(--picture-caption-font-weight) text-(color:--picture-caption-color)\">H\u00e4vitt\u00e4j\u00e4 sy\u00f6ksyi maahan ilmailun\u00e4yt\u00f6ksess\u00e4 l\u00e4hell\u00e4 Ateenaa lauantaina. Kuva:\u00a0Nikos Mitrousias \/ Intime \/ Reuters<\/p>\n<p>5.9. 17:42<\/p>\n<p class=\"article-body mb-(--paragraph-margin-b) px-nof-16\">Kreikkalainen kaksipaikkainen F\u20134 Phantom -h\u00e4vitt\u00e4j\u00e4\u00adlentokone sy\u00f6ksyi maahan ilmailu\u00adn\u00e4yt\u00f6ksess\u00e4 lauantaina l\u00e4hell\u00e4 Ateenaa, kertoi Kreikan ilmavoimien edustaja uutistoimisto Reutersille.<\/p>\n<p class=\"article-body mb-(--paragraph-margin-b) px-nof-16\">Kreikan yleisradioyhti\u00f6n ERT:n mukaan lentokoneen maahansy\u00f6ksy\u00e4 seurasi r\u00e4j\u00e4hdys. ERT:n julkaisemalla videolla n\u00e4kyi runsaasti savua. Paikalla oli tulipalo, jota Reutersin mukaan sammutettiin ainakin kahden helikopterin voimin.<\/p>\n<p class=\"article-body mb-(--paragraph-margin-b) px-nof-16\">Koneen lent\u00e4jien tilaa ei Reutersin mukaan tiedetty, eik\u00e4 sek\u00e4\u00e4n ollut tiedossa, haavoittuiko yleis\u00f6st\u00e4 joku. Tuli ja savu tekiv\u00e4t pelastust\u00f6ist\u00e4 vaikeita, kertoi ERT.<\/p>\n","protected":false},"excerpt":{"rendered":"Maahansy\u00f6ksy\u00e4 seurasi r\u00e4j\u00e4hdys ja tulipalo. H\u00e4vitt\u00e4j\u00e4 sy\u00f6ksyi maahan ilmailun\u00e4yt\u00f6ksess\u00e4 l\u00e4hell\u00e4 Ateenaa lauantaina. Kuva:\u00a0Nikos Mitrousias \/ Intime \/ Reuters&hellip;\n","protected":false},"author":2,"featured_media":342552,"comment_status":"","ping_status":"","sticky":false,"template":"","format":"standard","meta":{"footnotes":"","_share_on_mastodon":"0"},"categories":[14],"tags":[157,22,23,26,27,33,31,30,17,24,25,28,29,15,18,21,32,19,20,56,16,59,60,61],"class_list":["post-342551","post","type-post","status-publish","format-standard","has-post-thumbnail","category-ulkomaat","tag-aamulehti","tag-breaking-news","tag-breakingnews","tag-featured-news","tag-featurednews","tag-fi","tag-finland","tag-finnish","tag-headlines","tag-latest-news","tag-latestnews","tag-main-news","tag-mainnews","tag-news","tag-otsikot","tag-paauutiset","tag-suomi","tag-top-stories","tag-topstories","tag-ulkomaat","tag-uutiset","tag-world","tag-world-news","tag-worldnews"],"share_on_mastodon":{"url":"https:\/\/pubeurope.com\/@fi\/117221822719009069","error":""},"_links":{"self":[{"href":"https:\/\/www.europesays.com\/fi\/wp-json\/wp\/v2\/posts\/342551","targetHints":{"allow":["GET"]}}],"collection":[{"href":"https:\/\/www.europesays.com\/fi\/wp-json\/wp\/v2\/posts"}],"about":[{"href":"https:\/\/www.europesays.com\/fi\/wp-json\/wp\/v2\/types\/post"}],"author":[{"embeddable":true,"href":"https:\/\/www.europesays.com\/fi\/wp-json\/wp\/v2\/users\/2"}],"replies":[{"embeddable":true,"href":"https:\/\/www.europesays.com\/fi\/wp-json\/wp\/v2\/comments?post=342551"}],"version-history":[{"count":0,"href":"https:\/\/www.europesays.com\/fi\/wp-json\/wp\/v2\/posts\/342551\/revisions"}],"wp:featuredmedia":[{"embeddable":true,"href":"https:\/\/www.europesays.com\/fi\/wp-json\/wp\/v2\/media\/342552"}],"wp:attachment":[{"href":"https:\/\/www.europesays.com\/fi\/wp-json\/wp\/v2\/media?parent=342551"}],"wp:term":[{"taxonomy":"category","embeddable":true,"href":"https:\/\/www.europesays.com\/fi\/wp-json\/wp\/v2\/categories?post=342551"},{"taxonomy":"post_tag","embeddable":true,"href":"https:\/\/www.europesays.com\/fi\/wp-json\/wp\/v2\/tags?post=342551"}],"curies":[{"name":"wp","href":"https:\/\/api.w.org\/{rel}","templated":true}]}}