{"id":342567,"date":"2026-09-06T03:37:16","date_gmt":"2026-09-06T03:37:16","guid":{"rendered":"https:\/\/www.europesays.com\/fi\/342567\/"},"modified":"2026-09-06T03:37:16","modified_gmt":"2026-09-06T03:37:16","slug":"formula-ykkosissa-hirmusensaatio-pierre-gasly-paalupaikalle-ensimmaista-kertaa-urallaan-urheilu","status":"publish","type":"post","link":"https:\/\/www.europesays.com\/fi\/342567\/","title":{"rendered":"Formula ykk\u00f6siss\u00e4 hirmu\u00adsensaatio \u2013 Pierre Gasly paalu\u00adpaikalle ensimm\u00e4ist\u00e4 kertaa urallaan | Urheilu"},"content":{"rendered":"<p class=\"aw__sc-1qwuw0s-0 aw__sc-1vg2sqm-0 epAWpq ecELkD yle__article__paragraph\">Alpinen Pierre Gasly s\u00e4v\u00e4ytti radalla, jolla h\u00e4n on juhlinut uransa ainoaa voittoa. McLarenin Oscar Piastri h\u00e4mmensi aika-ajoissa.<\/p>\n<p><img decoding=\"async\" alt=\"Pierre Gasly tuulettaa paalupaikkaansa Monzassa.\" src=\"https:\/\/www.europesays.com\/fi\/wp-content\/uploads\/2026\/09\/1788623605.jpeg\" class=\"aw__sc-dklauk-0 LPzKX\"\/><\/p>\n<p>Avaa kuvien katselu<\/p>\n<p>Pierre Gasly jys\u00e4ytti paalupaikalle. Kuva: All Over Press<\/p>\n<p class=\"aw__sc-1qwuw0s-0 aw__sc-16t12w3-0 epAWpq ilisRd yle__accessibilityText\">Osa artikkelin sis\u00e4ll\u00f6st\u00e4 ei ole v\u00e4ltt\u00e4m\u00e4tt\u00e4 saavutettavissa esimerkiksi ruudunlukuohjelmalla.<\/p>\n<p class=\"aw__sc-1qwuw0s-0 aw__sc-ngllmo-0 epAWpq fzYpjk yle__article__paragraph\">Formula ykk\u00f6sten Monzan viikonloppua on s\u00e4vytt\u00e4nyt valtava vetoapu. Tallit taktikoivat pitki\u00e4 suoria sis\u00e4lt\u00e4v\u00e4ll\u00e4 nopealla radalla niin, ett\u00e4 tallikaverit tarjoilivat toisilleen vetoapua.<\/p>\n<p class=\"aw__sc-1qwuw0s-0 aw__sc-ngllmo-0 epAWpq fzYpjk yle__article__paragraph\">Moottorinvaihdon takia joukon takaa sunnuntain kisaan l\u00e4htev\u00e4\u00e4 Mercedeksen <strong class=\"aw__sc-ngllmo-2 gdRrun yle__article__strong\">Kimi Antonellia<\/strong> k\u00e4ytettiin aika-ajoissa surutta <strong class=\"aw__sc-ngllmo-2 gdRrun yle__article__strong\">George Russellin<\/strong> vetomiehen\u00e4.<\/p>\n<p class=\"aw__sc-1qwuw0s-0 aw__sc-ngllmo-0 epAWpq fzYpjk yle__article__paragraph\">Oli imuavusta apua tai ei, keskipakkaan kuuluvan Alpinen vauhti oli huimaa. Paalupaikalle sinkosi Alpinen <strong class=\"aw__sc-ngllmo-2 gdRrun yle__article__strong\">Pierre Gasly<\/strong>, jolle paalu on uran ensimm\u00e4inen kuten my\u00f6s Alpinellekin.<\/p>\n<p class=\"aw__sc-1qwuw0s-0 aw__sc-ngllmo-0 epAWpq fzYpjk yle__article__paragraph\">30-vuotiaalle ranskalaiselle Monza on eritt\u00e4in sopiva rata, sill\u00e4 h\u00e4n juhli t\u00e4\u00e4ll\u00e4 kuusi vuotta sitten uransa toistaiseksi ainutta voittoaan. Silloin ykk\u00f6ssija irtosi AlphaTaurin autolla.<\/p>\n<p class=\"aw__sc-1qwuw0s-0 aw__sc-ngllmo-0 epAWpq fzYpjk yle__article__paragraph\">Gaslyn argentiinalainen tallikaveri <strong class=\"aw__sc-ngllmo-2 gdRrun yle__article__strong\">Franco Colapinto<\/strong> oli kahdeksas.<\/p>\n<p class=\"aw__sc-1qwuw0s-0 aw__sc-ngllmo-0 epAWpq fzYpjk yle__article__paragraph\">Suosikkina aika-ajoihin l\u00e4htenyt Russell oli toinen ja McLarenin <strong class=\"aw__sc-ngllmo-2 gdRrun yle__article__strong\">Oscar Piastri<\/strong> kolmas.<\/p>\n<p><img decoding=\"async\" alt=\"Lewis Hamilton ajoi Monzassa toista kertaa Ferrari-kuljettajana.\" src=\"https:\/\/www.europesays.com\/fi\/wp-content\/uploads\/2026\/09\/1788620366.jpeg\" loading=\"lazy\" class=\"aw__sc-dklauk-0 LPzKX\"\/><\/p>\n<p>Avaa kuvien katselu<\/p>\n<p>Lewis Hamilton pelastautui tuhannesosalla. Kuva: Getty ImagesOscar Piastri h\u00e4mmensi<\/p>\n<p class=\"aw__sc-1qwuw0s-0 aw__sc-ngllmo-0 epAWpq fzYpjk yle__article__paragraph\">Piastri oli aika-ajoissa monessa mukana. Toista kertaa loukkaantunutta <strong class=\"aw__sc-ngllmo-2 gdRrun yle__article__strong\">Isack Hadjaria<\/strong> Red Bullilla tuuraava <strong class=\"aw__sc-ngllmo-2 gdRrun yle__article__strong\">Liam Lawson<\/strong> k\u00e4rsi toisessa osiossa viimeisell\u00e4 nopealla vedollaan Piastrista, joka ei ymm\u00e4rt\u00e4nyt hitaalla kierroksella ajavana v\u00e4ist\u00e4\u00e4 uusiseelantilaiskaveria.<\/p>\n<p class=\"aw__sc-1qwuw0s-0 aw__sc-ngllmo-0 epAWpq fzYpjk yle__article__paragraph\">Red Bull -kuski j\u00e4i k\u00e4rkikymmenik\u00f6n ulkopuolelle. Piastri saattaa saada viel\u00e4 l\u00e4ht\u00f6ruuturangaistuksen kisaan.<\/p>\n<p class=\"aw__sc-1qwuw0s-0 aw__sc-ngllmo-0 epAWpq fzYpjk yle__article__paragraph\">My\u00f6s kolmososiossa Piastri oli huomion keskipisteen\u00e4, kun h\u00e4nen piti antaa vetoapua <strong class=\"aw__sc-ngllmo-2 gdRrun yle__article__strong\">Lando Norrisille<\/strong>. Piastri teki kuitenkin heti kierroksen alussa virheen ja ajoi pitk\u00e4ksi, ja n\u00e4in ollen takaa tullut Norris ei saanut nauttia t\u00e4rke\u00e4st\u00e4 imuavusta.<\/p>\n<p class=\"aw__sc-1qwuw0s-0 aw__sc-ngllmo-0 epAWpq fzYpjk yle__article__paragraph\">Ferrarit olivat toisessa osiossa helisem\u00e4ss\u00e4, ja vaikutti jopa silt\u00e4, ett\u00e4 molemmat Maranellon ylpeydet j\u00e4\u00e4v\u00e4t ulos viimeisest\u00e4 osiosta. Lopulta niin <strong class=\"aw__sc-ngllmo-2 gdRrun yle__article__strong\">Charles Leclerc<\/strong> kuin <strong class=\"aw__sc-ngllmo-2 gdRrun yle__article__strong\">Lewis Hamilton<\/strong> pyyhk\u00e4isiv\u00e4t jatkoon yhdeks\u00e4nten\u00e4 ja kymmenenten\u00e4.<\/p>\n<p class=\"aw__sc-1qwuw0s-0 aw__sc-ngllmo-0 epAWpq fzYpjk yle__article__paragraph\">Hamilton oli vain yhden tuhannesosan nopeampi kuin ensimm\u00e4isen\u00e4 karsiutunut Audin brasilialaiskuski <strong class=\"aw__sc-ngllmo-2 gdRrun yle__article__strong\">Gabriel Bortoleto<\/strong>.<\/p>\n<p class=\"aw__sc-1qwuw0s-0 aw__sc-ngllmo-0 epAWpq fzYpjk yle__article__paragraph\">Leclerc oli lopulta nelj\u00e4s ja Hamilton viides. Red Bullin <strong class=\"aw__sc-ngllmo-2 gdRrun yle__article__strong\">Max Verstappen<\/strong> oli kuudes. Antonelli oli seitsem\u00e4s, mutta h\u00e4n joutuu joka tapauksessa l\u00e4htem\u00e4\u00e4n moottorinvaihdon takia per\u00e4lt\u00e4.<\/p>\n<p class=\"aw__sc-1qwuw0s-0 aw__sc-ngllmo-0 epAWpq fzYpjk yle__article__paragraph\">Kaksi edellist\u00e4 kilpailua voittanut hallitseva mestari Norris oli vasta yhdeks\u00e4s.<\/p>\n<p class=\"aw__sc-1qwuw0s-0 aw__sc-ngllmo-0 epAWpq fzYpjk yle__article__paragraph\">Cadillacin <strong class=\"aw__sc-ngllmo-2 gdRrun yle__article__strong\">Valtteri Bottas<\/strong> oli 19:s ja j\u00e4tti taakseen tallikaverinsa <strong class=\"aw__sc-ngllmo-2 gdRrun yle__article__strong\">Sergio Perezin<\/strong> sek\u00e4 Aston Martinin todella hitaat <strong class=\"aw__sc-ngllmo-2 gdRrun yle__article__strong\">Fernando Alonson<\/strong> ja <strong class=\"aw__sc-ngllmo-2 gdRrun yle__article__strong\">Lance Strollin<\/strong>.<\/p>\n<p><img decoding=\"async\" alt=\"George Russell paahtoi Monzan moottoriradalla.\" src=\"https:\/\/www.europesays.com\/fi\/wp-content\/uploads\/2026\/09\/1788620324.jpeg\" loading=\"lazy\" class=\"aw__sc-dklauk-0 LPzKX\"\/><\/p>\n<p>Avaa kuvien katselu<\/p>\n<p>Tallikaverin moottorivaihdon my\u00f6t\u00e4 paalupaikkaa suorastaan tyrkytettiin George Russellille. Toisin kuitenkin k\u00e4vi. Kuva: Anadolu via Getty Images<\/p>\n","protected":false},"excerpt":{"rendered":"Alpinen Pierre Gasly s\u00e4v\u00e4ytti radalla, jolla h\u00e4n on juhlinut uransa ainoaa voittoa. McLarenin Oscar Piastri h\u00e4mmensi aika-ajoissa. Avaa&hellip;\n","protected":false},"author":2,"featured_media":342568,"comment_status":"","ping_status":"","sticky":false,"template":"","format":"standard","meta":{"footnotes":"","_share_on_mastodon":"0"},"categories":[158],"tags":[12951,3701,13735,33,31,30,3437,6633,6632,29489,18874,32129,20389,159,32,160],"class_list":["post-342567","post","type-post","status-publish","format-standard","has-post-thumbnail","category-urheilu","tag-andrea-kimi-antonelli","tag-autourheilu","tag-charles-leclerc","tag-fi","tag-finland","tag-finnish","tag-formula-1","tag-formula-1-kuljettaja","tag-formula-1-tallit","tag-george-russell","tag-lewis-hamilton","tag-pierre-gasly","tag-scuderia-ferrari","tag-sports","tag-suomi","tag-urheilu"],"share_on_mastodon":{"url":"https:\/\/pubeurope.com\/@fi\/117222012117603518","error":""},"_links":{"self":[{"href":"https:\/\/www.europesays.com\/fi\/wp-json\/wp\/v2\/posts\/342567","targetHints":{"allow":["GET"]}}],"collection":[{"href":"https:\/\/www.europesays.com\/fi\/wp-json\/wp\/v2\/posts"}],"about":[{"href":"https:\/\/www.europesays.com\/fi\/wp-json\/wp\/v2\/types\/post"}],"author":[{"embeddable":true,"href":"https:\/\/www.europesays.com\/fi\/wp-json\/wp\/v2\/users\/2"}],"replies":[{"embeddable":true,"href":"https:\/\/www.europesays.com\/fi\/wp-json\/wp\/v2\/comments?post=342567"}],"version-history":[{"count":0,"href":"https:\/\/www.europesays.com\/fi\/wp-json\/wp\/v2\/posts\/342567\/revisions"}],"wp:featuredmedia":[{"embeddable":true,"href":"https:\/\/www.europesays.com\/fi\/wp-json\/wp\/v2\/media\/342568"}],"wp:attachment":[{"href":"https:\/\/www.europesays.com\/fi\/wp-json\/wp\/v2\/media?parent=342567"}],"wp:term":[{"taxonomy":"category","embeddable":true,"href":"https:\/\/www.europesays.com\/fi\/wp-json\/wp\/v2\/categories?post=342567"},{"taxonomy":"post_tag","embeddable":true,"href":"https:\/\/www.europesays.com\/fi\/wp-json\/wp\/v2\/tags?post=342567"}],"curies":[{"name":"wp","href":"https:\/\/api.w.org\/{rel}","templated":true}]}}