{"id":342607,"date":"2026-09-06T04:55:17","date_gmt":"2026-09-06T04:55:17","guid":{"rendered":"https:\/\/www.europesays.com\/fi\/342607\/"},"modified":"2026-09-06T04:55:17","modified_gmt":"2026-09-06T04:55:17","slug":"ho-chi-minh-city-ja-hanoi-ovat-seitseman-paikkakunnan-joukossa-joissa-on-eniten-kasi-jalka-ja-suutautitapauksia","status":"publish","type":"post","link":"https:\/\/www.europesays.com\/fi\/342607\/","title":{"rendered":"Ho Chi Minh City ja Hanoi ovat seitsem\u00e4n paikkakunnan joukossa, joissa on eniten k\u00e4si-, jalka- ja suutautitapauksia."},"content":{"rendered":"<p><a class=\"data-link\" data-org-href=\"https:\/\/www.vietnam.vn\/fi\/authors\/moh-gov-vn\" href=\"https:\/\/www.vietnam.vn\/fi\/authors\/moh-gov-vn\" title=\"Terveysministeri\u00f6\" target=\"_blank\" rel=\"nofollow noopener\">Terveysministeri\u00f6<\/a> l\u00e4hetti 4. syyskuuta kiireellisen kirjeen opetus- ja koulutusministeri\u00f6lle sek\u00e4 maakuntien ja kaupunkien kansankomiteoille k\u00e4si-, suu- ja sorkkataudin sek\u00e4 muiden tartuntatautien ehk\u00e4isyn ja torjunnan tehostamisesta oppilaitoksissa.<\/p>\n<p> Tartuntatautien valvontaj\u00e4rjestelm\u00e4n mukaan koko maassa kirjattiin vuoden kahdeksan ensimm\u00e4isen kuukauden aikana l\u00e4hes 100 000 k\u00e4si-, suu- ja sorkkatautitapausta, mik\u00e4 on 2,5 kertaa enemm\u00e4n kuin samana ajanjaksona vuonna 2015. Viimeisten nelj\u00e4n viikon aikana eniten tapauksia on todettu Ho Chi Minh Cityss\u00e4, \u0110\u1ed3ng Naissa, \u0110\u1ed3ng Thapissa, Tay Ninhiss\u00e4, Lam Dongissa, Da Nangissa ja <a class=\"data-link\" data-org-href=\"https:\/\/www.vietnam.vn\/fi\/destination\/ha-noi\" href=\"https:\/\/www.vietnam.vn\/fi\/destination\/ha-noi\" title=\"Hanoi\" target=\"_blank\" rel=\"nofollow noopener\">Hanoissa<\/a> .<\/p>\n<p> Merkillepantavaa on, ett\u00e4 suurin osa tapauksista oli alle 5-vuotiailla lapsilla, p\u00e4iv\u00e4kodissa ja esikoulussa, yli 87 %. <\/p>\n<p><img decoding=\"async\" style=\"cursor:pointer\" title=\"Ho Chi Minh City ja Hanoi ovat seitsem\u00e4n paikkakunnan joukossa, joissa on eniten k\u00e4si-, jalka- ja suutautitapauksia \u2013 1\" alt=\"TPHCM, H\u00e0 N\u1ed9i n\u1eb1m trong 7 \u0111\u1ecba ph\u01b0\u01a1ng c\u00f3 s\u1ed1 ca tay ch\u00e2n mi\u1ec7ng cao nh\u1ea5t - 1\" data-width=\"1020\" data-height=\"680\" data-original=\"https:\/\/cdnphoto.dantri.com.vn\/DEcEdC_smXMz5Y_JTTR89dgdiOE=\/2026\/09\/05\/vov09479-edited-1687759380735-1788568232556.png\" data-photo-id=\"4198518\" data-track-content=\"\" data-content-name=\"article-content-image\" data-content-piece=\"article-content-image_4198518\" data-content-target=\"\/suc-khoe\/tphcm-ha-noi-nam-trong-7-dia-phuong-co-so-ca-tay-chan-mieng-cao-nhat-20260905073312649.htm\" src=\"https:\/\/www.europesays.com\/fi\/wp-content\/uploads\/2026\/09\/vov09479-edited-1687759380735-1788568232556.png\" \/><\/p>\n<p> Suurin osa k\u00e4si-, jalka- ja suutautia sairastavista lapsista on alle 5-vuotiaita (havainnollistava kuva: KD).<\/p>\n<p> <a class=\"data-link\" data-org-href=\"https:\/\/www.vietnam.vn\/fi\/category\/y-te\" href=\"https:\/\/www.vietnam.vn\/fi\/category\/y-te\" title=\"L\u00e4\u00e4ketieteellinen\" target=\"_blank\" rel=\"nofollow noopener\">Terveysministeri\u00f6<\/a> ennustaa, ett\u00e4 uusien k\u00e4si-, jalka- ja suutautitapausten sek\u00e4 muiden tartuntatautien, kuten denguekuumeen ja Covid-19:n, m\u00e4\u00e4r\u00e4 saattaa jatkaa kasvuaan tulevana aikana.<\/p>\n<p> Uuden lukuvuoden alussa lis\u00e4\u00e4ntyneen tautiepidemioiden riskin vuoksi terveysministeri\u00f6 pyyt\u00e4\u00e4 opetus- ja koulutusministeri\u00f6t\u00e4 sek\u00e4 maakuntien ja kaupunkien kansankomiteoita ohjaamaan paikallisia koulutus- ja terveydenhuoltoaloja toteuttamaan ennakoivasti tautien ehk\u00e4isy- ja torjuntatoimenpiteit\u00e4, erityisesti esikouluissa ja p\u00e4iv\u00e4kodeissa.<\/p>\n<p> Terveysministeri\u00f6 pyyt\u00e4\u00e4 tehostettuja tiedotuskampanjoita, joilla autetaan vanhempia ja opettajia tunnistamaan k\u00e4si-, jalka- ja suutaudin sek\u00e4 muiden tartuntatautien ep\u00e4illyt merkit ja ymm\u00e4rt\u00e4m\u00e4\u00e4n ennaltaehk\u00e4isevi\u00e4 toimenpiteit\u00e4.<\/p>\n<p> Oppilaitosten on varmistettava puhdas ymp\u00e4rist\u00f6, hyvin ilmastoidut luokkahuoneet ja riitt\u00e4v\u00e4 valaistus. P\u00e4iv\u00e4kodeissa ja esikouluissa terveysministeri\u00f6 suosittelee &#8221;kolmen puhtausperiaatteen&#8221; johdonmukaista toteuttamista: puhdas ruoka, puhdas elinymp\u00e4rist\u00f6 ja puhtaat k\u00e4det.<\/p>\n<p> Luokkahuoneet on my\u00f6s siivottava s\u00e4\u00e4nn\u00f6llisesti ja pinnat desinfioitava tautiepidemioiden ehk\u00e4isemiseksi ja torjumiseksi terveysviranomaisten ohjeiden mukaisesti.<\/p>\n<p> Terveysministeri\u00f6 pyysi my\u00f6s opetus- ja koulutusministeri\u00f6t\u00e4 koordinoimaan tiivist\u00e4 yhteisty\u00f6t\u00e4 terveysministeri\u00f6n ja paikallisten terveysviranomaisten kanssa, jotta voidaan havaita, k\u00e4sitell\u00e4 ja ilmoittaa viipym\u00e4tt\u00e4 ja m\u00e4\u00e4r\u00e4ysten mukaisesti tapaukset, joissa lapsilla ja opiskelijoilla ep\u00e4ill\u00e4\u00e4n tai he saavat tartunnan k\u00e4si-, jalka- ja suutaudista tai muista tartuntataudeista.<\/p>\n<p class=\"mb-0\"> L\u00e4hde: https:\/\/dantri.com.vn\/suc-khoe\/tphcm-ha-noi-nam-trong-7-dia-phuong-co-so-ca-tay-chan-mieng-cao-nhat-20260905073312649.htm<\/p>\n","protected":false},"excerpt":{"rendered":"Terveysministeri\u00f6 l\u00e4hetti 4. syyskuuta kiireellisen kirjeen opetus- ja koulutusministeri\u00f6lle sek\u00e4 maakuntien ja kaupunkien kansankomiteoille k\u00e4si-, suu- ja sorkkataudin&hellip;\n","protected":false},"author":2,"featured_media":342608,"comment_status":"","ping_status":"","sticky":false,"template":"","format":"standard","meta":{"footnotes":"","_share_on_mastodon":"0"},"categories":[165],"tags":[33,31,30,166,36710,41408,23957,32,767,167],"class_list":["post-342607","post","type-post","status-publish","format-standard","has-post-thumbnail","category-terveys","tag-fi","tag-finland","tag-finnish","tag-health","tag-ho-chi-minhin-kaupunki","tag-jalka-ja-suutauti","tag-kasi","tag-suomi","tag-tartuntataudit","tag-terveys"],"share_on_mastodon":{"url":"https:\/\/pubeurope.com\/@fi\/117222318465445970","error":""},"_links":{"self":[{"href":"https:\/\/www.europesays.com\/fi\/wp-json\/wp\/v2\/posts\/342607","targetHints":{"allow":["GET"]}}],"collection":[{"href":"https:\/\/www.europesays.com\/fi\/wp-json\/wp\/v2\/posts"}],"about":[{"href":"https:\/\/www.europesays.com\/fi\/wp-json\/wp\/v2\/types\/post"}],"author":[{"embeddable":true,"href":"https:\/\/www.europesays.com\/fi\/wp-json\/wp\/v2\/users\/2"}],"replies":[{"embeddable":true,"href":"https:\/\/www.europesays.com\/fi\/wp-json\/wp\/v2\/comments?post=342607"}],"version-history":[{"count":0,"href":"https:\/\/www.europesays.com\/fi\/wp-json\/wp\/v2\/posts\/342607\/revisions"}],"wp:featuredmedia":[{"embeddable":true,"href":"https:\/\/www.europesays.com\/fi\/wp-json\/wp\/v2\/media\/342608"}],"wp:attachment":[{"href":"https:\/\/www.europesays.com\/fi\/wp-json\/wp\/v2\/media?parent=342607"}],"wp:term":[{"taxonomy":"category","embeddable":true,"href":"https:\/\/www.europesays.com\/fi\/wp-json\/wp\/v2\/categories?post=342607"},{"taxonomy":"post_tag","embeddable":true,"href":"https:\/\/www.europesays.com\/fi\/wp-json\/wp\/v2\/tags?post=342607"}],"curies":[{"name":"wp","href":"https:\/\/api.w.org\/{rel}","templated":true}]}}