{"id":342615,"date":"2026-09-06T05:01:39","date_gmt":"2026-09-06T05:01:39","guid":{"rendered":"https:\/\/www.europesays.com\/fi\/342615\/"},"modified":"2026-09-06T05:01:39","modified_gmt":"2026-09-06T05:01:39","slug":"tanska-aikoo-palauttaa-ensimmaiset-siirtolaiset-palautuskeskuksiin-ensi-vuonna-uutisia-lyhyesti","status":"publish","type":"post","link":"https:\/\/www.europesays.com\/fi\/342615\/","title":{"rendered":"Tanska aikoo palauttaa ensimm\u00e4iset siirtolaiset palautus\u00adkeskuksiin ensi vuonna | Uutisia lyhyesti"},"content":{"rendered":"<p class=\"aw__sc-1qwuw0s-0 aw__sc-1vg2sqm-0 epAWpq ecELkD yle__article__paragraph\">EU hyv\u00e4ksyi hein\u00e4kuussa uudet s\u00e4\u00e4nn\u00f6kset, jotka antavat viranomaisille entist\u00e4 laajemmat valtuudet maasta poistamiseen.<\/p>\n<p><img decoding=\"async\" alt=\"Kolme miest\u00e4 seisoo p\u00f6ytien takana mikrofonien ja pienten lippujen edess\u00e4, taustalla harmaa sein\u00e4.\" src=\"https:\/\/www.europesays.com\/fi\/wp-content\/uploads\/2026\/09\/1788530954.jpeg\" class=\"aw__sc-dklauk-0 LPzKX\"\/><\/p>\n<p>Avaa kuvien katselu<\/p>\n<p>Tanskan, Hollannin ja Kreikan maahanmuutosta vastaavat ministerit Morten Bodskov, Bart van den Brink ja Thanos Plevris tiedotustilaisuudessa K\u00f6\u00f6penhaminassa. Kuva: Liselotte Sabroe \/ AFP<\/p>\n<p class=\"aw__sc-1qwuw0s-0 aw__sc-ngllmo-0 epAWpq fzYpjk yle__article__paragraph\">Tanska valmistautuu palauttamaan ensimm\u00e4iset kielteisen turvapaikkap\u00e4\u00e4t\u00f6ksen saaneet maahanpyrkij\u00e4t ulkomaisiin palautuskeskuksiin ensi vuonna, sanoi maahanmuutosta vastaava ministeri <strong class=\"aw__sc-ngllmo-2 gdRrun yle__article__strong\">Morten Bodskov<\/strong> perjantaina.<\/p>\n<p class=\"aw__sc-1qwuw0s-0 aw__sc-ngllmo-0 epAWpq fzYpjk yle__article__paragraph\">\u2013 T\u00e4m\u00e4 on t\u00e4rke\u00e4 askel kohti nykyist\u00e4 tehokkaampaa turvapaikka- ja siirtolaisuusj\u00e4rjestelm\u00e4\u00e4. Emme hyv\u00e4ksy sit\u00e4, ett\u00e4 Tanskassa laittomasti olevia ulkomaalaisia palkitaan, koska meill\u00e4 on vaikeuksia palauttaa heit\u00e4, ministerin lausunnossa sanottiin.<\/p>\n<p class=\"aw__sc-1qwuw0s-0 aw__sc-ngllmo-0 epAWpq fzYpjk yle__article__paragraph\">Bodskov osallistui perjantaina Saksan, Hollannin, It\u00e4vallan ja Kreikan kollegoidensa kanssa K\u00f6\u00f6penhaminassa pidettyyn kokoukseen, jossa k\u00e4siteltiin palautuskeskuksien perustamista.<\/p>\n<p class=\"aw__sc-1qwuw0s-0 aw__sc-ngllmo-0 epAWpq fzYpjk yle__article__paragraph\">Bodskov sanoi my\u00f6hemmin perjantaina, ett\u00e4 maat pyrkisiv\u00e4t saamaan aikaan sopimuksen, joka alkaisi heti tammikuun ensimm\u00e4isen\u00e4 p\u00e4iv\u00e4n\u00e4.<\/p>\n<p class=\"aw__sc-1qwuw0s-0 aw__sc-ngllmo-0 epAWpq fzYpjk yle__article__paragraph\">Euroopan unioni hyv\u00e4ksyi hein\u00e4kuussa uudet tiukemmat maahanmuuttoa koskevat s\u00e4\u00e4nn\u00f6kset. Ne antavat viranomaisille entist\u00e4 laajemmat valtuudet maasta poistamiseen ja sallivat palautuskeskuksien perustamisen. Ihmisoikeusj\u00e4rjest\u00f6t ovat kritisoineet p\u00e4\u00e4t\u00f6st\u00e4 voimakkaasti.<\/p>\n<p class=\"aw__sc-1qwuw0s-0 aw__sc-ngllmo-0 epAWpq fzYpjk yle__article__paragraph\">Palautuskeskuksien paikkaa ei ole vahvistettu, mutta It\u00e4-Afrikassa sijaitsevat Ruanda ja Uganda on mainittu EU-keskusteluissa.<\/p>\n","protected":false},"excerpt":{"rendered":"EU hyv\u00e4ksyi hein\u00e4kuussa uudet s\u00e4\u00e4nn\u00f6kset, jotka antavat viranomaisille entist\u00e4 laajemmat valtuudet maasta poistamiseen. Avaa kuvien katselu Tanskan, Hollannin&hellip;\n","protected":false},"author":2,"featured_media":342616,"comment_status":"","ping_status":"","sticky":false,"template":"","format":"standard","meta":{"footnotes":"","_share_on_mastodon":"0"},"categories":[14],"tags":[22,23,26,27,33,31,30,17,24,25,3244,28,29,3686,15,18,21,32,1014,19,20,56,16,4645,59,60,61],"class_list":["post-342615","post","type-post","status-publish","format-standard","has-post-thumbnail","category-ulkomaat","tag-breaking-news","tag-breakingnews","tag-featured-news","tag-featurednews","tag-fi","tag-finland","tag-finnish","tag-headlines","tag-latest-news","tag-latestnews","tag-maahanmuutto","tag-main-news","tag-mainnews","tag-muuttoliike","tag-news","tag-otsikot","tag-paauutiset","tag-suomi","tag-tanska","tag-top-stories","tag-topstories","tag-ulkomaat","tag-uutiset","tag-viranomaiset","tag-world","tag-world-news","tag-worldnews"],"share_on_mastodon":{"url":"https:\/\/pubeurope.com\/@fi\/117222342219354004","error":""},"_links":{"self":[{"href":"https:\/\/www.europesays.com\/fi\/wp-json\/wp\/v2\/posts\/342615","targetHints":{"allow":["GET"]}}],"collection":[{"href":"https:\/\/www.europesays.com\/fi\/wp-json\/wp\/v2\/posts"}],"about":[{"href":"https:\/\/www.europesays.com\/fi\/wp-json\/wp\/v2\/types\/post"}],"author":[{"embeddable":true,"href":"https:\/\/www.europesays.com\/fi\/wp-json\/wp\/v2\/users\/2"}],"replies":[{"embeddable":true,"href":"https:\/\/www.europesays.com\/fi\/wp-json\/wp\/v2\/comments?post=342615"}],"version-history":[{"count":0,"href":"https:\/\/www.europesays.com\/fi\/wp-json\/wp\/v2\/posts\/342615\/revisions"}],"wp:featuredmedia":[{"embeddable":true,"href":"https:\/\/www.europesays.com\/fi\/wp-json\/wp\/v2\/media\/342616"}],"wp:attachment":[{"href":"https:\/\/www.europesays.com\/fi\/wp-json\/wp\/v2\/media?parent=342615"}],"wp:term":[{"taxonomy":"category","embeddable":true,"href":"https:\/\/www.europesays.com\/fi\/wp-json\/wp\/v2\/categories?post=342615"},{"taxonomy":"post_tag","embeddable":true,"href":"https:\/\/www.europesays.com\/fi\/wp-json\/wp\/v2\/tags?post=342615"}],"curies":[{"name":"wp","href":"https:\/\/api.w.org\/{rel}","templated":true}]}}