{"id":342637,"date":"2026-09-06T05:49:19","date_gmt":"2026-09-06T05:49:19","guid":{"rendered":"https:\/\/www.europesays.com\/fi\/342637\/"},"modified":"2026-09-06T05:49:19","modified_gmt":"2026-09-06T05:49:19","slug":"sofia-belorf-paljastaa-yllattavat-arjen-valintansa","status":"publish","type":"post","link":"https:\/\/www.europesays.com\/fi\/342637\/","title":{"rendered":"Sofia Bel\u00f3rf paljastaa yll\u00e4tt\u00e4v\u00e4t arjen valintansa"},"content":{"rendered":"<p>\n            2026Sofia BelorfSeiska\/Joni Soila<br \/>\n            Joni Soila\n        <\/p>\n<p class=\"subtitle \">Seurapiirikaunottaren el\u00e4m\u00e4st\u00e4 tuli esiin yll\u00e4tt\u00e4vi\u00e4 seikkoja.<\/p>\n<p class=\"article-content article-content-width !bg-background\">Seurapiirikaunotar  yll\u00e4tt\u00e4\u00e4 arjen valinnoillaan.<\/p>\n<p class=\"font-weight-bold m-font-weight-bold article-content article-content-width !bg-background\">Video: Miljon\u00e4\u00e4rirakas hehkuttaa Sofiaa<\/p>\n<p class=\"article-content article-content-width !bg-background\">Sofia on esitellyt<a href=\"https:\/\/www.instagram.com\/stories\/sofiabelorf\/3978178364232550618\/\" target=\"_blank\" rel=\"nofollow noopener\">\u00a0Instagram-tarinassaan <\/a>kaunistelematonta totuutta arkisesta p\u00e4iv\u00e4st\u00e4\u00e4n.<\/p>\n<p class=\"article-content article-content-width !bg-background\">Aina ei Sofiakaan sy\u00f6 pelk\u00e4st\u00e4\u00e4n luksusravintoloissa, vaan h\u00e4n nautiskelee my\u00f6s marketista napattuja v\u00e4lipaloja.<\/p>\n<p class=\"article-content article-content-width !bg-background\">Vaikka kuvassa onkin keski\u00f6ss\u00e4 paikallisesta kaupasta haettu rasiassa oleva salaatti, on Sofia saanut siihen my\u00f6s ujutettua ylellisyytt\u00e4 mukaan.<\/p>\n<p>Mitk\u00e4 \u00e4\u00e4rip\u00e4\u00e4t!<\/p>\n<p class=\"article-content article-content-width !bg-background\">Katsoja ei voi olla kiinnitt\u00e4m\u00e4tt\u00e4 huomiotaan olalla roikkuvaan \u00f6kylaukkuun, Chanelin Classic Flap Bagiin. Otoksessa on siis muutaman euron salaatin rinnalla tuhansien eurojen luksustuote.<\/p>\n<p class=\"article-content article-content-width !bg-background\">Mit\u00e4 Sofian v\u00e4lipalasalaattiin sitten kuuluu? Sofian makumieltymykset paljastuvat rasian kannesta, sill\u00e4 sis\u00e4ll\u00e4 on sen mukaan sweet chili -kanaa sek\u00e4 kuskusta\u00a0 ja parsakaalisalaattia.\u00a0<\/p>\n<p class=\"article-content article-content-width !bg-background\">Sofia asustelee rillimiljon\u00e4\u00e4rikultansa kanssa Dubaissa upeassa tornitalossa.\u00a0Esill\u00e4 olevista sometarinoista n\u00e4kee, ettei kyse ole mist\u00e4\u00e4n pienest\u00e4 t\u00f6n\u00f6st\u00e4 keskell\u00e4 peltoa, vaan valtavasta luksustalosta.<\/p>\n<p>        <a itemprop=\"url\" href=\"https:\/\/www.seiska.fi\/vain-seiskassa\/nyt-puhuu-sofia-belorf-totuus-raha-asioista-julki\/2249960\" rel=\"nofollow noopener\" target=\"_blank\"><\/p>\n<p>\nNyt puhuu Sofia Bel\u00f3rf!\n<\/p>\n<p class=\"section-date\">\n        <strong class=\"article-section\" data-section=\"vain seiskassa\"><br \/>\n            vain seiskassa<br \/>\n        <\/strong><br \/>\n        2.9. 06:30\n    <\/p>\n<p>Nyt puhuu Sofia Bel\u00f3rf! Totuus raha-asioista julki\n    <\/p>\n<p itemprop=\"description\" class=\"subtitle \">\n    Dubaissa asuva kaunotar oli aiemmin ulosotossa.\n<\/p>\n<p>        <\/a><\/p>\n<p>S\u00f6p\u00f6t naapurit<\/p>\n<p class=\"article-content article-content-width !bg-background\">Sofia on esitellyt pilvenpiirt\u00e4j\u00e4n aulaa, jossa on n\u00e4ytt\u00e4v\u00e4 sein\u00e4 ja korkeat ikkunat.<\/p>\n<p class=\"article-content article-content-width !bg-background\">\u2013 Kaunein kotiintuloaula, Sofia hehkuttaa.<\/p>\n<p class=\"article-content article-content-width !bg-background\">Tarinoista my\u00f6s k\u00e4y ilmi, ett\u00e4 h\u00e4nell\u00e4 on ihastuttavia &#8221;naapureita&#8221; seuranaan.<\/p>\n<p class=\"article-content article-content-width !bg-background\">\u2013 &#8230;ja s\u00f6p\u00f6imm\u00e4t naapurit, Sofia on kirjoittanut videon oheen.<\/p>\n<p class=\"article-content article-content-width !bg-background\">Videolla n\u00e4kyy kaksi kissaa nautiskelemassa ruuastaan. Tarinat on kuvattu jo pime\u00e4n laskeuduttua kaupungin ylle.\u00a0<\/p>\n<p>        <a itemprop=\"url\" href=\"https:\/\/www.seiska.fi\/kotimaa\/sofia-belorfin-tilanne-puhuttaa-minne-katosi-jeff-rakas\/2239861\" rel=\"nofollow noopener\" target=\"_blank\"><\/p>\n<p>\nSofia Bel\u00f3rfin tilanne puhuttaa\n<\/p>\n<p class=\"section-date\">\n        <strong class=\"article-section\" data-section=\"kotimaa\"><br \/>\n            kotimaa<br \/>\n        <\/strong><br \/>\n        24.8. 05:00\n    <\/p>\n<p>Sofia Bel\u00f3rfin tilanne puhuttaa \u2013 minne katosi Jeff-rakas?\n    <\/p>\n<p itemprop=\"description\" class=\"subtitle \">\n    Jeff n\u00e4htiin kev\u00e4\u00e4ll\u00e4 Sofian tv-sarjassa.\n<\/p>\n<p>        <\/a><\/p>\n<p><script async src=\"\/\/www.instagram.com\/embed.js\"><\/script><\/p>\n","protected":false},"excerpt":{"rendered":"2026Sofia BelorfSeiska\/Joni Soila Joni Soila Seurapiirikaunottaren el\u00e4m\u00e4st\u00e4 tuli esiin yll\u00e4tt\u00e4vi\u00e4 seikkoja. Seurapiirikaunotar yll\u00e4tt\u00e4\u00e4 arjen valinnoillaan. Video: Miljon\u00e4\u00e4rirakas hehkuttaa&hellip;\n","protected":false},"author":2,"featured_media":342638,"comment_status":"","ping_status":"","sticky":false,"template":"","format":"standard","meta":{"footnotes":"","_share_on_mastodon":"0"},"categories":[130],"tags":[542,9623,6828,2589,137,33,31,30,13828,2758,32,109],"class_list":["post-342637","post","type-post","status-publish","format-standard","has-post-thumbnail","category-viihde","tag-asuminen","tag-chanel","tag-dubai","tag-elamantyyli","tag-entertainment","tag-fi","tag-finland","tag-finnish","tag-luksus","tag-sofia-belorf","tag-suomi","tag-viihde"],"share_on_mastodon":{"url":"https:\/\/pubeurope.com\/@fi\/117222530446996221","error":""},"_links":{"self":[{"href":"https:\/\/www.europesays.com\/fi\/wp-json\/wp\/v2\/posts\/342637","targetHints":{"allow":["GET"]}}],"collection":[{"href":"https:\/\/www.europesays.com\/fi\/wp-json\/wp\/v2\/posts"}],"about":[{"href":"https:\/\/www.europesays.com\/fi\/wp-json\/wp\/v2\/types\/post"}],"author":[{"embeddable":true,"href":"https:\/\/www.europesays.com\/fi\/wp-json\/wp\/v2\/users\/2"}],"replies":[{"embeddable":true,"href":"https:\/\/www.europesays.com\/fi\/wp-json\/wp\/v2\/comments?post=342637"}],"version-history":[{"count":0,"href":"https:\/\/www.europesays.com\/fi\/wp-json\/wp\/v2\/posts\/342637\/revisions"}],"wp:featuredmedia":[{"embeddable":true,"href":"https:\/\/www.europesays.com\/fi\/wp-json\/wp\/v2\/media\/342638"}],"wp:attachment":[{"href":"https:\/\/www.europesays.com\/fi\/wp-json\/wp\/v2\/media?parent=342637"}],"wp:term":[{"taxonomy":"category","embeddable":true,"href":"https:\/\/www.europesays.com\/fi\/wp-json\/wp\/v2\/categories?post=342637"},{"taxonomy":"post_tag","embeddable":true,"href":"https:\/\/www.europesays.com\/fi\/wp-json\/wp\/v2\/tags?post=342637"}],"curies":[{"name":"wp","href":"https:\/\/api.w.org\/{rel}","templated":true}]}}