{"id":342661,"date":"2026-09-06T06:35:12","date_gmt":"2026-09-06T06:35:12","guid":{"rendered":"https:\/\/www.europesays.com\/fi\/342661\/"},"modified":"2026-09-06T06:35:12","modified_gmt":"2026-09-06T06:35:12","slug":"alvar-aalto-suunnitteli-jyvasseudusta-pohjolan-firenzea-rakkaus-italiaan-nakyy-erityisesti-saynatsalossa-keski-suomi","status":"publish","type":"post","link":"https:\/\/www.europesays.com\/fi\/342661\/","title":{"rendered":"Alvar Aalto suunnitteli Jyv\u00e4sseudusta Pohjolan Firenze\u00e4 \u2013 rakkaus Italiaan n\u00e4kyy erityisesti S\u00e4yn\u00e4tsalossa | Keski-Suomi"},"content":{"rendered":"<p>Italia, maan el\u00e4m\u00e4ntapa, arkkitehtuuri ja maisemat olivat <strong>Alvar<\/strong>, <strong>Aino<\/strong> ja <strong>Elissa Aallolle<\/strong> t\u00e4rkein vaikutteiden antaja, italialainen arkkitehtuurihistorioitsija <strong>Luca Placci<\/strong> sanoo.<\/p>\n<p>\u2013\u2009Italia merkitsi heid\u00e4n jokaisessa el\u00e4m\u00e4nvaiheessa jotakin erilaista, mutta aina se s\u00e4ilyi kiintopisteen\u00e4 kaikille kolmelle. Erityisesti Alvar Aallon uran alkuaikoina Italia oli h\u00e4nelle kaikista merkitt\u00e4vin esikuva.<\/p>\n<p>Aino oli Alvarin ensimm\u00e4inen vaimo. H\u00e4nen kuolemansa j\u00e4lkeen Alvar oli avioliitossa Elissan kanssa.<\/p>\n<p>Firenzen ja Genovan yliopistoissa opettava Placci pit\u00e4\u00e4 syyskuun toisella viikolla Jyv\u00e4skyl\u00e4ss\u00e4, S\u00e4yn\u00e4tsalossa sek\u00e4 Muuramessa luentoja Alvar Aallosta ja Aaltojen suhteesta Italiaan. Placcin v\u00e4it\u00f6sty\u00f6 keskittyi Alvar Aallon uran varhaisvaiheisiin sek\u00e4 Aallon ajatukseen Jyv\u00e4skyl\u00e4st\u00e4 Pohjolan Firenzen\u00e4.<\/p>\n","protected":false},"excerpt":{"rendered":"Italia, maan el\u00e4m\u00e4ntapa, arkkitehtuuri ja maisemat olivat Alvar, Aino ja Elissa Aallolle t\u00e4rkein vaikutteiden antaja, italialainen arkkitehtuurihistorioitsija Luca&hellip;\n","protected":false},"author":2,"featured_media":342662,"comment_status":"","ping_status":"","sticky":false,"template":"","format":"standard","meta":{"footnotes":"","_share_on_mastodon":"0"},"categories":[135],"tags":[389,387,388,390,137,33,31,30,425,426,753,108,7082,32,394,393,391,392,2107,109],"class_list":["post-342661","post","type-post","status-publish","format-standard","has-post-thumbnail","category-taiteet-ja-suunnittelu","tag-arts","tag-arts-and-design","tag-artsanddesign","tag-design","tag-entertainment","tag-fi","tag-finland","tag-finnish","tag-jyvaskyla","tag-jyvaskylan-yliopisto","tag-kausimarjat","tag-kulttuuri","tag-kulttuuriala","tag-suomi","tag-suunnittelu","tag-taiteet","tag-taiteet-ja-suunnittelu","tag-taiteetsuunnittelu","tag-vapaa-aika","tag-viihde"],"share_on_mastodon":{"url":"https:\/\/pubeurope.com\/@fi\/117222711251312581","error":""},"_links":{"self":[{"href":"https:\/\/www.europesays.com\/fi\/wp-json\/wp\/v2\/posts\/342661","targetHints":{"allow":["GET"]}}],"collection":[{"href":"https:\/\/www.europesays.com\/fi\/wp-json\/wp\/v2\/posts"}],"about":[{"href":"https:\/\/www.europesays.com\/fi\/wp-json\/wp\/v2\/types\/post"}],"author":[{"embeddable":true,"href":"https:\/\/www.europesays.com\/fi\/wp-json\/wp\/v2\/users\/2"}],"replies":[{"embeddable":true,"href":"https:\/\/www.europesays.com\/fi\/wp-json\/wp\/v2\/comments?post=342661"}],"version-history":[{"count":0,"href":"https:\/\/www.europesays.com\/fi\/wp-json\/wp\/v2\/posts\/342661\/revisions"}],"wp:featuredmedia":[{"embeddable":true,"href":"https:\/\/www.europesays.com\/fi\/wp-json\/wp\/v2\/media\/342662"}],"wp:attachment":[{"href":"https:\/\/www.europesays.com\/fi\/wp-json\/wp\/v2\/media?parent=342661"}],"wp:term":[{"taxonomy":"category","embeddable":true,"href":"https:\/\/www.europesays.com\/fi\/wp-json\/wp\/v2\/categories?post=342661"},{"taxonomy":"post_tag","embeddable":true,"href":"https:\/\/www.europesays.com\/fi\/wp-json\/wp\/v2\/tags?post=342661"}],"curies":[{"name":"wp","href":"https:\/\/api.w.org\/{rel}","templated":true}]}}