{"id":342663,"date":"2026-09-06T06:41:14","date_gmt":"2026-09-06T06:41:14","guid":{"rendered":"https:\/\/www.europesays.com\/fi\/342663\/"},"modified":"2026-09-06T06:41:14","modified_gmt":"2026-09-06T06:41:14","slug":"keihaanheiton-maailmanmestari-alkoholisoitui-ja-menetti-kaiken-nain-han-voi-nyt","status":"publish","type":"post","link":"https:\/\/www.europesays.com\/fi\/342663\/","title":{"rendered":"Keih\u00e4\u00e4nheiton maailmanmestari alkoholisoitui ja menetti kaiken \u2013 N\u00e4in h\u00e4n voi nyt"},"content":{"rendered":"<p>Andrus V\u00e4rniki\u00e4, 48, on kutsuttu Viron Matti Nyk\u00e4seksi.<\/p>\n<p><img decoding=\"async\" class=\"image image-show image-preview\" src=\"https:\/\/www.europesays.com\/fi\/wp-content\/uploads\/2026\/09\/1d578c19f04cd2ea29fc52ec00b28f724fb5907acd7c64a642ea5a6f1537fa0b.jpg\" alt=\"\"\/><img decoding=\"async\" class=\"image image-show\" src=\"https:\/\/www.europesays.com\/fi\/wp-content\/uploads\/2026\/09\/1788676874_320_1d578c19f04cd2ea29fc52ec00b28f724fb5907acd7c64a642ea5a6f1537fa0b.jpg\" alt=\"\"\/><\/p>\n<p>Keih\u00e4\u00e4nheiton vuoden 2005 maailmanmestari Andrus V\u00e4rnik on toipuva alkoholisti. EPA \/ AOP<\/p>\n<p class=\"paragraph\">\u2013 <strong>Andrus V\u00e4rnikille<\/strong> tuli paniikkih\u00e4iri\u00f6 vuosien 2005\u201306 aikana. H\u00e4n alkoi l\u00e4\u00e4kit\u00e4 sit\u00e4 ottamalla viinapaukkuja. Siit\u00e4 se kierre l\u00e4hti.<\/p>\n<p class=\"paragraph\">Niin muistelee Viron keih\u00e4ssankarin entinen manageri <strong>Aivar Karotamm<\/strong>.<\/p>\n<p class=\"paragraph\">V\u00e4rnik voitti keih\u00e4\u00e4nheiton MM-hopeaa 2003 Pariisissa ja kultaa Helsingiss\u00e4 kaksi vuotta my\u00f6hemmin.<\/p>\n<p class=\"paragraph\">Melko pian maailmanmestaruuden j\u00e4lkeen alkoi rankka alam\u00e4ki.<\/p>\n<p class=\"paragraph\">\u2013 H\u00e4n joi kymmenen vuotta, Karotamm kuvailee.<\/p>\n<p class=\"paragraph\">V\u00e4rnik kertoi viime vuonna julkaistussa dokumenttielokuvassa, ett\u00e4 vuonna 2009 h\u00e4n kippasi usean kuukauden ajan joka p\u00e4iv\u00e4 litran vodkapullon kurkustaan alas.<\/p>\n<p class=\"paragraph\">\u2013 J\u00e4lkik\u00e4teen ajateltuna se oli aika julmaa: join 30 litraa vodkaa kuukaudessa, V\u00e4rnik kommentoi.<\/p>\n<p class=\"paragraph\">\u2013 Silloin minulle tuli masennus, suru ja muut asiat. Se oli kamalaa, koska olin koko ajan humalassa ja halusin aina humaltua lis\u00e4\u00e4, h\u00e4n kertoi.<\/p>\n<p class=\"paragraph\">V\u00e4rniki\u00e4 kutsuttiin etel\u00e4naapurin mediassa Viron <strong>Matti Nyk\u00e4seksi<\/strong>.<\/p>\n<p>Kaikki meni<\/p>\n<p>Iltalehti tapasi Andrus V\u00e4rnikin entisen managerin Aivar Karotammin (kuvassa) torstaina Tuusulassa. Santtu Silvennoinen<\/p>\n<p class=\"paragraph\">Urheilumenestyksest\u00e4 palkitaan Virossa hyvin avok\u00e4tisesti. V\u00e4rnik tienasi kahdesta MM-mitalistaan yhteens\u00e4 satojentuhansien eurojen omaisuuden.<\/p>\n<p class=\"paragraph\">\u2013 Kaikki meni, Karotamm paljastaa.<\/p>\n<p class=\"paragraph\">V\u00e4rnik joutui muun muassa myym\u00e4\u00e4n rahapulassaan hulppean talonsa Tallinnasta. Vuonna 2010 h\u00e4n k\u00e4r\u00e4hti ratista kotimaassaan.<\/p>\n<p class=\"paragraph\">2010-luvun alkupuoliskolla virolainen ty\u00f6skenteli Suomessa rakennusmiehen\u00e4, kunnes sai l\u00e4ht\u00f6passit k\u00e4ytetty\u00e4\u00e4n viinaa ty\u00f6aikana.<\/p>\n<p>Saturaatiopiste<\/p>\n<p>Andrus V\u00e4rnik kilpaili vuonna 2006 Tampereella. Jo tuolloin h\u00e4nell\u00e4 oli ongelmia alkoholin kanssa. Kari Kuukka<\/p>\n<p class=\"paragraph\">Saturaatiopiste tapahtui vuonna 2014, kun mies sai kahden vuoden ja kuukauden ehdollisen vankeustuomion toistuvista pahoinpitelyist\u00e4. Uhrina oli entinen naisyst\u00e4v\u00e4.<\/p>\n<p class=\"paragraph\">Tuomioon sis\u00e4ltyi pakkohoitokeinona terapiaistunnot. Lis\u00e4ksi V\u00e4rnik m\u00e4\u00e4r\u00e4ttiin p\u00e4ihteett\u00f6m\u00e4\u00e4n el\u00e4m\u00e4\u00e4n, sill\u00e4 muuten tuomio muuttuu ehdottomaksi.<\/p>\n<p class=\"paragraph\">\u2013 Andrus on ollut nyt kymmenkunta vuotta raittiina, Karotamm tiet\u00e4\u00e4.<\/p>\n<p class=\"paragraph\">Terapiaistunnot ja katkaisuhoito auttoivat.<\/p>\n<p class=\"paragraph\">\u2013 Jossain m\u00e4\u00e4rin jokainen p\u00e4iv\u00e4 on kamppailua. Mutta en taistele hermostuneesti. Pysyn valmiina ja positiivisena. Vaikka olisin hetken surullinen, suru menee ohi. On eritt\u00e4in t\u00e4rke\u00e4\u00e4 nauttia jokaisesta hetkest\u00e4 ja jokaisesta p\u00e4iv\u00e4st\u00e4, V\u00e4rnik toteaa dokumentissa.<\/p>\n<p class=\"paragraph\">Keih\u00e4smies muutti viime vuosikymmenell\u00e4 asumaan \u00e4itins\u00e4 kanssa lapsuudenkotiinsa Etel\u00e4-Viron Antslaan.<\/p>\n<p class=\"paragraph\">H\u00e4n on viime vuosina ollut mukana paikallisessa yleisurheiluvalmennuksessa.<\/p>\n<p class=\"paragraph\">\u2013 Joku sanoo, ettei Andrus ole normaali ihminen. Min\u00e4 sanon, ettei yksil\u00f6lajin absoluuttinen huippu-urheilija voi olla ihan normaali tapaus, managerin t\u00f6it\u00e4 1980-luvun lopusta l\u00e4htien tehnyt Karotamm naurahtaa.<\/p>\n<p>Pitk\u00e4m\u00e4ki pehmeni<\/p>\n<p class=\"paragraph\">Karotamm my\u00f6t\u00e4vaikutti vahvasti, ett\u00e4 V\u00e4rnikist\u00e4 tuli keih\u00e4smestari.<\/p>\n<p class=\"paragraph\">\u2013 Sanoin 2000-luvun alussa Andrukselle, ett\u00e4 sinulla on ihan hyv\u00e4 valmentaja, mutta olette j\u00e4m\u00e4ht\u00e4neet 80 metriin. Valmentajallasi ei ole ev\u00e4it\u00e4 auttaa sinua pidemm\u00e4lle.<\/p>\n<p class=\"paragraph\">Uudeksi luotsiksi tuli maineikas virolaisluotsi <strong>Heino Puuste<\/strong>.<\/p>\n<p class=\"paragraph\">\u2013 Andrus teki viimeisell\u00e4 mahdollisella hetkell\u00e4 MM-rajan ja p\u00e4\u00e4si vuonna 2003 Pariisin. Vuotta my\u00f6hemmin h\u00e4n olisi ollut kultamitalikunnossa Ateenan olympialaisissa, mutta kolme viikkoa ennen kisoja tullut nilkkavamma pilasi paljon.<\/p>\n<p class=\"paragraph\">Vuoden 2005 MM-kulta oli pedattu <strong>Tero Pitk\u00e4m\u00e4elle<\/strong>, mutta suomalainen j\u00e4i sateisella Olympiastadionilla nelj\u00e4nneksi (81,27). V\u00e4rnikin kultaheitto kantoi 87,17 metri\u00e4.<\/p>\n<p class=\"paragraph\">\u2013 Sanoin ennen kilpailua, ett\u00e4 Pitk\u00e4m\u00e4ki h\u00e4vi\u00e4\u00e4, koska paine on liian kova, Karotamm paljastaa.<\/p>\n","protected":false},"excerpt":{"rendered":"Andrus V\u00e4rniki\u00e4, 48, on kutsuttu Viron Matti Nyk\u00e4seksi. Keih\u00e4\u00e4nheiton vuoden 2005 maailmanmestari Andrus V\u00e4rnik on toipuva alkoholisti. EPA&hellip;\n","protected":false},"author":2,"featured_media":342664,"comment_status":"","ping_status":"","sticky":false,"template":"","format":"standard","meta":{"footnotes":"","_share_on_mastodon":"0"},"categories":[158],"tags":[35,33,31,30,41,2666,694,159,32,160,161,162],"class_list":["post-342663","post","type-post","status-publish","format-standard","has-post-thumbnail","category-urheilu","tag-24h","tag-fi","tag-finland","tag-finnish","tag-liikunta-ja-urheilu","tag-olympia","tag-paihteet","tag-sports","tag-suomi","tag-urheilu","tag-urheilutapahtumat","tag-yleisurheilu"],"share_on_mastodon":{"url":"https:\/\/pubeurope.com\/@fi\/117222735339520899","error":""},"_links":{"self":[{"href":"https:\/\/www.europesays.com\/fi\/wp-json\/wp\/v2\/posts\/342663","targetHints":{"allow":["GET"]}}],"collection":[{"href":"https:\/\/www.europesays.com\/fi\/wp-json\/wp\/v2\/posts"}],"about":[{"href":"https:\/\/www.europesays.com\/fi\/wp-json\/wp\/v2\/types\/post"}],"author":[{"embeddable":true,"href":"https:\/\/www.europesays.com\/fi\/wp-json\/wp\/v2\/users\/2"}],"replies":[{"embeddable":true,"href":"https:\/\/www.europesays.com\/fi\/wp-json\/wp\/v2\/comments?post=342663"}],"version-history":[{"count":0,"href":"https:\/\/www.europesays.com\/fi\/wp-json\/wp\/v2\/posts\/342663\/revisions"}],"wp:featuredmedia":[{"embeddable":true,"href":"https:\/\/www.europesays.com\/fi\/wp-json\/wp\/v2\/media\/342664"}],"wp:attachment":[{"href":"https:\/\/www.europesays.com\/fi\/wp-json\/wp\/v2\/media?parent=342663"}],"wp:term":[{"taxonomy":"category","embeddable":true,"href":"https:\/\/www.europesays.com\/fi\/wp-json\/wp\/v2\/categories?post=342663"},{"taxonomy":"post_tag","embeddable":true,"href":"https:\/\/www.europesays.com\/fi\/wp-json\/wp\/v2\/tags?post=342663"}],"curies":[{"name":"wp","href":"https:\/\/api.w.org\/{rel}","templated":true}]}}