{"id":342665,"date":"2026-09-06T06:42:13","date_gmt":"2026-09-06T06:42:13","guid":{"rendered":"https:\/\/www.europesays.com\/fi\/342665\/"},"modified":"2026-09-06T06:42:13","modified_gmt":"2026-09-06T06:42:13","slug":"anna-anna-erikssonin-salamarakastui-kihloihin-kuukaudessa","status":"publish","type":"post","link":"https:\/\/www.europesays.com\/fi\/342665\/","title":{"rendered":"Anna: Anna Erikssonin salamarakastui &#8211; kihloihin kuukaudessa"},"content":{"rendered":"<p>            Matti Matikainen\n        <\/p>\n<p class=\"subtitle \">Anna rakastui valokuvaajaansa.<\/p>\n<p class=\"article-content article-content-width !bg-background\">Nykyisin ohjaajana tunnettava laulajat\u00e4hti  on ollut puolisonsa  kanssa yhdess\u00e4 pian 20 vuotta.<\/p>\n<p class=\"font-weight-bold m-font-weight-bold article-content article-content-width !bg-background\">Katso my\u00f6s! Julkkisten kes\u00e4ty\u00f6t ennen kuuluisuutta:<\/p>\n<p class=\"article-content article-content-width !bg-background\">Anna kertoo <a href=\"https:\/\/anna.fi\/ihmiset\/anna-eriksson-ja-matti-puoliso\" target=\"_blank\" rel=\"nofollow noopener\">Anna-lehden tuoreessa haastattelussa<\/a> suhteen alkaneen t\u00f6iden merkeiss\u00e4, kun Matti otti kuvat Annan vuonna 2007 ilmestyneeseen Ihode-albumiin.<\/p>\n<p class=\"article-content article-content-width !bg-background\"> \u2013 El\u00e4m\u00e4ni py\u00f6ri siihen aikaan tiiviisti t\u00f6iden ymp\u00e4rill\u00e4, enk\u00e4 tavannut muita kuin muusikoita ja valokuvaajia. Matti tuli ottamaan kuvat levyni kanteen. Amorina toimi vanha koulukaverini, joka kehotti valitsemaan kuvaajaksi Matin, koska t\u00e4m\u00e4 oli kuulemma tosi hyv\u00e4. Ja hyv\u00e4ksi h\u00e4n osoittautuikin, Anna paljastaa lehdelle naurahtaen.<\/p>\n<p>        <a itemprop=\"url\" href=\"https:\/\/www.seiska.fi\/kotimaa\/anna-erikssonin-47-ronski-kuva-kuumottaa\/1508176\" rel=\"nofollow noopener\" target=\"_blank\"><\/p>\n<p class=\"section-date\">\n        <strong class=\"article-section\" data-section=\"kotimaa\"><br \/>\n            kotimaa<br \/>\n        <\/strong><br \/>\n        2.11.2024 11:30\n    <\/p>\n<p>Anna Erikssonin, 47, ronski kuva kuumottaa\n    <\/p>\n<p itemprop=\"description\" class=\"subtitle \">\n    Anna esittelee kuvassa harvinaisen lyhytt\u00e4 minimekkoaan.\n<\/p>\n<p>        <\/a><\/p>\n<p>                <img decoding=\"async\" src=\"https:\/\/www.europesays.com\/fi\/wp-content\/uploads\/2026\/09\/2254013.webp\" width=\"576\" height=\"720\" alt=\"Anna Jussi-gaalassa maaliskuussa 2026.\" loading=\"lazy\" \/>            <\/p>\n<p>\n            Anna Jussi-gaalassa maaliskuussa 2026.<br \/>\n            Matti Matikainen\n        <\/p>\n<p class=\"article-content article-content-width !bg-background\">Kaksikko rakastui ensi-silm\u00e4yksell\u00e4, ja suhde eteni nopeasti.\u00a0Kihlat vaihdettiin vain kuukauden yhdess\u00e4olon j\u00e4lkeen.<\/p>\n<p class=\"article-content article-content-width !bg-background\">Pari avioitui elokuussa 2008, ja poika  syntyi vuonna 2013.<\/p>\n<p>Perheen yhteiset elokuvaprojektit<\/p>\n<p class=\"article-content article-content-width !bg-background\">Anna tunnettiin 2000-luvun alussa suurta suosiota nostattaneena iskelm\u00e4artistina, jonka ikivihre\u00e4t klassikot Kun katsoit minuun, Kaikista kasvoista ja Juliet ja Joonatan ovat j\u00e4\u00e4neet soimaan.<\/p>\n<p class=\"article-content article-content-width !bg-background\">Usean kulta- ja platinalevyn\u00a0mittainen musiikkiura tuli kuitenkin toistaiseksi p\u00e4\u00e4t\u00f6kseens\u00e4 julkaisujen osalta 2010-luvulla, kun menestyslaulaja l\u00e4hti uudelle uralle elokuvien pariin. <\/p>\n<p>                <img decoding=\"async\" src=\"https:\/\/www.europesays.com\/fi\/wp-content\/uploads\/2026\/09\/2254015.webp\" width=\"576\" height=\"720\" alt=\"Anna oli yksi 2010-luvun suosituimmista iskelm\u00e4t\u00e4hdist\u00e4. Kuva vuodelta 2012.\" loading=\"lazy\" \/>            <\/p>\n<p>\n            Anna oli yksi 2010-luvun suosituimmista iskelm\u00e4t\u00e4hdist\u00e4. Kuva vuodelta 2012.<br \/>\n            Seiskan arkisto\n        <\/p>\n<p class=\"article-content article-content-width !bg-background\">Anna on saanut alanvaihdokseen tukea perheelt\u00e4\u00e4n.\u00a0Matti on toiminut Annan elokuvaprojekteissa tuottajana ja kuvaajana. My\u00f6s poika Jooseppi on osallistunut vanhempiensa tuotantoihin esiintyj\u00e4n\u00e4.<\/p>\n<p>Musiikkia elokuvien rinnalla<\/p>\n<p class=\"article-content article-content-width !bg-background\">Anna juhlistaa ensi vuonna 30-vuotista taiteilijauraasa festivaalikeikoin.<\/p>\n<p class=\"article-content article-content-width !bg-background\">Anna keikkailee edelleen aktiivisesti ja kertookin lehdelle musiikin olevan edelleen suuri osa h\u00e4nen el\u00e4m\u00e4\u00e4ns\u00e4 elokuvien rinnalla.<\/p>\n<p class=\"article-content article-content-width !bg-background\"> \u2013 Laulaminen on niin syv\u00e4ll\u00e4 kehossani, etten voi koskaan luopua siit\u00e4. On nykyp\u00e4iv\u00e4\u00e4, ett\u00e4 ihmiset tekev\u00e4t monenlaisia asioita. Kaikki taiteenlajit ovat aina kiinnostaneet minua. Rakastan my\u00f6s maalaamista. Luova ty\u00f6 erilaisine projekteineen sopii minulle, koska kyll\u00e4styn nopeasti. On hienoa, ett\u00e4 minulla on t\u00e4ss\u00e4 el\u00e4m\u00e4nvaiheessa aikaa kaikelle t\u00e4lle. <\/p>\n<p>        <a itemprop=\"url\" href=\"https:\/\/www.seiska.fi\/kotimaa\/oho-talta-anna-eriksson-47-nayttaa-nykyaan\/1424502\" rel=\"nofollow noopener\" target=\"_blank\"><\/p>\n<p class=\"section-date\">\n        <strong class=\"article-section\" data-section=\"kotimaa\"><br \/>\n            kotimaa<br \/>\n        <\/strong><br \/>\n        5.8.2024 19:29\n    <\/p>\n<p>Oho! T\u00e4lt\u00e4 Anna Eriksson, 47, n\u00e4ytt\u00e4\u00e4 nyky\u00e4\u00e4n\n    <\/p>\n<p itemprop=\"description\" class=\"subtitle \">\n    Esiintymislavoilta pois ollut Anna h\u00e4tk\u00e4hdytt\u00e4\u00e4 tuoreella kuvallaan.\n<\/p>\n<p>        <\/a><\/p>\n","protected":false},"excerpt":{"rendered":"Matti Matikainen Anna rakastui valokuvaajaansa. Nykyisin ohjaajana tunnettava laulajat\u00e4hti on ollut puolisonsa kanssa yhdess\u00e4 pian 20 vuotta. Katso&hellip;\n","protected":false},"author":2,"featured_media":342666,"comment_status":"","ping_status":"","sticky":false,"template":"","format":"standard","meta":{"footnotes":"","_share_on_mastodon":"0"},"categories":[130],"tags":[4213,42214,137,33,31,30,212,42215,7111,98,32,109],"class_list":["post-342665","post","type-post","status-publish","format-standard","has-post-thumbnail","category-viihde","tag-anna-eriksson","tag-elokuvaprojektit","tag-entertainment","tag-fi","tag-finland","tag-finnish","tag-lifestyle","tag-matti-pyyko","tag-musiikkiura","tag-perhe","tag-suomi","tag-viihde"],"share_on_mastodon":{"url":"https:\/\/pubeurope.com\/@fi\/117222738780999068","error":""},"_links":{"self":[{"href":"https:\/\/www.europesays.com\/fi\/wp-json\/wp\/v2\/posts\/342665","targetHints":{"allow":["GET"]}}],"collection":[{"href":"https:\/\/www.europesays.com\/fi\/wp-json\/wp\/v2\/posts"}],"about":[{"href":"https:\/\/www.europesays.com\/fi\/wp-json\/wp\/v2\/types\/post"}],"author":[{"embeddable":true,"href":"https:\/\/www.europesays.com\/fi\/wp-json\/wp\/v2\/users\/2"}],"replies":[{"embeddable":true,"href":"https:\/\/www.europesays.com\/fi\/wp-json\/wp\/v2\/comments?post=342665"}],"version-history":[{"count":0,"href":"https:\/\/www.europesays.com\/fi\/wp-json\/wp\/v2\/posts\/342665\/revisions"}],"wp:featuredmedia":[{"embeddable":true,"href":"https:\/\/www.europesays.com\/fi\/wp-json\/wp\/v2\/media\/342666"}],"wp:attachment":[{"href":"https:\/\/www.europesays.com\/fi\/wp-json\/wp\/v2\/media?parent=342665"}],"wp:term":[{"taxonomy":"category","embeddable":true,"href":"https:\/\/www.europesays.com\/fi\/wp-json\/wp\/v2\/categories?post=342665"},{"taxonomy":"post_tag","embeddable":true,"href":"https:\/\/www.europesays.com\/fi\/wp-json\/wp\/v2\/tags?post=342665"}],"curies":[{"name":"wp","href":"https:\/\/api.w.org\/{rel}","templated":true}]}}