{"id":342667,"date":"2026-09-06T06:45:17","date_gmt":"2026-09-06T06:45:17","guid":{"rendered":"https:\/\/www.europesays.com\/fi\/342667\/"},"modified":"2026-09-06T06:45:17","modified_gmt":"2026-09-06T06:45:17","slug":"suomessa-eun-korkein-tyottomyys-mtv-uutiset","status":"publish","type":"post","link":"https:\/\/www.europesays.com\/fi\/342667\/","title":{"rendered":"Suomessa EU:n korkein ty\u00f6tt\u00f6myys | MTV Uutiset"},"content":{"rendered":"<p><strong class=\"typography-bold\">Suomessa on edelleen eniten ty\u00f6tt\u00f6mi\u00e4 koko EU-alueella, ilmenee Eurostatin tuoreimmasta tilastosta.\u00a0<\/strong><\/p>\n<p>Tuoreimman <a class=\"underline\" data-testid=\"external-link\" href=\"https:\/\/ec.europa.eu\/eurostat\/databrowser\/view\/UNE_RT_M__custom_7680578\/bookmark\/bar?lang=en&amp;bookmarkId=2feeff57-57c9-4278-a50b-7e2279d699c2&amp;c=1696497606157\" rel=\"noopener nofollow\" target=\"_blank\">Eurostatin tiedon<\/a> eli hein\u00e4kuun tilaston mukaan Suomen ty\u00f6tt\u00f6myysaste on 10,5 prosenttia. Korkeimmillaan Suomen ty\u00f6tt\u00f6myysaste k\u00e4vi t\u00e4m\u00e4n vuoden toukokuussa, 10,8. <a class=\"underline\" data-testid=\"external-link\" href=\"https:\/\/stat.fi\/fi\/indikaattori\/tyottomyysaste\" rel=\"noopener nofollow\" target=\"_blank\">Tilastokeskuksen<\/a> mukaan luku oli viel\u00e4kin korkeampi: 12,7 \u2013 korkein koko Tilastokeskuksen vuoteen 2010 asti ulottuvassa tilastossa.<\/p>\n<p>Eurostatin ja Tilastokeskuksen ty\u00f6tt\u00f6myysluvut poikkeavat toisistaan, koska tilastot perustuvat hieman erilaisiin laskentatapoihin ja tilastollisiin k\u00e4sittelyihin.<\/p>\n<p>T\u00e4lt\u00e4 ty\u00f6tt\u00f6myysaste n\u00e4ytt\u00e4\u00e4 Eurostatin hein\u00e4kuun tilastossa.MTV. GRAFIIKKA: SAMI R\u00c4M\u00c4.<\/p>\n<p>Toisena Eurostatin ty\u00f6tt\u00f6myystilastoissa on Espanja (10,0) ja kolmantena Ruotsi (8,6). V\u00e4hiten ty\u00f6tt\u00f6myytt\u00e4 oli Tshekiss\u00e4 (3,3).<\/p>\n<p>Ty\u00f6tt\u00f6myysaste kuvaa ty\u00f6tt\u00f6mien osuutta samanik\u00e4isest\u00e4 ty\u00f6voimasta. Eurostatin julkaisemat luvut ovat kausitasoitettuja, eli niist\u00e4 on poistettu kausivaihtelun vaikutus.<\/p>\n<p>1:45<img alt=\"Ty\u00f6tt\u00f6myyden kasvu jatkuu yh\u00e4\" data-testid=\"web-player-broker-image\" fetchpriority=\"low\" loading=\"lazy\" decoding=\"async\" data-nimg=\"fill\" class=\"transition duration-700 ease-in-out hover:scale-[1.05]\" style=\"position:absolute;height:100%;width:100%;left:0;top:0;right:0;bottom:0;color:transparent;background-size:cover;background-position:50% 50%;background-repeat:no-repeat;background-image:url(&quot;data:image\/svg+xml;base64,Cjxzdmcgd2lkdGg9IjcyMCIgaGVpZ2h0PSI0MDUiIHZlcnNpb249IjEuMSIgeG1sbnM9Imh0dHA6Ly93d3cudzMub3JnLzIwMDAvc3ZnIiB4bWxuczp4bGluaz0iaHR0cDovL3d3dy53My5vcmcvMTk5OS94bGluayI+CiAgPGRlZnM+CiAgICA8bGluZWFyR3JhZGllbnQgaWQ9ImciPgogICAgICA8c3RvcCBzdG9wLWNvbG9yPSIjMEIxODIzIiBvZmZzZXQ9IjIwJSIgLz4KICAgICAgPHN0b3Agc3RvcC1jb2xvcj0iIzFBMjczMiIgb2Zmc2V0PSI1MCUiIC8+CiAgICAgIDxzdG9wIHN0b3AtY29sb3I9IiMwQjE4MjMiIG9mZnNldD0iNzAlIiAvPgogICAgPC9saW5lYXJHcmFkaWVudD4KICA8L2RlZnM+CiAgPHJlY3Qgd2lkdGg9IjcyMCIgaGVpZ2h0PSI0MDUiIGZpbGw9IiMwQjE4MjMiIC8+CiAgPHJlY3QgaWQ9InIiIHdpZHRoPSI3MjAiIGhlaWdodD0iNDA1IiBmaWxsPSJ1cmwoI2cpIiAvPgogIDxhbmltYXRlIHhsaW5rOmhyZWY9IiNyIiBhdHRyaWJ1dGVOYW1lPSJ4IiBmcm9tPSItNzIwIiB0bz0iNzIwIiBkdXI9IjFzIiByZXBlYXRDb3VudD0iaW5kZWZpbml0ZSIgIC8+Cjwvc3ZnPg==&quot;)\"   src=\"https:\/\/www.europesays.com\/fi\/wp-content\/uploads\/2026\/09\/1788677117_816_imageproxy.a2d.tv.jpeg\"\/><\/p>\n","protected":false},"excerpt":{"rendered":"Suomessa on edelleen eniten ty\u00f6tt\u00f6mi\u00e4 koko EU-alueella, ilmenee Eurostatin tuoreimmasta tilastosta.\u00a0 Tuoreimman Eurostatin tiedon eli hein\u00e4kuun tilaston mukaan&hellip;\n","protected":false},"author":2,"featured_media":342668,"comment_status":"","ping_status":"","sticky":false,"template":"","format":"standard","meta":{"footnotes":"","_share_on_mastodon":"0"},"categories":[76],"tags":[79,77,33,31,30,32,78],"class_list":["post-342667","post","type-post","status-publish","format-standard","has-post-thumbnail","category-talous","tag-business","tag-economy","tag-fi","tag-finland","tag-finnish","tag-suomi","tag-talous"],"share_on_mastodon":{"url":"https:\/\/pubeurope.com\/@fi\/117222751032728256","error":""},"_links":{"self":[{"href":"https:\/\/www.europesays.com\/fi\/wp-json\/wp\/v2\/posts\/342667","targetHints":{"allow":["GET"]}}],"collection":[{"href":"https:\/\/www.europesays.com\/fi\/wp-json\/wp\/v2\/posts"}],"about":[{"href":"https:\/\/www.europesays.com\/fi\/wp-json\/wp\/v2\/types\/post"}],"author":[{"embeddable":true,"href":"https:\/\/www.europesays.com\/fi\/wp-json\/wp\/v2\/users\/2"}],"replies":[{"embeddable":true,"href":"https:\/\/www.europesays.com\/fi\/wp-json\/wp\/v2\/comments?post=342667"}],"version-history":[{"count":0,"href":"https:\/\/www.europesays.com\/fi\/wp-json\/wp\/v2\/posts\/342667\/revisions"}],"wp:featuredmedia":[{"embeddable":true,"href":"https:\/\/www.europesays.com\/fi\/wp-json\/wp\/v2\/media\/342668"}],"wp:attachment":[{"href":"https:\/\/www.europesays.com\/fi\/wp-json\/wp\/v2\/media?parent=342667"}],"wp:term":[{"taxonomy":"category","embeddable":true,"href":"https:\/\/www.europesays.com\/fi\/wp-json\/wp\/v2\/categories?post=342667"},{"taxonomy":"post_tag","embeddable":true,"href":"https:\/\/www.europesays.com\/fi\/wp-json\/wp\/v2\/tags?post=342667"}],"curies":[{"name":"wp","href":"https:\/\/api.w.org\/{rel}","templated":true}]}}