{"id":342671,"date":"2026-09-06T06:47:11","date_gmt":"2026-09-06T06:47:11","guid":{"rendered":"https:\/\/www.europesays.com\/fi\/342671\/"},"modified":"2026-09-06T06:47:11","modified_gmt":"2026-09-06T06:47:11","slug":"saavaroitus-useille-alueille-tanne-myrakka-iskee-ilta-sanomat","status":"publish","type":"post","link":"https:\/\/www.europesays.com\/fi\/342671\/","title":{"rendered":"S\u00e4\u00e4varoitus useille alueille \u2013 t\u00e4nne myr\u00e4kk\u00e4 iskee &#8211; Ilta-Sanomat"},"content":{"rendered":"<ol>\n<li><a href=\"https:\/\/news.google.com\/rss\/articles\/CBMiXEFVX3lxTE90S1VLZ1V3VWw0eDZzLXM3a1NQem92WEJucmNYM191SWpEdzdscURoZi0zSXROTWE0ZjU3NEJnbFFONEtIaTdSMjBqQVZJVnJkQTlNYlhMZXFHNTFR?oc=5\" target=\"_blank\" rel=\"nofollow noopener\">S\u00e4\u00e4varoitus useille alueille \u2013 t\u00e4nne myr\u00e4kk\u00e4 iskee<\/a>&nbsp;&nbsp;Ilta-Sanomat<\/li>\n<li><a href=\"https:\/\/news.google.com\/rss\/articles\/CBMiQkFVX3lxTFBVZjB6ZExtVF9UQkwyRk91UTdJRkhuTTFWR3dXOGo5SFlPUFlDZkdZbmhreTZIWVNRSk5aX2sycHBsQQ?oc=5\" target=\"_blank\" rel=\"nofollow noopener\">Luvassa kolea sunnuntaip\u00e4iv\u00e4, huomenna helpottaa<\/a>&nbsp;&nbsp;Yle<\/li>\n<li><a href=\"https:\/\/news.google.com\/rss\/articles\/CBMif0FVX3lxTFBkNjVPVm84Vm1vajdic0UzSjNEcnNnTkFOY3ZnaGxXRm9JUjZsQV9nWTNHNzktMGM4cnMwWHVERlFBRS1lMWNHeUlYelROS2Q0Rk5uZkF3OHNVTk1FMnFrSGE2VmhPVnkxSUNHeW9NejNjYXExVkdTNGllbjFBOXc?oc=5\" target=\"_blank\" rel=\"nofollow noopener\">Kuulutko t\u00e4h\u00e4n ryhm\u00e4\u00e4n? Edess\u00e4 ik\u00e4v\u00e4 yll\u00e4tys, varoittaa meteorologi<\/a>&nbsp;&nbsp;Iltalehti<\/li>\n<li><a href=\"https:\/\/news.google.com\/rss\/articles\/CBMiVkFVX3lxTE0yUEZqUkhUMXJwT1VkZEI0dy1scS1GMTc0T1pIYjNubmNkY0RLR1RPRkxyUmh1S0twODR4R1gzdTVRVU9odlg2eVRkdmJCTGFfU1VrV0d3?oc=5\" target=\"_blank\" rel=\"nofollow noopener\">Sunnuntaista tulossa viile\u00e4 ja tuulinen<\/a>&nbsp;&nbsp;Etel\u00e4-Suomen Sanomat<\/li>\n<li><a href=\"https:\/\/news.google.com\/rss\/articles\/CBMirAFBVV95cUxQWk5lX0FvdkhJMTBzMVJ5WTYyRTVHVGRYYm1hRm5UYUhUZnRaZGJWWGRLbzNhX1dLOWE3UzhpREFnTlFNVlozVm5ieFZVM0VkUDRDWnVIa2d0NngwZVNsS2dTTEJIdlM0NzdCNGpuTTJvbFB0YjR0X1lueC1JbXh4UlVfVXNKVFY0bUtzSktqQ3JfYW5GME9KVzNlOHFxWkpobjN3dzRNUGtxb1F3?oc=5\" target=\"_blank\" rel=\"nofollow noopener\">P\u00e4iv\u00e4n s\u00e4\u00e4: Syyskampetta p\u00e4\u00e4lle ja hatusta kannattaa pit\u00e4\u00e4 kiinni<\/a>&nbsp;&nbsp;mtvuutiset.fi<\/li>\n<\/ol>\n","protected":false},"excerpt":{"rendered":"S\u00e4\u00e4varoitus useille alueille \u2013 t\u00e4nne myr\u00e4kk\u00e4 iskee&nbsp;&nbsp;Ilta-Sanomat Luvassa kolea sunnuntaip\u00e4iv\u00e4, huomenna helpottaa&nbsp;&nbsp;Yle Kuulutko t\u00e4h\u00e4n ryhm\u00e4\u00e4n? Edess\u00e4 ik\u00e4v\u00e4 yll\u00e4tys,&hellip;\n","protected":false},"author":2,"featured_media":342672,"comment_status":"","ping_status":"","sticky":false,"template":"","format":"standard","meta":{"footnotes":"","_share_on_mastodon":"0"},"categories":[12],"tags":[22,23,26,27,33,31,30,17,34,24,25,28,29,15,18,21,32,19,20,16],"class_list":["post-342671","post","type-post","status-publish","format-standard","has-post-thumbnail","category-suomi","tag-breaking-news","tag-breakingnews","tag-featured-news","tag-featurednews","tag-fi","tag-finland","tag-finnish","tag-headlines","tag-ilta-sanomat","tag-latest-news","tag-latestnews","tag-main-news","tag-mainnews","tag-news","tag-otsikot","tag-paauutiset","tag-suomi","tag-top-stories","tag-topstories","tag-uutiset"],"share_on_mastodon":{"url":"https:\/\/pubeurope.com\/@fi\/117222758519442132","error":""},"_links":{"self":[{"href":"https:\/\/www.europesays.com\/fi\/wp-json\/wp\/v2\/posts\/342671","targetHints":{"allow":["GET"]}}],"collection":[{"href":"https:\/\/www.europesays.com\/fi\/wp-json\/wp\/v2\/posts"}],"about":[{"href":"https:\/\/www.europesays.com\/fi\/wp-json\/wp\/v2\/types\/post"}],"author":[{"embeddable":true,"href":"https:\/\/www.europesays.com\/fi\/wp-json\/wp\/v2\/users\/2"}],"replies":[{"embeddable":true,"href":"https:\/\/www.europesays.com\/fi\/wp-json\/wp\/v2\/comments?post=342671"}],"version-history":[{"count":0,"href":"https:\/\/www.europesays.com\/fi\/wp-json\/wp\/v2\/posts\/342671\/revisions"}],"wp:featuredmedia":[{"embeddable":true,"href":"https:\/\/www.europesays.com\/fi\/wp-json\/wp\/v2\/media\/342672"}],"wp:attachment":[{"href":"https:\/\/www.europesays.com\/fi\/wp-json\/wp\/v2\/media?parent=342671"}],"wp:term":[{"taxonomy":"category","embeddable":true,"href":"https:\/\/www.europesays.com\/fi\/wp-json\/wp\/v2\/categories?post=342671"},{"taxonomy":"post_tag","embeddable":true,"href":"https:\/\/www.europesays.com\/fi\/wp-json\/wp\/v2\/tags?post=342671"}],"curies":[{"name":"wp","href":"https:\/\/api.w.org\/{rel}","templated":true}]}}