{"id":342677,"date":"2026-09-06T07:08:12","date_gmt":"2026-09-06T07:08:12","guid":{"rendered":"https:\/\/www.europesays.com\/fi\/342677\/"},"modified":"2026-09-06T07:08:12","modified_gmt":"2026-09-06T07:08:12","slug":"miss-suomi-tekee-historiaa-sunneva-sjogrenilta-suorat-sanat","status":"publish","type":"post","link":"https:\/\/www.europesays.com\/fi\/342677\/","title":{"rendered":"Miss Suomi tekee historiaa \u2013 Sunneva Sj\u00f6grenilt\u00e4 suorat sanat"},"content":{"rendered":"<p>Tuore vasta valittu Miss Suomi on maassamme historian vanhin.<\/p>\n<p class=\"paragraph\">Tuore Miss Suomi <strong>Veera Gr\u00f6nlund<\/strong> tekee kruunauksellaan historiaa olemalla vanhin Miss Suomi ikin\u00e4. H\u00e4n on 30-vuotias.<\/p>\n<p><img decoding=\"async\" class=\"image image-show image-preview\" src=\"https:\/\/www.europesays.com\/fi\/wp-content\/uploads\/2026\/09\/1cfa911829ccff0b66b10d0479b3cbd21edc7b738072858db0aa737309d3ea94.jpg\" alt=\"\"\/><img decoding=\"async\" class=\"image image-show\" src=\"https:\/\/www.europesays.com\/fi\/wp-content\/uploads\/2026\/09\/1788678492_260_1cfa911829ccff0b66b10d0479b3cbd21edc7b738072858db0aa737309d3ea94.jpg\" alt=\"\"\/><\/p>\n<p>Veera Gr\u00f6nlund kruunattiin Miss Suomeksi lauantaina. Kaisa Vehkalahti<\/p>\n<p class=\"paragraph\">Missiorganisaatio on p\u00e4ivitt\u00e4nyt Miss Suomi -kilpailun s\u00e4\u00e4nt\u00f6j\u00e4 Miss Universum -kilpailun vanavedess\u00e4 t\u00e4lle vuosituhannelle useampaan kertaan.<\/p>\n<p class=\"paragraph\">\u2013 T\u00e4m\u00e4 juuri kertoo siit\u00e4, mit\u00e4 misseys on t\u00e4n\u00e4 p\u00e4iv\u00e4n\u00e4 ymp\u00e4ri maailman. Se on aivan huikeaa, sanoo missiorganisaation johtaja <strong>Sunneva Sj\u00f6gren<\/strong> puhelimessa.<\/p>\n<p class=\"paragraph\">\u2013 Uskon, ett\u00e4 t\u00e4st\u00e4 tulee upea vuosi.<\/p>\n<p class=\"paragraph\">Ik\u00e4raja poistui Miss Suomi -kilpailun s\u00e4\u00e4nn\u00f6ist\u00e4 vuonna 2024. Viel\u00e4 vuonna 2023 Miss Suomi -kisaan osallistuvan t\u00e4ytyi olla 20-28-vuotias nainen.<\/p>\n<p class=\"paragraph\">\u2013 Kun ik\u00e4raja poistui Miss Universumista, niin silloin poistimme sen saman tien meilt\u00e4kin, h\u00e4n lis\u00e4\u00e4.<\/p>\n<p class=\"paragraph\">Miss Suomi on ollut varsinkin instituution alkuvuosina- ja vuosikymmenin\u00e4 perinteisesti nuori, aikuisuuden kynnyksell\u00e4 oleva nainen. Vuonna 2017 kruunattu <strong>Mikaela S\u00f6derholm<\/strong> edusti my\u00f6s verrattain aikuisempaa misseytt\u00e4, sill\u00e4 h\u00e4n oli 25-vuotias saadessaan missikruunun.<\/p>\n<p class=\"paragraph\">Sunneva Sj\u00f6gren uskoo, ett\u00e4 missien ik\u00e4keskustelu on eritt\u00e4in hyv\u00e4\u00e4 keskustelua t\u00e4ss\u00e4 ajassa, jossa arvot ja asenteet muuttuvat koko ajan sallivammaksi.<\/p>\n<p class=\"paragraph\">Aiemmin Miss Suomen t\u00e4ytyi my\u00f6s olla naimaton ja lapseton, mutta kaksi vuotta sitten t\u00e4m\u00e4kin s\u00e4\u00e4nt\u00f6 kumottiin.<\/p>\n<p class=\"paragraph\">T\u00e4ll\u00e4 hetkell\u00e4 Miss Suomi -organisaation <a href=\"https:\/\/misssuomi.fi\/miss-suomi\/\" rel=\"noopener nofollow\" target=\"_blank\">hakuvaatimuksissa<\/a> vaaditaan hakijalta t\u00e4ysi-ik\u00e4isyytt\u00e4, ja suositellaan hakijoiden ik\u00e4haarukaksi 20-30-vuotiaita naisia.<\/p>\n<p class=\"paragraph\">\u2013 Nyt on vuosi 2026. El\u00e4mme t\u00e4t\u00e4 p\u00e4iv\u00e4\u00e4. On ment\u00e4v\u00e4 ajan mukana. Se on niin, ett\u00e4 kehity tai kuihdu, ihan miss\u00e4 tahansa asiassa, Sj\u00f6gren sanoo.<\/p>\n<p class=\"paragraph\">\u2013 Kunnioitan Miss Suomen historiaa, mutta on muututtava jokaisen aikakauden mukana. Totuus on se, ett\u00e4 kilpailu pysyy hengiss\u00e4 sill\u00e4, paljonko sinne haetaan.<\/p>\n<p class=\"paragraph\">Sj\u00f6gren sanoo kuuntelevansa ty\u00f6ss\u00e4\u00e4n nuorten naisten mielipiteit\u00e4 herk\u00e4ll\u00e4 korvalla.<\/p>\n<p class=\"paragraph\">\u2013 Uudistuksien my\u00f6t\u00e4 hakum\u00e4\u00e4r\u00e4mme ovat kasvaneet, ja t\u00e4n\u00e4 vuonna tuli sata hakemusta enemm\u00e4n kuin viime vuonna. Se kertoo sen, mit\u00e4 Miss Suomi on t\u00e4n\u00e4 p\u00e4iv\u00e4n\u00e4, h\u00e4n jatkaa.<\/p>\n<p>Sunneva Sj\u00f6gren uskoo, ett\u00e4 misseyden on elett\u00e4v\u00e4 ajassa. Jussi Eskola<\/p>\n","protected":false},"excerpt":{"rendered":"Tuore vasta valittu Miss Suomi on maassamme historian vanhin. Tuore Miss Suomi Veera Gr\u00f6nlund tekee kruunauksellaan historiaa olemalla&hellip;\n","protected":false},"author":2,"featured_media":342678,"comment_status":"","ping_status":"","sticky":false,"template":"","format":"standard","meta":{"footnotes":"","_share_on_mastodon":"0"},"categories":[130],"tags":[35,2110,137,33,31,30,101,98,103,32,860,109],"class_list":["post-342677","post","type-post","status-publish","format-standard","has-post-thumbnail","category-viihde","tag-24h","tag-elamantapa-ja-vapaa-aika","tag-entertainment","tag-fi","tag-finland","tag-finnish","tag-ihmissuhteet","tag-perhe","tag-sosiaalikysymykset","tag-suomi","tag-tyoelama","tag-viihde"],"share_on_mastodon":{"url":"https:\/\/pubeurope.com\/@fi\/117222841691319670","error":""},"_links":{"self":[{"href":"https:\/\/www.europesays.com\/fi\/wp-json\/wp\/v2\/posts\/342677","targetHints":{"allow":["GET"]}}],"collection":[{"href":"https:\/\/www.europesays.com\/fi\/wp-json\/wp\/v2\/posts"}],"about":[{"href":"https:\/\/www.europesays.com\/fi\/wp-json\/wp\/v2\/types\/post"}],"author":[{"embeddable":true,"href":"https:\/\/www.europesays.com\/fi\/wp-json\/wp\/v2\/users\/2"}],"replies":[{"embeddable":true,"href":"https:\/\/www.europesays.com\/fi\/wp-json\/wp\/v2\/comments?post=342677"}],"version-history":[{"count":0,"href":"https:\/\/www.europesays.com\/fi\/wp-json\/wp\/v2\/posts\/342677\/revisions"}],"wp:featuredmedia":[{"embeddable":true,"href":"https:\/\/www.europesays.com\/fi\/wp-json\/wp\/v2\/media\/342678"}],"wp:attachment":[{"href":"https:\/\/www.europesays.com\/fi\/wp-json\/wp\/v2\/media?parent=342677"}],"wp:term":[{"taxonomy":"category","embeddable":true,"href":"https:\/\/www.europesays.com\/fi\/wp-json\/wp\/v2\/categories?post=342677"},{"taxonomy":"post_tag","embeddable":true,"href":"https:\/\/www.europesays.com\/fi\/wp-json\/wp\/v2\/tags?post=342677"}],"curies":[{"name":"wp","href":"https:\/\/api.w.org\/{rel}","templated":true}]}}