{"id":342681,"date":"2026-09-06T07:12:14","date_gmt":"2026-09-06T07:12:14","guid":{"rendered":"https:\/\/www.europesays.com\/fi\/342681\/"},"modified":"2026-09-06T07:12:14","modified_gmt":"2026-09-06T07:12:14","slug":"hurja-naky-taivaalla-satoja-lentoja-peruttu","status":"publish","type":"post","link":"https:\/\/www.europesays.com\/fi\/342681\/","title":{"rendered":"Hurja n\u00e4ky taivaalla &#8211; satoja lentoja peruttu"},"content":{"rendered":"<p>Vuonna 2018 Anak Krakatau -tulivuoren purkaus aiheutti ainakin 430 ihmisen hengen vieneen tsunamin.<\/p>\n<p><img decoding=\"async\" src=\"https:\/\/www.europesays.com\/fi\/wp-content\/uploads\/2026\/09\/1788678733_93_468.jpg\" alt=\"Anak Krakatau on purkautunut perjantaista l\u00e4htien.\" class=\"_Img_1rerz_1\" style=\"aspect-ratio:1920\/1080\" loading=\"eager\"\/><\/p>\n<p class=\"font-(family-name:--picture-caption-font-family) text-(length:--picture-caption-font-size) leading-(--picture-caption-leading) font-(--picture-caption-font-weight) text-(color:--picture-caption-color)\">Anak Krakatau on purkautunut perjantaista l\u00e4htien. Kuva:\u00a0INDONESIAN GEOLOGICAL AGENCY \/ HANDOUT<\/p>\n<p class=\"article-body mb-(--paragraph-margin-b) px-nof-16\">Anak Krakatau -tulivuoren purkaus Indonesiassa on keskeytt\u00e4nyt viiden lentokent\u00e4n toiminnan, kertoo Reuters.<\/p>\n<p class=\"article-body mb-(--paragraph-margin-b) px-nof-16\">Tulivuorenpurkaus on vaikuttanut satoihin lentoihin p\u00e4\u00e4kaupunki Jakartan lentokent\u00e4ll\u00e4. My\u00f6s osa koulutoiminnasta sek\u00e4 kalastus on pys\u00e4ytetty.<\/p>\n<p><img decoding=\"async\" src=\"https:\/\/www.europesays.com\/fi\/wp-content\/uploads\/2026\/09\/1788678734_397_468.jpg\" alt=\"Vulkaanista tuhkaa havaittiin Jakartan lentokent\u00e4ll\u00e4 varhain sunnuntaina.\" class=\"_Img_1rerz_1\" style=\"aspect-ratio:1920\/1440\" loading=\"eager\"\/><\/p>\n<p class=\"font-(family-name:--picture-caption-font-family) text-(length:--picture-caption-font-size) leading-(--picture-caption-leading) font-(--picture-caption-font-weight) text-(color:--picture-caption-color) picture-with-caption__caption picture-with-caption__caption--default-full\">Vulkaanista tuhkaa havaittiin Jakartan lentokent\u00e4ll\u00e4 varhain sunnuntaina. Kuva:\u00a0INDONESIAN GEOLOGICAL AGENCY \/ HANDOUT<\/p>\n<p class=\"article-body mb-(--paragraph-margin-b) px-nof-16\">Yhteens\u00e4 tulivuorenpurkaus on vaikuttanut 301 lentoon, joista 58 on kansainv\u00e4lisi\u00e4 lentoja. Singaporen lentoyhti\u00f6t ovat kertoneet peruuttavansa kaikki lentonsa Jakartaan ja takaisin koko loppup\u00e4iv\u00e4n ajaksi.<\/p>\n<p class=\"article-body mb-(--paragraph-margin-b) px-nof-16\">Krakataun tulivuori on yksi maailman tunnetuimmista ja se <a class=\"underline underline-offset-[0.12em] [text-decoration-thickness:var(--generic-link-underline-thickness)] [text-decoration-color:var(--generic-link-underline-color)] [text-decoration-skip-ink:var(--generic-link-underline-skip-ink)] break-words\" href=\"https:\/\/www.is.fi\/ulkomaat\/art-2000005773414.html\" rel=\"nofollow noopener\" target=\"_blank\">muistetaan<\/a> erityisesti vuoden 1883 purkauksesta.<\/p>\n<p class=\"article-body mb-(--paragraph-margin-b) px-nof-16\">Vuoren purkaus vapautti yli 13\u202f000 kertaisen m\u00e4\u00e4r\u00e4n energiaa Hiroshiman ydinpommeihin verrattuna aiheuttaen valtavan tsunamin, joka tappoi 36\u202f000 ihmist\u00e4. Purkaus tuhosi koko tulivuorisaaren, mutta 50 vuoden kuluttua uusi saari ilmestyi sen tilalle.<\/p>\n<p class=\"article-body mb-(--paragraph-margin-b) px-nof-16\">Nykyisin saaren nimi on Anak Krakatau, ja se on kasvanut kokoa vaiheittain aina 1920-luvulta l\u00e4htien.<\/p>\n<p class=\"article-body mb-(--paragraph-margin-b) px-nof-16\">Vuonna 2018 Anak Krakatau -tulivuoren purkaus <a class=\"underline underline-offset-[0.12em] [text-decoration-thickness:var(--generic-link-underline-thickness)] [text-decoration-color:var(--generic-link-underline-color)] [text-decoration-skip-ink:var(--generic-link-underline-skip-ink)] break-words\" href=\"https:\/\/www.is.fi\/ulkomaat\/art-2000005948282.html\" rel=\"nofollow noopener\" target=\"_blank\">aiheutti<\/a> ainakin 430 ihmisen hengen vieneen tsunamin.<\/p>\n<p class=\"article-body mb-(--paragraph-margin-b) px-nof-16\">Nyt Anak Krakatau on purkautunut perjantaista l\u00e4htien. Vulkaanista tuhkaa havaittiin lentokent\u00e4ll\u00e4 varhain sunnuntaina.<\/p>\n<p class=\"article-body mb-(--paragraph-margin-b) px-nof-16\">Reutersin haastattelema ranskalaismatkustaja <a class=\"font-bold underline-offset-[0.12em] [text-decoration:var(--person-link-text-decoration)] [text-decoration-color:var(--person-link-text-decoration-color)]!\" href=\"https:\/\/www.is.fi\/haku\/?query=Eloan%20Tasset\" rel=\"nofollow noopener\" target=\"_blank\">Eloan Tasset<\/a>, 21, kertoo, ettei h\u00e4n ole saanut viiv\u00e4styksen kestosta viel\u00e4 tarkempaa tietoa.<\/p>\n<p class=\"article-body mb-(--paragraph-margin-b) px-nof-16\">\u2013 Jos he kertovat, ett\u00e4 lentoni on peruttu, taidan yritt\u00e4\u00e4 l\u00f6yt\u00e4\u00e4 hotellin Jakartasta, Tasset pohtii Reutersille.<\/p>\n","protected":false},"excerpt":{"rendered":"Vuonna 2018 Anak Krakatau -tulivuoren purkaus aiheutti ainakin 430 ihmisen hengen vieneen tsunamin. Anak Krakatau on purkautunut perjantaista&hellip;\n","protected":false},"author":2,"featured_media":342682,"comment_status":"","ping_status":"","sticky":false,"template":"","format":"standard","meta":{"footnotes":"","_share_on_mastodon":"0"},"categories":[14],"tags":[22,23,26,27,33,31,30,17,34,24,25,28,29,15,18,21,32,19,20,56,16,59,60,61],"class_list":["post-342681","post","type-post","status-publish","format-standard","has-post-thumbnail","category-ulkomaat","tag-breaking-news","tag-breakingnews","tag-featured-news","tag-featurednews","tag-fi","tag-finland","tag-finnish","tag-headlines","tag-ilta-sanomat","tag-latest-news","tag-latestnews","tag-main-news","tag-mainnews","tag-news","tag-otsikot","tag-paauutiset","tag-suomi","tag-top-stories","tag-topstories","tag-ulkomaat","tag-uutiset","tag-world","tag-world-news","tag-worldnews"],"share_on_mastodon":{"url":"https:\/\/pubeurope.com\/@fi\/117222856861215807","error":""},"_links":{"self":[{"href":"https:\/\/www.europesays.com\/fi\/wp-json\/wp\/v2\/posts\/342681","targetHints":{"allow":["GET"]}}],"collection":[{"href":"https:\/\/www.europesays.com\/fi\/wp-json\/wp\/v2\/posts"}],"about":[{"href":"https:\/\/www.europesays.com\/fi\/wp-json\/wp\/v2\/types\/post"}],"author":[{"embeddable":true,"href":"https:\/\/www.europesays.com\/fi\/wp-json\/wp\/v2\/users\/2"}],"replies":[{"embeddable":true,"href":"https:\/\/www.europesays.com\/fi\/wp-json\/wp\/v2\/comments?post=342681"}],"version-history":[{"count":0,"href":"https:\/\/www.europesays.com\/fi\/wp-json\/wp\/v2\/posts\/342681\/revisions"}],"wp:featuredmedia":[{"embeddable":true,"href":"https:\/\/www.europesays.com\/fi\/wp-json\/wp\/v2\/media\/342682"}],"wp:attachment":[{"href":"https:\/\/www.europesays.com\/fi\/wp-json\/wp\/v2\/media?parent=342681"}],"wp:term":[{"taxonomy":"category","embeddable":true,"href":"https:\/\/www.europesays.com\/fi\/wp-json\/wp\/v2\/categories?post=342681"},{"taxonomy":"post_tag","embeddable":true,"href":"https:\/\/www.europesays.com\/fi\/wp-json\/wp\/v2\/tags?post=342681"}],"curies":[{"name":"wp","href":"https:\/\/api.w.org\/{rel}","templated":true}]}}