{"id":342683,"date":"2026-09-06T07:13:08","date_gmt":"2026-09-06T07:13:08","guid":{"rendered":"https:\/\/www.europesays.com\/fi\/342683\/"},"modified":"2026-09-06T07:13:08","modified_gmt":"2026-09-06T07:13:08","slug":"alaikainen-poika-kuollut-onnettomuudessa-liperissa","status":"publish","type":"post","link":"https:\/\/www.europesays.com\/fi\/342683\/","title":{"rendered":"Alaik\u00e4inen poika kuollut onnettomuudessa Liperiss\u00e4"},"content":{"rendered":"<p>Poliisi ep\u00e4ilee mopoilijan osuneen liikenteenjakajaan.<\/p>\n<p class=\"article-body mb-(--paragraph-margin-b) px-nof-16\">Alaik\u00e4inen poika on kuollut liikenneonnettomuudessa saamiinsa vammoihin Pohjois-Karjalan Liperiss\u00e4, kertoo poliisi.<\/p>\n<p class=\"article-body mb-(--paragraph-margin-b) px-nof-16\">Poliisi sai h\u00e4t\u00e4keskukselta teht\u00e4v\u00e4n sunnuntaina aamuy\u00f6ll\u00e4 kello 2.26. Ilmoituksen perusteella alaik\u00e4inen poika oli l\u00f6ytynyt Yl\u00e4myllyntien ja Karmikujan risteyksest\u00e4 vakavasti loukkaantuneena.<\/p>\n<p class=\"article-body mb-(--paragraph-margin-b) px-nof-16\">Mopoilijan ep\u00e4ill\u00e4\u00e4n osuneen tilanteessa liikenteenjakajaan ja kaatuneen. Sivullisen mukaan mopon \u00e4\u00e4ni oli kuulunut Yl\u00e4myllyn suunnasta, jonka j\u00e4lkeen oli kuulunut kova rys\u00e4ys, ja mopo oli sammunut.<\/p>\n<p class=\"article-body mb-(--paragraph-margin-b) px-nof-16\">Ensihoito ilmoitti my\u00f6hemmin poliisille pojan kuolleen saamiinsa vammoihin. Onnettomuuteen ei ep\u00e4ill\u00e4 liittyv\u00e4n muita osallisia.<\/p>\n<p class=\"article-body mb-(--paragraph-margin-b) px-nof-16\">Poliisi jatkaa onnettomuuden syyn selvityst\u00e4 ja tiedottaa asiasta lis\u00e4\u00e4 esitutkinnan edetess\u00e4.<\/p>\n","protected":false},"excerpt":{"rendered":"Poliisi ep\u00e4ilee mopoilijan osuneen liikenteenjakajaan. Alaik\u00e4inen poika on kuollut liikenneonnettomuudessa saamiinsa vammoihin Pohjois-Karjalan Liperiss\u00e4, kertoo poliisi. Poliisi sai&hellip;\n","protected":false},"author":2,"featured_media":342684,"comment_status":"","ping_status":"","sticky":false,"template":"","format":"standard","meta":{"footnotes":"","_share_on_mastodon":"0"},"categories":[12],"tags":[22,23,26,27,33,31,30,17,34,24,25,28,29,15,18,21,32,19,20,16],"class_list":["post-342683","post","type-post","status-publish","format-standard","has-post-thumbnail","category-suomi","tag-breaking-news","tag-breakingnews","tag-featured-news","tag-featurednews","tag-fi","tag-finland","tag-finnish","tag-headlines","tag-ilta-sanomat","tag-latest-news","tag-latestnews","tag-main-news","tag-mainnews","tag-news","tag-otsikot","tag-paauutiset","tag-suomi","tag-top-stories","tag-topstories","tag-uutiset"],"share_on_mastodon":{"url":"https:\/\/pubeurope.com\/@fi\/117222860687260122","error":""},"_links":{"self":[{"href":"https:\/\/www.europesays.com\/fi\/wp-json\/wp\/v2\/posts\/342683","targetHints":{"allow":["GET"]}}],"collection":[{"href":"https:\/\/www.europesays.com\/fi\/wp-json\/wp\/v2\/posts"}],"about":[{"href":"https:\/\/www.europesays.com\/fi\/wp-json\/wp\/v2\/types\/post"}],"author":[{"embeddable":true,"href":"https:\/\/www.europesays.com\/fi\/wp-json\/wp\/v2\/users\/2"}],"replies":[{"embeddable":true,"href":"https:\/\/www.europesays.com\/fi\/wp-json\/wp\/v2\/comments?post=342683"}],"version-history":[{"count":0,"href":"https:\/\/www.europesays.com\/fi\/wp-json\/wp\/v2\/posts\/342683\/revisions"}],"wp:featuredmedia":[{"embeddable":true,"href":"https:\/\/www.europesays.com\/fi\/wp-json\/wp\/v2\/media\/342684"}],"wp:attachment":[{"href":"https:\/\/www.europesays.com\/fi\/wp-json\/wp\/v2\/media?parent=342683"}],"wp:term":[{"taxonomy":"category","embeddable":true,"href":"https:\/\/www.europesays.com\/fi\/wp-json\/wp\/v2\/categories?post=342683"},{"taxonomy":"post_tag","embeddable":true,"href":"https:\/\/www.europesays.com\/fi\/wp-json\/wp\/v2\/tags?post=342683"}],"curies":[{"name":"wp","href":"https:\/\/api.w.org\/{rel}","templated":true}]}}