{"id":342685,"date":"2026-09-06T07:14:11","date_gmt":"2026-09-06T07:14:11","guid":{"rendered":"https:\/\/www.europesays.com\/fi\/342685\/"},"modified":"2026-09-06T07:14:11","modified_gmt":"2026-09-06T07:14:11","slug":"katsojat-jattavat-ylen-sarjan-nyt-kesken-20-minuuttia-riitti","status":"publish","type":"post","link":"https:\/\/www.europesays.com\/fi\/342685\/","title":{"rendered":"Katsojat j\u00e4tt\u00e4v\u00e4t Ylen sarjan nyt kesken: \u201d20 minuuttia riitti\u201d"},"content":{"rendered":"<p>Murha saarella on p\u00e4\u00e4asiassa gaelinkielinen brittisarja.<\/p>\n<p><img decoding=\"async\" class=\"image image-show image-preview\" src=\"https:\/\/www.europesays.com\/fi\/wp-content\/uploads\/2026\/09\/cfe0c9be13a37b57e5781389c515a43bd21b8dd43b8b0d21ca30b17c0aac884e.jpg\" alt=\"\"\/><img decoding=\"async\" class=\"image image-show\" src=\"https:\/\/www.europesays.com\/fi\/wp-content\/uploads\/2026\/09\/1788678851_955_cfe0c9be13a37b57e5781389c515a43bd21b8dd43b8b0d21ca30b17c0aac884e.jpg\" alt=\"\"\/><\/p>\n<p>Murha saarella -sarjan alkuper\u00e4inen nimi on An t-Eilean. Englanniksi sarja tunnetaan The Islandina. Sorcha Groundsell n\u00e4yttelee p\u00e4\u00e4osaa Kat Crichtonina. Graeme Hunter PIctures, Yle<\/p>\n<p class=\"paragraph\">Gaelinkielinen brittisarja Murha saarella on Areenan katsotuin ohjelma, kun tarkastelussa on 14 vuorokauden ajanjakso.<\/p>\n<p class=\"paragraph\">Areenan <a href=\"https:\/\/www.facebook.com\/yleareena\" target=\"_blank\" rel=\"noopener nofollow\">Facebook<\/a>-kommenttien perusteella suosio on pieni ihme. Murha saarella saa kyll\u00e4 kehuja kielest\u00e4 ja Skotlannin maisemista, mutta kielteist\u00e4 kritiikki\u00e4 riitt\u00e4\u00e4 yllin kyllin.<\/p>\n<p class=\"paragraph\">Monia on \u00e4rsytt\u00e4nyt konstaapeli Kat Crichton p\u00e4\u00e4osassa. H\u00e4nt\u00e4 n\u00e4yttelee <strong>Sorcha Groundsell<\/strong>.<\/p>\n<p class=\"paragraph\">\u2013\u2009Pikkaisen ep\u00e4uskottava. P\u00e4\u00e4henkil\u00f6n rooli poliisina ei vakuuta, <strong>Kirsi<\/strong> on pettynyt.<\/p>\n<p class=\"paragraph\">\u2013\u2009Ei tosiaan istu se rooli p\u00e4\u00e4osan esitt\u00e4j\u00e4lle! Jotenkin liioiteltua. \u00c4rsytt\u00e4v\u00e4\u00e4, <strong>Leena<\/strong> komppaa.<\/p>\n<p class=\"paragraph\">\u2013\u2009P\u00e4\u00e4osan esitt\u00e4j\u00e4 on aika huono, jos suoraan saa sanoa, <strong>P\u00e4ivi<\/strong> muotoilee.<\/p>\n<p class=\"paragraph\">\u2013\u2009Saaressa minuakin t\u00f6kki leading lady, ei jotenkin istunut rooliin ja oli tavattoman passiivinen n\u00e4yttelij\u00e4, <strong>Ulla<\/strong> arvostelee.<\/p>\n<p class=\"paragraph\">\u2013\u2009N\u00e4yttelij\u00e4t eiv\u00e4t valitettavasti oikein olleet rooliensa kanssa sinuja noin ylip\u00e4\u00e4t\u00e4\u00e4n. J\u00e4tin katsomisen yhteen jaksoon, <strong>Riitta<\/strong> tunnustaa eik\u00e4 ole ainoa.<\/p>\n<p class=\"paragraph\">\u2013\u2009Huonoimmasta p\u00e4\u00e4st\u00e4 brittisarja. Yksi osa riitti, <strong>Satu<\/strong> summaa.<\/p>\n<p>T\u00e4n\u00e4\u00e4n TV1:lt\u00e4 tulevassa kolmannessa jaksossa S\u00ecne Maclean ja Kat Crichton jakavat kielletyn suudelman. My\u00f6hemmin paljastuu, ett\u00e4 sille on todistaja. John Maher, Yle<\/p>\n<p class=\"paragraph\">P\u00e4ivi aloitti paussin samassa kohtaa kuin Satu. Leena on katsonut viel\u00e4 kakkososan, mutta ei enemp\u00e4\u00e4, eik\u00e4 liioin <strong>Maija-Liisa<\/strong>.<\/p>\n<p class=\"paragraph\">\u2013\u2009Kesken j\u00e4i, h\u00e4n ilmoittaa.<\/p>\n<p class=\"paragraph\">\u2013\u200920 minuuttia riitti minulle, <strong>Kirsti<\/strong> puolestaan kertoo.<\/p>\n<p class=\"paragraph\"><strong>Arja<\/strong> on kyll\u00e4 katsellut, mutta v\u00e4kisin. Sarja on h\u00e4nest\u00e4 huonosti kirjoitettu. Samaa mielt\u00e4 on <strong>Marja Leena<\/strong>. H\u00e4n on havainnut notkahduksia ja liikaa ep\u00e4uskottavuuksia. <strong>Kaisan<\/strong> mielest\u00e4 Areenasta jo l\u00f6ytyv\u00e4 sarja on tuntunut loppua kohti hosutulta. <strong>Robertista<\/strong> lopputulos on melko tyls\u00e4 ja juoni surkea, <strong>Beritist\u00e4<\/strong> ennalta arvattava.<\/p>\n<p>Sarjan upeat maisemat ker\u00e4\u00e4v\u00e4t useampia kehuja, hahmojen jatkuva tuijottelu sit\u00e4 vastoin ei. Yle<\/p>\n<p class=\"paragraph\">Tuijottelustakin on useampi saanut tarpeekseen.<\/p>\n<p class=\"paragraph\">\u2013\u2009Suurimmat tuijottelijat ovat se onneton poliisitytt\u00f6 ja t\u00f6yke\u00e4 mies, jota ammuttiin. Ehtii keitt\u00e4\u00e4 kahvit, kun he vain tuijottavat, <strong>Merjaa<\/strong> pitk\u00e4stytt\u00e4\u00e4.<\/p>\n<p class=\"paragraph\">Murha saarella t\u00e4n\u00e4\u00e4n TV1:ll\u00e4 kello 22.32 &amp; Areenassa. <a href=\"https:\/\/www.iltalehti.fi\/telkku\/\" rel=\"nofollow noopener\" target=\"_blank\">Katso kaikki\u00a0TV-ohjelmat ja l\u00e4hetysajat Telkun TV-oppaasta<\/a>.<\/p>\n","protected":false},"excerpt":{"rendered":"Murha saarella on p\u00e4\u00e4asiassa gaelinkielinen brittisarja. Murha saarella -sarjan alkuper\u00e4inen nimi on An t-Eilean. Englanniksi sarja tunnetaan The&hellip;\n","protected":false},"author":2,"featured_media":342686,"comment_status":"","ping_status":"","sticky":false,"template":"","format":"standard","meta":{"footnotes":"","_share_on_mastodon":"0"},"categories":[5],"tags":[35,153,22,23,26,27,33,31,30,17,24,25,28,29,1616,15,18,21,32,485,19,20,140,139,16],"class_list":["post-342685","post","type-post","status-publish","format-standard","has-post-thumbnail","category-otsikot","tag-24h","tag-audiovisuaalinen-media","tag-breaking-news","tag-breakingnews","tag-featured-news","tag-featurednews","tag-fi","tag-finland","tag-finnish","tag-headlines","tag-latest-news","tag-latestnews","tag-main-news","tag-mainnews","tag-media-viestinta","tag-news","tag-otsikot","tag-paauutiset","tag-suomi","tag-taide-yleista","tag-top-stories","tag-topstories","tag-tv-ja-elokuvat","tag-tv-ohjelmat","tag-uutiset"],"share_on_mastodon":{"url":"https:\/\/pubeurope.com\/@fi\/117222865421827098","error":""},"_links":{"self":[{"href":"https:\/\/www.europesays.com\/fi\/wp-json\/wp\/v2\/posts\/342685","targetHints":{"allow":["GET"]}}],"collection":[{"href":"https:\/\/www.europesays.com\/fi\/wp-json\/wp\/v2\/posts"}],"about":[{"href":"https:\/\/www.europesays.com\/fi\/wp-json\/wp\/v2\/types\/post"}],"author":[{"embeddable":true,"href":"https:\/\/www.europesays.com\/fi\/wp-json\/wp\/v2\/users\/2"}],"replies":[{"embeddable":true,"href":"https:\/\/www.europesays.com\/fi\/wp-json\/wp\/v2\/comments?post=342685"}],"version-history":[{"count":0,"href":"https:\/\/www.europesays.com\/fi\/wp-json\/wp\/v2\/posts\/342685\/revisions"}],"wp:featuredmedia":[{"embeddable":true,"href":"https:\/\/www.europesays.com\/fi\/wp-json\/wp\/v2\/media\/342686"}],"wp:attachment":[{"href":"https:\/\/www.europesays.com\/fi\/wp-json\/wp\/v2\/media?parent=342685"}],"wp:term":[{"taxonomy":"category","embeddable":true,"href":"https:\/\/www.europesays.com\/fi\/wp-json\/wp\/v2\/categories?post=342685"},{"taxonomy":"post_tag","embeddable":true,"href":"https:\/\/www.europesays.com\/fi\/wp-json\/wp\/v2\/tags?post=342685"}],"curies":[{"name":"wp","href":"https:\/\/api.w.org\/{rel}","templated":true}]}}