{"id":342689,"date":"2026-09-06T07:34:19","date_gmt":"2026-09-06T07:34:19","guid":{"rendered":"https:\/\/www.europesays.com\/fi\/342689\/"},"modified":"2026-09-06T07:34:19","modified_gmt":"2026-09-06T07:34:19","slug":"nain-laulaja-anna-puu-on-muuttunut-katso-kuvat-uran-varrelta","status":"publish","type":"post","link":"https:\/\/www.europesays.com\/fi\/342689\/","title":{"rendered":"N\u00e4in laulaja Anna Puu on muuttunut \u2013 katso kuvat uran varrelta!"},"content":{"rendered":"<p>\n            20250917 HELSINKI. TENNISPALATSI. T\u00e4ydelliset vieraat ensi-ilta. Anna Puu. KUVA: ATTE KAJOVA<br \/>\n            ATTE KAJOVA\n        <\/p>\n<p class=\"subtitle \">Laulaja on kokeillut mit\u00e4 erilaisempia tyylej\u00e4.<\/p>\n<p class=\"article-content article-content-width !bg-background\">Laulaja , 44, h\u00e4mm\u00e4stytt\u00e4\u00e4 v\u00e4rikk\u00e4ill\u00e4 tyyleill\u00e4\u00e4n.<\/p>\n<p class=\"font-weight-bold m-font-weight-bold article-content article-content-width !bg-background\">Video: Anna Puu ja Jukka-rakas romanttisissa tunnelmissa<\/p>\n<p class=\"article-content article-content-width !bg-background\">Pitk\u00e4\u00e4n julkisuudessa ollut  tuli alun perin tutuksi Idols-kilpailusta vuonna 2008.<\/p>\n<p class=\"article-content article-content-width !bg-background\">H\u00e4n p\u00e4\u00e4si finaaliin asti, ja sijoittui kisassa lopulta toiseksi. Voiton vei tuona vuonna .  sijoittui kolmanneksi.<\/p>\n<p>                <img decoding=\"async\" src=\"https:\/\/www.europesays.com\/fi\/wp-content\/uploads\/2026\/09\/2250064.webp\" width=\"576\" height=\"720\" alt=\"Aikamatka vuoteen 2008, kun Koop, Anna ja Pete olivan nelj\u00e4nnen Idols-kauden k\u00e4rkikolmikko.\" loading=\"lazy\" \/>            <\/p>\n<p>\n            Aikamatka vuoteen 2008, kun Koop, Anna ja Pete olivan nelj\u00e4nnen Idols-kauden k\u00e4rkikolmikko.<br \/>\n            Ari Lahti\n        <\/p>\n<p>Vaaleasta punap\u00e4\u00e4ksi<\/p>\n<p class=\"article-content article-content-width !bg-background\">Vuosien saatossa Anna on kokeillut mit\u00e4 v\u00e4rikk\u00e4\u00e4mpi\u00e4 asuja kuin hiustyylej\u00e4kin. Idols-vuonna h\u00e4nell\u00e4 oli vaaleat ja lyhyemmat hiukset, mutta jo seuraavan vuoden kes\u00e4n\u00e4 h\u00e4nell\u00e4 oli paljon pidempi kampaus.<\/p>\n<p class=\"article-content article-content-width !bg-background\">Annalta ilmestyiv\u00e4t levyt Anna Puu (2009) ja Sahara (2010). Niilt\u00e4 muistetaan muun muassa hitit C&#8217;est la vie, Linnuton puu ja Kaunis p\u00e4iv\u00e4, sek\u00e4 Riko minut, Onnen viipaleet ja Sin\u00e4 olet min\u00e4.<\/p>\n<p>                <img decoding=\"async\" src=\"https:\/\/www.europesays.com\/fi\/wp-content\/uploads\/2026\/09\/2250067.webp\" width=\"576\" height=\"720\" alt=\"Rennoissa tunnelmissa kes\u00e4juhlissa vuonna 2009.\" loading=\"lazy\" \/>            <\/p>\n<p>\n            Rennoissa tunnelmissa kes\u00e4juhlissa vuonna 2009.<br \/>\n            Pasi Murto\n        <\/p>\n<p class=\"article-content article-content-width !bg-background\">Vuonna 2012 Anna teki tyyliss\u00e4\u00e4n t\u00e4ysk\u00e4\u00e4nn\u00f6ksen ja kokeili oransseja hiuksia.<\/p>\n<p class=\"article-content article-content-width !bg-background\">Sek\u00e4 Antaudun (2012) ett\u00e4 Rakkaudella, Anna Puu (2015) -levyjen kannessa h\u00e4n poseeraa punertavissa hiuksissa.<\/p>\n<p>                <img decoding=\"async\" src=\"https:\/\/www.europesays.com\/fi\/wp-content\/uploads\/2026\/09\/2250073.webp\" width=\"576\" height=\"720\" alt=\"Anna esitti ensimm\u00e4ist\u00e4 kertaa Kolme pient\u00e4 sanaa -singlens\u00e4 El\u00e4m\u00e4 lapselle -konsertissa vuonna 2012.\" loading=\"lazy\" \/>            <\/p>\n<p>\n            Anna esitti ensimm\u00e4ist\u00e4 kertaa Kolme pient\u00e4 sanaa -singlens\u00e4 El\u00e4m\u00e4 lapselle -konsertissa vuonna 2012.<br \/>\n            Timo Korhonen\n        <\/p>\n<p>Uusi aikakausi<\/p>\n<p class=\"article-content article-content-width !bg-background\">Anna on julkaissut viisi omaa studioalbumia, joista uusimmasta on vieraht\u00e4nyt jo tasan kahdeksan vuotta. N\u00e4lk\u00e4inen syd\u00e4n -albumin ilmestytty\u00e4 Anna palasi vanhaan tuttuun vaaleaan kampaukseen.<\/p>\n<p class=\"article-content article-content-width !bg-background\">Vuonna 2024 Anna oli mukana Rodeo-yhtyeess\u00e4 yhdess\u00e4  ja  kanssa. Projekti poiki uutta musiikkia vuosien j\u00e4lkeen.<\/p>\n<p class=\"article-content article-content-width !bg-background\">B\u00e4ndilt\u00e4 tuli levy vuonna 2025 ja kiertueen j\u00e4lkeen se lopetti saman vuoden syksyll\u00e4.<\/p>\n<p>        <a itemprop=\"url\" href=\"https:\/\/www.seiska.fi\/kotimaa\/anna-puu-julkaisi-hellyyttavan-raskauskuvan\/2149497\" rel=\"nofollow noopener\" target=\"_blank\"><\/p>\n<p>\nAnna Puu\n<\/p>\n<p class=\"section-date\">\n        <strong class=\"article-section\" data-section=\"kotimaa\"><br \/>\n            kotimaa<br \/>\n        <\/strong><br \/>\n        11.5. 20:00\n    <\/p>\n<p>Anna Puu julkaisi hellyytt\u00e4v\u00e4n raskauskuvan\n    <\/p>\n<p itemprop=\"description\" class=\"subtitle \">\n    Anna julkaisi otoksen raskausajaltaan Instagram-tililleen.\n<\/p>\n<p>        <\/a><\/p>\n<p>                <img decoding=\"async\" src=\"https:\/\/www.europesays.com\/fi\/wp-content\/uploads\/2026\/09\/2250091.webp\" width=\"576\" height=\"720\" alt=\"Vuonna 2018 Anna poseerasi Linnan juhlissa yhdess\u00e4 kaikkien aikojen legendaarisimmista puvuista.\" loading=\"lazy\" \/>            <\/p>\n<p>\n            Vuonna 2018 Anna poseerasi Linnan juhlissa yhdess\u00e4 kaikkien aikojen legendaarisimmista puvuista.<br \/>\n            Pasi Murto\n        <\/p>\n<p>                <img decoding=\"async\" src=\"https:\/\/www.europesays.com\/fi\/wp-content\/uploads\/2026\/09\/2250098.webp\" width=\"576\" height=\"720\" alt=\"Anna oli vuosia mukana The Voice Of Finland -ohjelman t\u00e4htivalmentajana. Viimeksi h\u00e4n oli pestiss\u00e4 vuonna 2023. Kuva vuodelta 2020.\" loading=\"lazy\" \/>            <\/p>\n<p>\n            Anna oli vuosia mukana The Voice Of Finland -ohjelman t\u00e4htivalmentajana. Viimeksi h\u00e4n oli pestiss\u00e4 vuonna 2023. Kuva vuodelta 2020.<br \/>\n            Timo Korhonen\n        <\/p>\n<p>                <img decoding=\"async\" src=\"https:\/\/www.europesays.com\/fi\/wp-content\/uploads\/2026\/09\/2250102.webp\" width=\"576\" height=\"322\" alt=\"Metallinhohtoa ja tanssia. T\u00e4st\u00e4 olivat Annan N\u00e4lk\u00e4inen syd\u00e4n -albumiin liittyv\u00e4t keikat tehty. Kuva vuodelta 2019.\" loading=\"lazy\" \/>            <\/p>\n<p>\n            Metallinhohtoa ja tanssia. T\u00e4st\u00e4 olivat Annan N\u00e4lk\u00e4inen syd\u00e4n -albumiin liittyv\u00e4t keikat tehty. Kuva vuodelta 2019.<br \/>\n            Marko Tuominiemi\n        <\/p>\n<p>                <img decoding=\"async\" src=\"https:\/\/www.europesays.com\/fi\/wp-content\/uploads\/2026\/09\/2250107.webp\" width=\"576\" height=\"720\" alt=\"Vuonna 2023 Anna oli mukana Vain el\u00e4m\u00e4\u00e4 -ohjelmassa jo toista kertaa. Ensimm\u00e4inen oli vuonna 2016.\" loading=\"lazy\" \/>            <\/p>\n<p>\n            Vuonna 2023 Anna oli mukana Vain el\u00e4m\u00e4\u00e4 -ohjelmassa jo toista kertaa. Ensimm\u00e4inen oli vuonna 2016.<br \/>\n            TIMO KORHONEN\n        <\/p>\n<p>Katso ja vertaa!<\/p>\n<p class=\"no_italic m-no_italic article-content article-content-width !bg-background\">Anna muistelee vuosien takaista viimeisint\u00e4 levy\u00e4\u00e4n tuoreessa<a href=\"https:\/\/www.instagram.com\/p\/DcvMIAHkUGC\/?img_index=1\" target=\"_blank\" rel=\"nofollow noopener\"> Instagram-julkaisussaan.<\/a><\/p>\n<p class=\"article-content article-content-width !bg-background\">\u2013\u00a0..kahdeksan vuotta my\u00f6hemmin ja edelleen n\u00e4lk\u00e4inen syd\u00e4n, h\u00e4n kirjoittaa kuvan ohessa.<\/p>\n<p class=\"article-content article-content-width !bg-background\">Otoksessa Anna tekee er\u00e4\u00e4n fanipaidan printti\u00e4 muistuttavan poseerauksen, pit\u00e4en k\u00e4si\u00e4\u00e4n niskansa takana.<\/p>\n<p class=\"article-content article-content-width !bg-background\">Kuvakarusellin toisessa kuvassa n\u00e4kyy paita, jonka kuvasta Anna on ottanut mallia kuvaansa.<\/p>\n<p class=\"article-content article-content-width !bg-background\">N\u00e4ht\u00e4v\u00e4ksi j\u00e4\u00e4, milloin Annalta ilmestyyk\u00e4\u00e4n seuraava albumi. Er\u00e4s h\u00e4nen seuraajansa onkin tiedustellut asiasta kuvan kommenteissa ja kehottanut artistia tekem\u00e4\u00e4n uuden levyn.<\/p>\n<p class=\"article-content article-content-width !bg-background\">\u2013\u00a0Mie yrit\u00e4nnnnn! Anna kommentoi.<\/p>\n<p>        <a itemprop=\"url\" href=\"https:\/\/www.seiska.fi\/kotimaa\/maria-veitola-ja-anna-puu-villiintyivat-lontoossa\/2203130\" rel=\"nofollow noopener\" target=\"_blank\"><\/p>\n<p>\nKuin kuumat kissat\n<\/p>\n<p class=\"section-date\">\n        <strong class=\"article-section\" data-section=\"kotimaa\"><br \/>\n            kotimaa<br \/>\n        <\/strong><br \/>\n        9.7. 18:00\n    <\/p>\n<p>Maria Veitola ja Anna Puu villiintyiv\u00e4t Lontoossa\n    <\/p>\n<p itemprop=\"description\" class=\"subtitle \">\n    Maria Veitola ja Anna Puu viettiv\u00e4t yhteist\u00e4 \u00e4itien laatuaikaa Lontoossa. Hauska lomap\u00e4ivitys paljasti my\u00f6s, miten l\u00e4heinen yst\u00e4vyys aikanaan sai alkunsa.\n<\/p>\n<p>        <\/a><\/p>\n<p><script async src=\"\/\/www.instagram.com\/embed.js\"><\/script><\/p>\n","protected":false},"excerpt":{"rendered":"20250917 HELSINKI. TENNISPALATSI. T\u00e4ydelliset vieraat ensi-ilta. Anna Puu. KUVA: ATTE KAJOVA ATTE KAJOVA Laulaja on kokeillut mit\u00e4 erilaisempia&hellip;\n","protected":false},"author":2,"featured_media":342690,"comment_status":"","ping_status":"","sticky":false,"template":"","format":"standard","meta":{"footnotes":"","_share_on_mastodon":"0"},"categories":[130],"tags":[6664,42217,137,33,31,30,198,5159,4436,9320,742,32,6878,2677,4914,109],"class_list":["post-342689","post","type-post","status-publish","format-standard","has-post-thumbnail","category-viihde","tag-anna-puu","tag-anna-puustjarvi","tag-entertainment","tag-fi","tag-finland","tag-finnish","tag-idols","tag-laulaja","tag-muodonmuutos","tag-rodeo-yhtye","tag-suomalainen-musiikki","tag-suomi","tag-the-voice-of-finland","tag-tyyli","tag-vain-elamaa","tag-viihde"],"share_on_mastodon":{"url":"https:\/\/pubeurope.com\/@fi\/117222944173359679","error":""},"_links":{"self":[{"href":"https:\/\/www.europesays.com\/fi\/wp-json\/wp\/v2\/posts\/342689","targetHints":{"allow":["GET"]}}],"collection":[{"href":"https:\/\/www.europesays.com\/fi\/wp-json\/wp\/v2\/posts"}],"about":[{"href":"https:\/\/www.europesays.com\/fi\/wp-json\/wp\/v2\/types\/post"}],"author":[{"embeddable":true,"href":"https:\/\/www.europesays.com\/fi\/wp-json\/wp\/v2\/users\/2"}],"replies":[{"embeddable":true,"href":"https:\/\/www.europesays.com\/fi\/wp-json\/wp\/v2\/comments?post=342689"}],"version-history":[{"count":0,"href":"https:\/\/www.europesays.com\/fi\/wp-json\/wp\/v2\/posts\/342689\/revisions"}],"wp:featuredmedia":[{"embeddable":true,"href":"https:\/\/www.europesays.com\/fi\/wp-json\/wp\/v2\/media\/342690"}],"wp:attachment":[{"href":"https:\/\/www.europesays.com\/fi\/wp-json\/wp\/v2\/media?parent=342689"}],"wp:term":[{"taxonomy":"category","embeddable":true,"href":"https:\/\/www.europesays.com\/fi\/wp-json\/wp\/v2\/categories?post=342689"},{"taxonomy":"post_tag","embeddable":true,"href":"https:\/\/www.europesays.com\/fi\/wp-json\/wp\/v2\/tags?post=342689"}],"curies":[{"name":"wp","href":"https:\/\/api.w.org\/{rel}","templated":true}]}}