{"id":342691,"date":"2026-09-06T07:37:13","date_gmt":"2026-09-06T07:37:13","guid":{"rendered":"https:\/\/www.europesays.com\/fi\/342691\/"},"modified":"2026-09-06T07:37:13","modified_gmt":"2026-09-06T07:37:13","slug":"asiakas-loysi-ikea-sohvan-pakkauksesta-tuholaisen","status":"publish","type":"post","link":"https:\/\/www.europesays.com\/fi\/342691\/","title":{"rendered":"Asiakas l\u00f6ysi Ikea-sohvan pakkauksesta tuholaisen"},"content":{"rendered":"<p><strong class=\"typography-bold\">Ikea-sohvan pakkauksesta l\u00f6ytyi vy\u00f6ihrakuoriainen. Ikea vakuuttaa, ettei sill\u00e4 ole laajempaa hy\u00f6nteisongelmaa.<\/strong><\/p>\n<p>Vantaan Ikeasta sohvan ostanut <strong class=\"typography-bold\">Meeri<\/strong> l\u00f6ysi odottamattoman yll\u00e4tyksen, kun sohvan pakkauksesta paljastui kuollut vy\u00f6ihrakuoriainen.<\/p>\n<p>Haastateltavan nimi on muutettu t\u00e4h\u00e4n juttuun. H\u00e4nen henkil\u00f6llisyytens\u00e4 on kuitenkin MTV Uutisten tiedossa.\u00a0<\/p>\n<p>Meeri kertoo tilanneensa sohvan 31. hein\u00e4kuuta ja noutaneensa sen Ikeasta jo samana iltana. Sohva pysyi pakkauksessaan seuraavaan p\u00e4iv\u00e4\u00e4n asti, jolloin sit\u00e4 alettiin koota uudessa asunnossa.<\/p>\n<p>Kuoriainen l\u00f6ytyi yhden sohvamoduulin pahvipakkauksesta kuolleena.<\/p>\n<p>\u2013 Luulin aluksi, ett\u00e4 se oli joku roska. Sitten katsoin v\u00e4h\u00e4n l\u00e4hemm\u00e4s ja ajattelin, ett\u00e4 ei tuo kyll\u00e4 ihan roska ole, Meeri kertoo MTV Uutisille.<\/p>\n<p><strong class=\"typography-bold\">Lue my\u00f6s: <\/strong><a class=\"cursor-pointer underline\" data-testid=\"internal-link\" role=\"link\" href=\"https:\/\/www.mtvuutiset.fi\/artikkeli\/ala-tee-tata-mokaa-jos-epailet-kodissasi-lymyilevan-luteita-hankala-lahtea-tekemaan-toita\/9083696\" rel=\"nofollow noopener\" target=\"_blank\"><strong class=\"typography-bold\">\u00c4l\u00e4 tee t\u00e4t\u00e4 mokaa, jos ep\u00e4ilet kodissasi lymyilev\u00e4n luteita: &#8221;Hankala l\u00e4hte\u00e4 tekem\u00e4\u00e4n t\u00f6it\u00e4&#8221;<\/strong><\/a><strong class=\"typography-bold\">Asiakaspalvelijakin yll\u00e4ttyi<\/strong><\/p>\n<p>Meeri kertoo ottaneensa heti yhteytt\u00e4 Ikean asiakaspalveluun.<\/p>\n<p>\u2013 Asiakaspalvelija pahoitteli kovasti asiaa ja oli itsekin aika yll\u00e4ttynyt, ett\u00e4 sellainen oli l\u00f6ytynyt sielt\u00e4, Meeri kertoo.<\/p>\n<p>Tapauksesta kirjattiin reklamaatio viel\u00e4 samana p\u00e4iv\u00e4n\u00e4, ja Ikea lupasi v\u00e4litt\u00e4\u00e4 Meerin kuvat kuoriaisesta MTV Uutiset on n\u00e4hnyt Meerin ja Ikean asiakaspalvelun v\u00e4list\u00e4 s\u00e4hk\u00f6postiviesittely\u00e4 tapauksesta.<\/p>\n","protected":false},"excerpt":{"rendered":"Ikea-sohvan pakkauksesta l\u00f6ytyi vy\u00f6ihrakuoriainen. Ikea vakuuttaa, ettei sill\u00e4 ole laajempaa hy\u00f6nteisongelmaa. Vantaan Ikeasta sohvan ostanut Meeri l\u00f6ysi odottamattoman&hellip;\n","protected":false},"author":2,"featured_media":342692,"comment_status":"","ping_status":"","sticky":false,"template":"","format":"standard","meta":{"footnotes":"","_share_on_mastodon":"0"},"categories":[76],"tags":[79,77,33,31,30,32,78],"class_list":["post-342691","post","type-post","status-publish","format-standard","has-post-thumbnail","category-talous","tag-business","tag-economy","tag-fi","tag-finland","tag-finnish","tag-suomi","tag-talous"],"share_on_mastodon":{"url":"https:\/\/pubeurope.com\/@fi\/117222955125832644","error":""},"_links":{"self":[{"href":"https:\/\/www.europesays.com\/fi\/wp-json\/wp\/v2\/posts\/342691","targetHints":{"allow":["GET"]}}],"collection":[{"href":"https:\/\/www.europesays.com\/fi\/wp-json\/wp\/v2\/posts"}],"about":[{"href":"https:\/\/www.europesays.com\/fi\/wp-json\/wp\/v2\/types\/post"}],"author":[{"embeddable":true,"href":"https:\/\/www.europesays.com\/fi\/wp-json\/wp\/v2\/users\/2"}],"replies":[{"embeddable":true,"href":"https:\/\/www.europesays.com\/fi\/wp-json\/wp\/v2\/comments?post=342691"}],"version-history":[{"count":0,"href":"https:\/\/www.europesays.com\/fi\/wp-json\/wp\/v2\/posts\/342691\/revisions"}],"wp:featuredmedia":[{"embeddable":true,"href":"https:\/\/www.europesays.com\/fi\/wp-json\/wp\/v2\/media\/342692"}],"wp:attachment":[{"href":"https:\/\/www.europesays.com\/fi\/wp-json\/wp\/v2\/media?parent=342691"}],"wp:term":[{"taxonomy":"category","embeddable":true,"href":"https:\/\/www.europesays.com\/fi\/wp-json\/wp\/v2\/categories?post=342691"},{"taxonomy":"post_tag","embeddable":true,"href":"https:\/\/www.europesays.com\/fi\/wp-json\/wp\/v2\/tags?post=342691"}],"curies":[{"name":"wp","href":"https:\/\/api.w.org\/{rel}","templated":true}]}}