{"id":342695,"date":"2026-09-06T07:39:33","date_gmt":"2026-09-06T07:39:33","guid":{"rendered":"https:\/\/www.europesays.com\/fi\/342695\/"},"modified":"2026-09-06T07:39:33","modified_gmt":"2026-09-06T07:39:33","slug":"hyvinvointialueen-karmeat-yt-luvut-jakavat-kansanedustajia-oppositio-vaatii-lisaaikaa-kokoomus-tehostamista-kotimaa","status":"publish","type":"post","link":"https:\/\/www.europesays.com\/fi\/342695\/","title":{"rendered":"Hyvinvointi\u00adalueen karmeat yt-luvut jakavat kansan\u00adedustajia: oppositio vaatii lis\u00e4aikaa, kokoomus tehostamista | Kotimaa"},"content":{"rendered":"<p class=\"aw__sc-1qwuw0s-0 aw__sc-1vg2sqm-0 epAWpq ecELkD yle__article__paragraph\">Pohjois-Pohjanmaan hyvinvointialue on irtisanomassa yli 300 ty\u00f6ntekij\u00e4\u00e4. Kansanedustajat ovat eri linjoilla p\u00e4\u00e4t\u00f6ksen taustalla olevista syist\u00e4 ja ratkaisuista.<\/p>\n<p><img decoding=\"async\" alt=\"Nelj\u00e4 henkil\u00f6\u00e4 istuu eduskunnan istuntosalissa p\u00f6ytien \u00e4\u00e4ress\u00e4, taustalla puiset sein\u00e4t.\" src=\"https:\/\/www.europesays.com\/fi\/wp-content\/uploads\/2026\/09\/1788508533.png\" class=\"aw__sc-dklauk-0 LPzKX\"\/><\/p>\n<p>Avaa kuvien katselu<\/p>\n<p>Oulun vaalipiirin kansanedustjat Juha H\u00e4nninen (kok.), Olga Oinas-Panuma (kesk.), Pia Hiltunen (sd.) ja Hanna Sarkkinen (vas.). Kuva: Petteri B\u00fclow \/ Yle, Paulus Markkula \/ Yle,  Kuvakollaasi: Kimmo Hiltula \/ Yle<\/p>\n<ul class=\"aw__sc-1yb43iq-0 gFXHv yle__article__list yle__article__list--ul\">\n<li class=\"aw__sc-1yb43iq-1 gVAzbt\">Pohjois-Pohjanmaan hyvinvointialue Pohde irtisanoo yli 300 ty\u00f6ntekij\u00e4\u00e4 muutosneuvottelujen p\u00e4\u00e4tytty\u00e4.<\/li>\n<li class=\"aw__sc-1yb43iq-1 gVAzbt\">Oppositiopuolueiden kansanedustajat syytt\u00e4v\u00e4t hallitusta riitt\u00e4m\u00e4tt\u00f6m\u00e4st\u00e4 rahoituksesta ja liian kire\u00e4st\u00e4 alij\u00e4\u00e4m\u00e4n kattamisajasta.<\/li>\n<li class=\"aw__sc-1yb43iq-1 gVAzbt\">Kokoomuksen Juha H\u00e4nninen sanoo hallituksen kasvattaneen sosiaali- ja terveyspalveluiden rahoitusta nelj\u00e4 miljardia euroa.<\/li>\n<\/ul>\n<p class=\"aw__sc-1qwuw0s-0 aw__sc-ngllmo-0 epAWpq fzYpjk yle__article__paragraph\">Pohjois-Pohjanmaan hyvinvointialueen Pohteen muutosneuvottelut p\u00e4\u00e4ttyiv\u00e4t <a class=\"aw__sc-ngllmo-1 bTDnwX yle__article__link\" href=\"https:\/\/yle.fi\/a\/74-20243864\" role=\"link\" rel=\"nofollow noopener\" target=\"_blank\">ilmoitukseen yli 300 henkil\u00f6n irtisanomisesta<\/a>.<\/p>\n<p class=\"aw__sc-1qwuw0s-0 aw__sc-ngllmo-0 epAWpq fzYpjk yle__article__paragraph\">Oulun vaalipiirin kansanedustajat pit\u00e4v\u00e4t tulosta valitettavana, mutta n\u00e4kemykset syist\u00e4 ja ratkaisuista eroavat.<\/p>\n<p class=\"aw__sc-1qwuw0s-0 aw__sc-ngllmo-0 epAWpq fzYpjk yle__article__paragraph\">Oppositiossa olevan vasemmistoliiton kansanedustaja <strong class=\"aw__sc-ngllmo-2 gdRrun yle__article__strong\">Hanna Sarkkinen<\/strong> kuvailee tulosta masentavaksi.<\/p>\n<p class=\"aw__sc-1qwuw0s-0 aw__sc-ngllmo-0 epAWpq fzYpjk yle__article__paragraph\">\u2013 Se konkretisoi Pohteen ja monen muun hyvinvointialueen ahdinkoa. Pohteella ei ole kovin monia vaihtoehtoja, kun valtion rahoituksen ruuvi on niin kire\u00e4, oululainen Sarkkinen sanoo.<\/p>\n<p class=\"aw__sc-1qwuw0s-0 aw__sc-ngllmo-0 epAWpq fzYpjk yle__article__paragraph\">Sarkkinen arvostelee hallitusta siit\u00e4, ett\u00e4 se ei ajoissa ja riitt\u00e4v\u00e4sti pident\u00e4nyt alij\u00e4\u00e4mien kattamisvelvoiteaikaa.<\/p>\n<p class=\"aw__sc-1qwuw0s-0 aw__sc-ngllmo-0 epAWpq fzYpjk yle__article__paragraph\">\u2013 Pohteen olisi ehdottomasti pit\u00e4nyt saada kaksi vuotta lis\u00e4\u00e4 aikaa kattamisvelvoitteen toteuttamiseen. Hallitus on tehnyt suuren virheen, jota hyvinvointialueen ty\u00f6ntekij\u00e4t ja asukkaat maksavat.<\/p>\n<p>Kokoomuksen H\u00e4nninen: Hallinto ja rakenteet tarkasteluun<\/p>\n<p class=\"aw__sc-1qwuw0s-0 aw__sc-ngllmo-0 epAWpq fzYpjk yle__article__paragraph\">Hallituspuolue kokoomuksen oululainen kansanedustaja <strong class=\"aw__sc-ngllmo-2 gdRrun yle__article__strong\">Juha H\u00e4nninen<\/strong> pit\u00e4\u00e4 irtisanomisia valitettavina.<\/p>\n<p class=\"aw__sc-1qwuw0s-0 aw__sc-ngllmo-0 epAWpq fzYpjk yle__article__paragraph\">\u2013 Uskon, ett\u00e4 Pohteella olisi hallinnossa ja johtamisessa paikkoja, joissa toimintaa voidaan tehostaa ja rakenteita kevent\u00e4\u00e4, H\u00e4nninen sanoo.<\/p>\n<p class=\"aw__sc-1qwuw0s-0 aw__sc-ngllmo-0 epAWpq fzYpjk yle__article__paragraph\">H\u00e4nninen korostaa, ett\u00e4 hallitus on kasvattanut soten rahoitusta noin nelj\u00e4 miljardia euroa edelliskauteen verrattuna.<\/p>\n<p class=\"aw__sc-1qwuw0s-0 aw__sc-ngllmo-0 epAWpq fzYpjk yle__article__paragraph\">\u2013 Hoivan saatavuus ja hyvinvointialueiden talouden tasapainottaminen on ollut keskeinen arvovalinta, vaikka muualta valtiontaloudesta on s\u00e4\u00e4stetty merkitt\u00e4v\u00e4sti.<\/p>\n<p class=\"aw__sc-1qwuw0s-0 aw__sc-ngllmo-0 epAWpq fzYpjk yle__article__paragraph\">H\u00e4nninen ehdottaa s\u00e4\u00e4st\u00f6jen hakemista hallinnosta, tilaratkaisuista ja IT-j\u00e4rjestelmist\u00e4 potilasty\u00f6n sijaan.<\/p>\n<p>SDP:n Hiltunen: Hallituksen leikkauslinja n\u00e4kyy konkreettisesti<\/p>\n<p class=\"aw__sc-1qwuw0s-0 aw__sc-ngllmo-0 epAWpq fzYpjk yle__article__paragraph\">Oppositiossa olevan SDP:n kansanedustaja <strong class=\"aw__sc-ngllmo-2 gdRrun yle__article__strong\">Pia Hiltunen<\/strong> pit\u00e4\u00e4 tilannetta eritt\u00e4in surullisena.<\/p>\n<p class=\"aw__sc-1qwuw0s-0 aw__sc-ngllmo-0 epAWpq fzYpjk yle__article__paragraph\">\u2013 En voi edes kuvitella, milt\u00e4 ty\u00f6ntekij\u00f6ist\u00e4 tuntuu. Ihmiset, jotka ovat tehneet valtavan arvokasta ty\u00f6t\u00e4, joutuvat kantamaan hallituksen sote-politiikan seurauksia, oululainen Hiltunen sanoo.<\/p>\n<p class=\"aw__sc-1qwuw0s-0 aw__sc-ngllmo-0 epAWpq fzYpjk yle__article__paragraph\">H\u00e4n muistuttaa, ett\u00e4 eduskunnassa k\u00e4siteltiin juuri eduskunnan oikeusasiamiehen kertomusta, jossa todettiin hyvinvointialueiden resurssien olevan riitt\u00e4m\u00e4tt\u00f6m\u00e4t.<\/p>\n<p class=\"aw__sc-1qwuw0s-0 aw__sc-ngllmo-0 epAWpq fzYpjk yle__article__paragraph\">\u2013 Samaan aikaan, kun eduskunnassa keskustellaan lakis\u00e4\u00e4teisten palvelujen vaarantumisesta, Pohteella joudutaan irtisanomaan satoja ty\u00f6ntekij\u00f6it\u00e4. N\u00e4m\u00e4 asiat liittyv\u00e4t suoraan toisiinsa, Hiltunen painottaa.<\/p>\n<p class=\"aw__sc-1qwuw0s-0 aw__sc-ngllmo-0 epAWpq fzYpjk yle__article__paragraph\">H\u00e4n arvostelee erityisesti sit\u00e4, ett\u00e4 henkil\u00f6st\u00f6n v\u00e4hent\u00e4miset kohdistuvat my\u00f6s asiakas- ja potilasty\u00f6h\u00f6n.<\/p>\n<p class=\"aw__sc-1qwuw0s-0 aw__sc-ngllmo-0 epAWpq fzYpjk yle__article__paragraph\">\u2013 Kokoomuksen ratkaisu tuntuu kerta toisensa j\u00e4lkeen olevan vain leikkaaminen. On perusteltua kysy\u00e4, kuinka kauan hyvinvointiyhteiskunta kest\u00e4\u00e4 kokoomuksen kohtuutonta leikkauslinjaa.<\/p>\n<p>Keskustan Oinas-Panuma: Syy tulee hallituksen p\u00e4\u00e4st\u00e4<\/p>\n<p class=\"aw__sc-1qwuw0s-0 aw__sc-ngllmo-0 epAWpq fzYpjk yle__article__paragraph\">Oppositiopuolue keskustan pudasj\u00e4rvel\u00e4inen kansanedustaja <strong class=\"aw__sc-ngllmo-2 gdRrun yle__article__strong\">Olga Oinas-Panuma<\/strong> on \u00e4\u00e4rimm\u00e4isen surullinen tilanteesta.<\/p>\n<p class=\"aw__sc-1qwuw0s-0 aw__sc-ngllmo-0 epAWpq fzYpjk yle__article__paragraph\">\u2013 En suinkaan syyt\u00e4 t\u00e4st\u00e4 Pohdetta, koska tied\u00e4n varsin hyvin, ett\u00e4 syy tulee hallituksen p\u00e4\u00e4st\u00e4. Valtion rahoituksen nousu ei kata edes palkkojen nousua, Oinas-Panuma sanoo.<\/p>\n<p class=\"aw__sc-1qwuw0s-0 aw__sc-ngllmo-0 epAWpq fzYpjk yle__article__paragraph\">H\u00e4n vaatii valtiota tulemaan vastaan ja antamaan lis\u00e4aikaa alij\u00e4\u00e4m\u00e4n kattamiseen.<\/p>\n<p class=\"aw__sc-1qwuw0s-0 aw__sc-ngllmo-0 epAWpq fzYpjk yle__article__paragraph\">\u2013 Alij\u00e4\u00e4m\u00e4t joudutaan kattamaan liian nopealla aikataululla, jolloin ei pystyt\u00e4 tekem\u00e4\u00e4n j\u00e4rkev\u00e4\u00e4 ja ennakoitavaa p\u00e4\u00e4t\u00f6ksentekoa.<\/p>\n<p class=\"aw__sc-1qwuw0s-0 aw__sc-ngllmo-0 epAWpq fzYpjk yle__article__paragraph\">Yle tavoitteli juttua varten hallituspuolueista my\u00f6s Oulun vaalipiirin perussuomalaisia kansanedustajia, mutta ei saanut vastauksia.<\/p>\n<p class=\"aw__sc-1qwuw0s-0 aw__sc-ngllmo-0 epAWpq fzYpjk yle__article__paragraph\"><strong class=\"aw__sc-ngllmo-2 gdRrun yle__article__strong\">Kuuntele Kaupunkipodi Oulusta siit\u00e4, miten nykyiseen tilanteeseen on Pohteella p\u00e4\u00e4dytty:<\/strong><\/p>\n<p><img decoding=\"async\" alt=\"\" src=\"https:\/\/www.europesays.com\/fi\/wp-content\/uploads\/2026\/09\/13-1-78208597-1779888327353.jpeg\" class=\"aw__sc-dklauk-0 LPzKX\"\/><\/p>\n","protected":false},"excerpt":{"rendered":"Pohjois-Pohjanmaan hyvinvointialue on irtisanomassa yli 300 ty\u00f6ntekij\u00e4\u00e4. Kansanedustajat ovat eri linjoilla p\u00e4\u00e4t\u00f6ksen taustalla olevista syist\u00e4 ja ratkaisuista. Avaa&hellip;\n","protected":false},"author":2,"featured_media":342696,"comment_status":"","ping_status":"","sticky":false,"template":"","format":"standard","meta":{"footnotes":"","_share_on_mastodon":"0"},"categories":[12],"tags":[22,23,26,27,33,31,30,17,2218,6264,71,24,25,28,29,15,18,21,728,9141,637,32,19,20,16,2253],"class_list":["post-342695","post","type-post","status-publish","format-standard","has-post-thumbnail","category-suomi","tag-breaking-news","tag-breakingnews","tag-featured-news","tag-featurednews","tag-fi","tag-finland","tag-finnish","tag-headlines","tag-hyvinvointialueet","tag-kansanedustajat","tag-kotimaa","tag-latest-news","tag-latestnews","tag-main-news","tag-mainnews","tag-news","tag-otsikot","tag-paauutiset","tag-pohjois-pohjanmaa","tag-pohjois-pohjanmaan-hyvinvointialue","tag-politiikka","tag-suomi","tag-top-stories","tag-topstories","tag-uutiset","tag-yt-neuvottelut"],"share_on_mastodon":{"url":"https:\/\/pubeurope.com\/@fi\/117222963678811273","error":""},"_links":{"self":[{"href":"https:\/\/www.europesays.com\/fi\/wp-json\/wp\/v2\/posts\/342695","targetHints":{"allow":["GET"]}}],"collection":[{"href":"https:\/\/www.europesays.com\/fi\/wp-json\/wp\/v2\/posts"}],"about":[{"href":"https:\/\/www.europesays.com\/fi\/wp-json\/wp\/v2\/types\/post"}],"author":[{"embeddable":true,"href":"https:\/\/www.europesays.com\/fi\/wp-json\/wp\/v2\/users\/2"}],"replies":[{"embeddable":true,"href":"https:\/\/www.europesays.com\/fi\/wp-json\/wp\/v2\/comments?post=342695"}],"version-history":[{"count":0,"href":"https:\/\/www.europesays.com\/fi\/wp-json\/wp\/v2\/posts\/342695\/revisions"}],"wp:featuredmedia":[{"embeddable":true,"href":"https:\/\/www.europesays.com\/fi\/wp-json\/wp\/v2\/media\/342696"}],"wp:attachment":[{"href":"https:\/\/www.europesays.com\/fi\/wp-json\/wp\/v2\/media?parent=342695"}],"wp:term":[{"taxonomy":"category","embeddable":true,"href":"https:\/\/www.europesays.com\/fi\/wp-json\/wp\/v2\/categories?post=342695"},{"taxonomy":"post_tag","embeddable":true,"href":"https:\/\/www.europesays.com\/fi\/wp-json\/wp\/v2\/tags?post=342695"}],"curies":[{"name":"wp","href":"https:\/\/api.w.org\/{rel}","templated":true}]}}