{"id":342697,"date":"2026-09-06T07:40:13","date_gmt":"2026-09-06T07:40:13","guid":{"rendered":"https:\/\/www.europesays.com\/fi\/342697\/"},"modified":"2026-09-06T07:40:13","modified_gmt":"2026-09-06T07:40:13","slug":"saako-saksa-tanaan-aarioikeistolaisen-paaministerin-tasta-on-kyse","status":"publish","type":"post","link":"https:\/\/www.europesays.com\/fi\/342697\/","title":{"rendered":"Saako Saksa t\u00e4n\u00e4\u00e4n \u00e4\u00e4rioikeistolaisen p\u00e4\u00e4ministerin? T\u00e4st\u00e4 on kyse"},"content":{"rendered":"<p>\u00c4\u00e4rioikeistolle povataan murskavoittoa osavaltiovaaleissa.<\/p>\n<p><img decoding=\"async\" src=\"https:\/\/www.europesays.com\/fi\/wp-content\/uploads\/2026\/09\/1788680413_645_468.jpg\" alt=\"Ulrich Siegmund on AfD:n k\u00e4rkiehdokas.\" class=\"_Img_1rerz_1\" style=\"aspect-ratio:1920\/1080\" loading=\"eager\"\/><\/p>\n<p class=\"font-(family-name:--picture-caption-font-family) text-(length:--picture-caption-font-size) leading-(--picture-caption-leading) font-(--picture-caption-font-weight) text-(color:--picture-caption-color)\">Ulrich Siegmund on AfD:n k\u00e4rkiehdokas. Kuva:\u00a0CLEMENS BILAN<\/p>\n<p class=\"article-body mb-(--paragraph-margin-b) px-nof-16\">Saksi-Anhaltin osavaltiossa Saksassa \u00e4\u00e4nestet\u00e4\u00e4n t\u00e4n\u00e4\u00e4n osavaltiovaaleissa, joiden seurauksena Saksa saattaa saada ensimm\u00e4ist\u00e4 kertaa toisen maailmansodan j\u00e4lkeen \u00e4\u00e4rioikeistolaisen osavaltion p\u00e4\u00e4ministerin.<\/p>\n<p class=\"article-body mb-(--paragraph-margin-b) px-nof-16\">Viimeisimpien mielipidemittausten mukaan on todenn\u00e4k\u00f6ist\u00e4, ett\u00e4 Vaihtoehto Saksalle -puolue (AfD) voittaa vaalit. AfD on luokiteltu osittain \u00e4\u00e4rioikeistolaiseksi puolueeksi. Saksi-Anhaltissa AfD on Saksan kotimaan turvallisuusviraston mukaan kuitenkin \u201dvarmistetusti \u00e4\u00e4ri\u00adoikeistolainen\u201d.<\/p>\n<p class=\"article-body mb-(--paragraph-margin-b) px-nof-16\">Muut puolueet ovat Saksassa kielt\u00e4ytyneet yhteisty\u00f6st\u00e4 AfD:n kanssa, joten keskeinen kysymys on, kuinka suurella marginaalilla AfD voittaa.<\/p>\n<p class=\"article-body mb-(--paragraph-margin-b) px-nof-16\">Jos AfD saa enemmist\u00f6n osavaltioparlamentin paikoista, se voi muodostaa osavaltion hallituksen itse. Tuolloin puolueen k\u00e4rkiehdokas <a class=\"font-bold underline-offset-[0.12em] [text-decoration:var(--person-link-text-decoration)] [text-decoration-color:var(--person-link-text-decoration-color)]!\" href=\"https:\/\/www.is.fi\/haku\/?query=Ulrich%20Siegmund\" rel=\"nofollow noopener\" target=\"_blank\">Ulrich Siegmund<\/a> nousisi mit\u00e4 todenn\u00e4k\u00f6isimmin osavaltion p\u00e4\u00e4ministeriksi.<\/p>\n<p class=\"article-body mb-(--paragraph-margin-b) px-nof-16\">The Guardianin <a class=\"underline underline-offset-[0.12em] [text-decoration-thickness:var(--generic-link-underline-thickness)] [text-decoration-color:var(--generic-link-underline-color)] [text-decoration-skip-ink:var(--generic-link-underline-skip-ink)] break-words\" href=\"https:\/\/www.theguardian.com\/world\/2026\/sep\/05\/saxony-anhalt-far-right-afd-plans-german-state-poll\" rel=\"nofollow noopener\" target=\"_blank\">mukaan<\/a> AfD:n kannatusluvut ovat Saksi-Anhaltissa viimeisimpien mielipidemittausten mukaan 40\u201342 prosentin luokkaa. Puolue voi kuitenkin saavuttaa enemmist\u00f6n osavaltioparlamentin paikoista, vaikka sen \u00e4\u00e4nisaalis j\u00e4isi alle 50 prosenttiin \u00e4\u00e4nist\u00e4.<\/p>\n<p class=\"article-body mb-(--paragraph-margin-b) px-nof-16\">Saksan vaalij\u00e4rjestelm\u00e4ss\u00e4 on viiden prosentin \u00e4\u00e4nikynnys, mik\u00e4 tarkoittaa sit\u00e4, ett\u00e4 alle viisi prosenttia \u00e4\u00e4nist\u00e4 saaneet puolueet eiv\u00e4t saa lainkaan edustajia osavaltioparlamenttiin.<\/p>\n<p class=\"article-body mb-(--paragraph-margin-b) px-nof-16\">Katseet keskittyv\u00e4tkin nyt muun muassa siihen, kuinka moni puolue mahdollisesti j\u00e4\u00e4 alle tuon viiden prosentin rajan. Mit\u00e4 enemm\u00e4n t\u00e4llaisia puolueita on, sit\u00e4 todenn\u00e4k\u00f6isemmin AfD voi saavuttaa yli puolet jaossa olevista paikoista.<\/p>\n<p class=\"article-body mb-(--paragraph-margin-b) px-nof-16\">Osavaltiossa on noin 1,7 miljoonaa \u00e4\u00e4nioikeutettua. Vaalihuoneistot avautuvat kahdeksalta aamulla ja sulkeutuvat iltakuudelta paikallista aikaa eli iltaseitsem\u00e4lt\u00e4 Suomen aikaa.<\/p>\n<p class=\"article-body mb-(--paragraph-margin-b) px-nof-16\">\u00c4\u00e4ntenlaskennan ensimm\u00e4isi\u00e4 v\u00e4lituloksia odotetaan pian vaalihuoneistojen sulkeuduttua.<\/p>\n","protected":false},"excerpt":{"rendered":"\u00c4\u00e4rioikeistolle povataan murskavoittoa osavaltiovaaleissa. Ulrich Siegmund on AfD:n k\u00e4rkiehdokas. Kuva:\u00a0CLEMENS BILAN Saksi-Anhaltin osavaltiossa Saksassa \u00e4\u00e4nestet\u00e4\u00e4n t\u00e4n\u00e4\u00e4n osavaltiovaaleissa, joiden&hellip;\n","protected":false},"author":2,"featured_media":342698,"comment_status":"","ping_status":"","sticky":false,"template":"","format":"standard","meta":{"footnotes":"","_share_on_mastodon":"0"},"categories":[5],"tags":[22,23,26,27,33,31,30,17,34,24,25,28,29,15,18,21,32,19,20,16],"class_list":["post-342697","post","type-post","status-publish","format-standard","has-post-thumbnail","category-otsikot","tag-breaking-news","tag-breakingnews","tag-featured-news","tag-featurednews","tag-fi","tag-finland","tag-finnish","tag-headlines","tag-ilta-sanomat","tag-latest-news","tag-latestnews","tag-main-news","tag-mainnews","tag-news","tag-otsikot","tag-paauutiset","tag-suomi","tag-top-stories","tag-topstories","tag-uutiset"],"share_on_mastodon":{"url":"https:\/\/pubeurope.com\/@fi\/117222966795258894","error":""},"_links":{"self":[{"href":"https:\/\/www.europesays.com\/fi\/wp-json\/wp\/v2\/posts\/342697","targetHints":{"allow":["GET"]}}],"collection":[{"href":"https:\/\/www.europesays.com\/fi\/wp-json\/wp\/v2\/posts"}],"about":[{"href":"https:\/\/www.europesays.com\/fi\/wp-json\/wp\/v2\/types\/post"}],"author":[{"embeddable":true,"href":"https:\/\/www.europesays.com\/fi\/wp-json\/wp\/v2\/users\/2"}],"replies":[{"embeddable":true,"href":"https:\/\/www.europesays.com\/fi\/wp-json\/wp\/v2\/comments?post=342697"}],"version-history":[{"count":0,"href":"https:\/\/www.europesays.com\/fi\/wp-json\/wp\/v2\/posts\/342697\/revisions"}],"wp:featuredmedia":[{"embeddable":true,"href":"https:\/\/www.europesays.com\/fi\/wp-json\/wp\/v2\/media\/342698"}],"wp:attachment":[{"href":"https:\/\/www.europesays.com\/fi\/wp-json\/wp\/v2\/media?parent=342697"}],"wp:term":[{"taxonomy":"category","embeddable":true,"href":"https:\/\/www.europesays.com\/fi\/wp-json\/wp\/v2\/categories?post=342697"},{"taxonomy":"post_tag","embeddable":true,"href":"https:\/\/www.europesays.com\/fi\/wp-json\/wp\/v2\/tags?post=342697"}],"curies":[{"name":"wp","href":"https:\/\/api.w.org\/{rel}","templated":true}]}}