{"id":342699,"date":"2026-09-06T07:52:13","date_gmt":"2026-09-06T07:52:13","guid":{"rendered":"https:\/\/www.europesays.com\/fi\/342699\/"},"modified":"2026-09-06T07:52:13","modified_gmt":"2026-09-06T07:52:13","slug":"tara-lehtonen-avautuu-missivuodesta-ilta-sanomat","status":"publish","type":"post","link":"https:\/\/www.europesays.com\/fi\/342699\/","title":{"rendered":"Tara Lehtonen avautuu missivuodesta &#8211; Ilta-Sanomat"},"content":{"rendered":"<p>Tara Lehtonen sai Miss Suomi -tittelin viime joulukuussa poikkeuksellisella tavalla.<\/p>\n<p><img decoding=\"async\" src=\"https:\/\/www.europesays.com\/fi\/wp-content\/uploads\/2026\/09\/1788681131_370_468.jpg\" alt=\"Tara Lehtonen edusti s\u00e4ken\u00f6iv\u00e4n sinisess\u00e4 asussa Miss Suomi -kisan finaalissa.\" class=\"_Img_1rerz_1\" style=\"aspect-ratio:1920\/1080\" loading=\"eager\"\/><\/p>\n<p class=\"font-(family-name:--picture-caption-font-family) text-(length:--picture-caption-font-size) leading-(--picture-caption-leading) font-(--picture-caption-font-weight) text-(color:--picture-caption-color)\">Tara Lehtonen edusti s\u00e4ken\u00f6iv\u00e4n sinisess\u00e4 asussa Miss Suomi -kisan finaalissa. Kuva:\u00a0Jussi Helttunen<\/p>\n<p class=\"article-body mb-(--paragraph-margin-b) px-nof-16\">Vuoden 2025 Miss Suomi <a class=\"font-bold underline-offset-[0.12em] [text-decoration:var(--person-link-text-decoration)] [text-decoration-color:var(--person-link-text-decoration-color)]!\" href=\"https:\/\/www.is.fi\/haku\/?query=Tara%20Lehtonen\" rel=\"nofollow noopener\" target=\"_blank\">Tara Lehtonen <\/a>purskahti kyyneliin, kun h\u00e4n lauantai-iltana luovutti kruununsa eteenp\u00e4in missikisan finaalissa.<\/p>\n<p class=\"article-body mb-(--paragraph-margin-b) px-nof-16\">\u2013 Meinaa viel\u00e4kin nousta kyyneleet silmiin, kun mietin tuota missivuotta, h\u00e4n sanoo Ilta-Sanomille.<\/p>\n<p class=\"article-body mb-(--paragraph-margin-b) px-nof-16\">Uudeksi Miss Suomeksi kruunattiin 30-vuotias <a class=\"font-bold underline-offset-[0.12em] [text-decoration:var(--person-link-text-decoration)] [text-decoration-color:var(--person-link-text-decoration-color)]!\" href=\"https:\/\/www.is.fi\/haku\/?query=Veera%20Gr%C3%B6nlund\" rel=\"nofollow noopener\" target=\"_blank\">Veera Gr\u00f6nlund<\/a>.<\/p>\n<p class=\"article-body mb-(--paragraph-margin-b) px-nof-16\">Lue lis\u00e4\u00e4: <a class=\"underline underline-offset-[0.12em] [text-decoration-thickness:var(--generic-link-underline-thickness)] [text-decoration-color:var(--generic-link-underline-color)] [text-decoration-skip-ink:var(--generic-link-underline-skip-ink)] break-words\" href=\"https:\/\/www.is.fi\/viihde\/art-2000012252647.html\" rel=\"nofollow noopener\" target=\"_blank\">Uusi Miss Suomi h\u00e4keltyi juuri h-hetkell\u00e4 \u2013 itsevarma lausunto julki<\/a><\/p>\n<p class=\"article-body mb-(--paragraph-margin-b) px-nof-16\">Lehtosen kyyneleet olivat haikeuden ja onnen kyyneli\u00e4. Missivuosi oli poikkeuksellinen ja mieleenpainuva.<\/p>\n<p class=\"article-body mb-(--paragraph-margin-b) px-nof-16\">Poikkeuksellinen oli erityisesti tapa, jolla Lehtonen sai missikruununsa. Lehtonen nousi Miss Suomeksi joulukuussa 2025. Kruunu siirtyi h\u00e4nelle, koska kilpailun alun perin voittanut <a class=\"font-bold underline-offset-[0.12em] [text-decoration:var(--person-link-text-decoration)] [text-decoration-color:var(--person-link-text-decoration-color)]!\" href=\"https:\/\/www.is.fi\/haku\/?query=Sarah%20Dzafce\" rel=\"nofollow noopener\" target=\"_blank\">Sarah Dzafce<\/a> joutui luopumaan tittelist\u00e4\u00e4n sosiaalisessa mediassa nousseen rasismikohun seurauksena.<\/p>\n<p class=\"article-body mb-(--paragraph-margin-b) px-nof-16\">\u2013 Silloin oli erikoiset ajatukset. Oli h\u00e4mment\u00e4v\u00e4\u00e4 saada se puhelu <a class=\"font-bold underline-offset-[0.12em] [text-decoration:var(--person-link-text-decoration)] [text-decoration-color:var(--person-link-text-decoration-color)]!\" href=\"https:\/\/www.is.fi\/haku\/?query=Sunnevalta%20[Sj%C3%B6gren]\" rel=\"nofollow noopener\" target=\"_blank\">Sunnevalta [Sj\u00f6gren]<\/a> t\u00f6ihin, ett\u00e4 n\u00e4in on k\u00e4ym\u00e4ss\u00e4. J\u00e4lkik\u00e4teen ajateltuna tilanne oli haastava, mihin minut laitettiin.<\/p>\n<p><img decoding=\"async\" src=\"https:\/\/www.europesays.com\/fi\/wp-content\/uploads\/2026\/09\/1788681132_748_468.jpg\" alt=\"Tara Lehtosen Miss Suomi -kausi oli tynk\u00e4, noin yhdeks\u00e4n kuukautta.\" class=\"_Img_1rerz_1\" style=\"aspect-ratio:1280\/1920\" loading=\"eager\"\/><\/p>\n<p class=\"font-(family-name:--picture-caption-font-family) text-(length:--picture-caption-font-size) leading-(--picture-caption-leading) font-(--picture-caption-font-weight) text-(color:--picture-caption-color) picture-with-caption__caption picture-with-caption__caption--default-full\">Tara Lehtosen Miss Suomi -kausi oli tynk\u00e4, noin yhdeks\u00e4n kuukautta. Kuva:\u00a0Jussi Helttunen<\/p>\n<p class=\"article-body mb-(--paragraph-margin-b) px-nof-16\">Dzafcen kruunusta luopuminen aiheutti kohua varsinkin somessa. Monet olivat p\u00f6yristyneit\u00e4 missitittelin dramaattisesta kohtalosta.<\/p>\n<p class=\"article-body mb-(--paragraph-margin-b) px-nof-16\">Lehtonen kokee, ett\u00e4 kaikki k\u00e4\u00e4nnettiin kuitenkin lopulta positiiviseksi. Aluksi oli kuitenkin vaikeaa.<\/p>\n<p class=\"article-body mb-(--paragraph-margin-b) px-nof-16\">\u2013 Siin\u00e4 hetkess\u00e4 niin paljon negatiivista, enemm\u00e4n kuin positiivista. Oli tosi paljon ristiriitaisia tunteita.<\/p>\n<p class=\"article-body mb-(--paragraph-margin-b) px-nof-16\">Lue lis\u00e4\u00e4: <a class=\"underline underline-offset-[0.12em] [text-decoration-thickness:var(--generic-link-underline-thickness)] [text-decoration-color:var(--generic-link-underline-color)] [text-decoration-skip-ink:var(--generic-link-underline-skip-ink)] break-words\" href=\"https:\/\/www.is.fi\/viihde\/art-2000012195667.html\" rel=\"nofollow noopener\" target=\"_blank\">Kirja: Sarah Dzafcen kruunukohu kuohuttaa yh\u00e4 \u2013 ex-missit arvostelevat rajua ratkaisua<\/a><\/p>\n<p><img decoding=\"async\" src=\"https:\/\/www.europesays.com\/fi\/wp-content\/uploads\/2026\/09\/1788681133_510_468.jpg\" alt=\"Sarah Dzafce luopui kruunustaa joulukuussa ja sen sai ensimm\u00e4inen perint\u00f6prinsessa Tara Lehtonen.\" class=\"_Img_1rerz_1\" style=\"aspect-ratio:1280\/1920\" loading=\"eager\"\/><\/p>\n<p class=\"font-(family-name:--picture-caption-font-family) text-(length:--picture-caption-font-size) leading-(--picture-caption-leading) font-(--picture-caption-font-weight) text-(color:--picture-caption-color) picture-with-caption__caption picture-with-caption__caption--default-full\">Sarah Dzafce luopui kruunustaa joulukuussa ja sen sai ensimm\u00e4inen perint\u00f6prinsessa Tara Lehtonen. Kuva:\u00a0Ivan Bessedin<\/p>\n<p class=\"article-body mb-(--paragraph-margin-b) px-nof-16\">H\u00e4n harmittelee, ettei saanut samanlaista nostetta missifinaalista kuin muut Miss Suomi -voittajat.<\/p>\n<p class=\"article-body mb-(--paragraph-margin-b) px-nof-16\">\u2013 Halusin kuitenkin sen yhdeks\u00e4n kuukauden aikana tehd\u00e4 parhaani. Kyll\u00e4 siin\u00e4 sai tehd\u00e4 t\u00f6it\u00e4, ett\u00e4 sen kaiken sai k\u00e4\u00e4nnetty\u00e4 positiiviseksi. Mutta onnistuin siin\u00e4 mielest\u00e4ni hyvin, Lehtonen kuvailee.<\/p>\n<p class=\"article-body mb-(--paragraph-margin-b) px-nof-16\">Missivuodesta p\u00e4\u00e4llimm\u00e4isen\u00e4 h\u00e4nelle j\u00e4iv\u00e4t mieleen tapaamiset ihmisten kanssa, verkostoituminen ja tapahtumissa k\u00e4yminen.<\/p>\n<p class=\"article-body mb-(--paragraph-margin-b) px-nof-16\">Lehtonen haluaa jatkossakin toimia tapahtumayritt\u00e4j\u00e4n\u00e4, kuten t\u00e4h\u00e4nkin saakka. Misseyden tuomaa osaamista ja verkostoja h\u00e4n toivoo p\u00e4\u00e4sev\u00e4ns\u00e4 hy\u00f6dynt\u00e4m\u00e4\u00e4n.<\/p>\n<p class=\"article-body mb-(--paragraph-margin-b) px-nof-16\">\u2013 Katsotaan mik\u00e4 on omin suuntaus jatkossa, onko se enemm\u00e4n lavalla esiintymist\u00e4 vai millaista.<\/p>\n","protected":false},"excerpt":{"rendered":"Tara Lehtonen sai Miss Suomi -tittelin viime joulukuussa poikkeuksellisella tavalla. Tara Lehtonen edusti s\u00e4ken\u00f6iv\u00e4n sinisess\u00e4 asussa Miss Suomi&hellip;\n","protected":false},"author":2,"featured_media":342700,"comment_status":"","ping_status":"","sticky":false,"template":"","format":"standard","meta":{"footnotes":"","_share_on_mastodon":"0"},"categories":[136],"tags":[407,137,33,31,30,34,408,32,109],"class_list":["post-342699","post","type-post","status-publish","format-standard","has-post-thumbnail","category-julkkikset","tag-celebrities","tag-entertainment","tag-fi","tag-finland","tag-finnish","tag-ilta-sanomat","tag-julkkikset","tag-suomi","tag-viihde"],"share_on_mastodon":{"url":"https:\/\/pubeurope.com\/@fi\/117223014425750743","error":""},"_links":{"self":[{"href":"https:\/\/www.europesays.com\/fi\/wp-json\/wp\/v2\/posts\/342699","targetHints":{"allow":["GET"]}}],"collection":[{"href":"https:\/\/www.europesays.com\/fi\/wp-json\/wp\/v2\/posts"}],"about":[{"href":"https:\/\/www.europesays.com\/fi\/wp-json\/wp\/v2\/types\/post"}],"author":[{"embeddable":true,"href":"https:\/\/www.europesays.com\/fi\/wp-json\/wp\/v2\/users\/2"}],"replies":[{"embeddable":true,"href":"https:\/\/www.europesays.com\/fi\/wp-json\/wp\/v2\/comments?post=342699"}],"version-history":[{"count":0,"href":"https:\/\/www.europesays.com\/fi\/wp-json\/wp\/v2\/posts\/342699\/revisions"}],"wp:featuredmedia":[{"embeddable":true,"href":"https:\/\/www.europesays.com\/fi\/wp-json\/wp\/v2\/media\/342700"}],"wp:attachment":[{"href":"https:\/\/www.europesays.com\/fi\/wp-json\/wp\/v2\/media?parent=342699"}],"wp:term":[{"taxonomy":"category","embeddable":true,"href":"https:\/\/www.europesays.com\/fi\/wp-json\/wp\/v2\/categories?post=342699"},{"taxonomy":"post_tag","embeddable":true,"href":"https:\/\/www.europesays.com\/fi\/wp-json\/wp\/v2\/tags?post=342699"}],"curies":[{"name":"wp","href":"https:\/\/api.w.org\/{rel}","templated":true}]}}