{"id":342703,"date":"2026-09-06T07:59:13","date_gmt":"2026-09-06T07:59:13","guid":{"rendered":"https:\/\/www.europesays.com\/fi\/342703\/"},"modified":"2026-09-06T07:59:13","modified_gmt":"2026-09-06T07:59:13","slug":"jakob-ingebrigtsen-pyytaa-anteeksi-ilta-sanomat","status":"publish","type":"post","link":"https:\/\/www.europesays.com\/fi\/342703\/","title":{"rendered":"Jakob Ingebrigtsen pyyt\u00e4\u00e4 anteeksi &#8211; Ilta-Sanomat"},"content":{"rendered":"<p>Kest\u00e4vyysjuoksija Jakob Ingebrigtsen katuu Timanttiliigan finaalin j\u00e4lkeist\u00e4 kommenttiaan.<\/p>\n<p><img decoding=\"async\" src=\"https:\/\/www.europesays.com\/fi\/wp-content\/uploads\/2026\/09\/1788681553_686_468.jpg\" alt=\"Jakob Ingebrigtsen oli raivoissaan j\u00e4\u00e4ty\u00e4\u00e4n Timanttiliigan finaalin 1\u202f500 metrin kilpailussa nelj\u00e4nneksi.\" class=\"_Img_1rerz_1\" style=\"aspect-ratio:1920\/1080\" loading=\"eager\"\/><\/p>\n<p class=\"font-(family-name:--picture-caption-font-family) text-(length:--picture-caption-font-size) leading-(--picture-caption-leading) font-(--picture-caption-font-weight) text-(color:--picture-caption-color)\">Jakob Ingebrigtsen oli raivoissaan j\u00e4\u00e4ty\u00e4\u00e4n Timanttiliigan finaalin 1\u202f500 metrin kilpailussa nelj\u00e4nneksi. Kuva:\u00a0Olivier Hoslet \/ EPA<\/p>\n<p class=\"article-body mb-(--paragraph-margin-b) px-nof-16\">Norjalainen kest\u00e4vyysjuoksija <a class=\"font-bold underline-offset-[0.12em] [text-decoration:var(--person-link-text-decoration)] [text-decoration-color:var(--person-link-text-decoration-color)]!\" href=\"https:\/\/www.is.fi\/haku\/?query=Jakob%20Ingebrigtsen\" rel=\"nofollow noopener\" target=\"_blank\">Jakob Ingebrigtsen<\/a> pyyt\u00e4\u00e4 anteeksi perjantain Timanttiliigan finaalin 1\u202f500 metrin kilpailun j\u00e4lkeisi\u00e4 kommenttejaan.<\/p>\n<p class=\"article-body mb-(--paragraph-margin-b) px-nof-16\">\u2013\u2009Minun ei olisi koskaan pit\u00e4nyt kutsua ket\u00e4\u00e4n luuseriksi. Pyyd\u00e4n sit\u00e4 anteeksi, Ingebrigtsen sanoi lauantaina <a class=\"underline underline-offset-[0.12em] [text-decoration-thickness:var(--generic-link-underline-thickness)] [text-decoration-color:var(--generic-link-underline-color)] [text-decoration-skip-ink:var(--generic-link-underline-skip-ink)] break-words\" href=\"https:\/\/www.dagbladet.no\/sport\/na-beklager-han\/85113821\" rel=\"nofollow noopener\" target=\"_blank\">Dagbladetille<\/a>.<\/p>\n<p class=\"article-body mb-(--paragraph-margin-b) px-nof-16\">Kohu alkoi siit\u00e4, kun Ingebrigtsen, 25, j\u00e4i Timanttiliigan finaalin 1\u202f500 metrill\u00e4 nelj\u00e4nneksi. Kilpailun j\u00e4lkeen norjalainen oli raivoissaan <a class=\"underline underline-offset-[0.12em] [text-decoration-thickness:var(--generic-link-underline-thickness)] [text-decoration-color:var(--generic-link-underline-color)] [text-decoration-skip-ink:var(--generic-link-underline-skip-ink)] break-words\" href=\"https:\/\/www.nrk.no\/sport\/ingebrigtsen-stupte-inn-til-4.--plass-i-diamond-league-finalen-1.18014879\" rel=\"nofollow noopener\" target=\"_blank\">NRK:n<\/a> haastattelussa. Siin\u00e4 h\u00e4n haukkui my\u00f6s kilpakumppaninsa:<\/p>\n<p class=\"article-body mb-(--paragraph-margin-b) px-nof-16\">\u2013\u2009Voi helvetti, mit\u00e4 luusereita vastaan jouduin juoksemaan. He kaikki vain odottelivat ja olivat peloissaan. Olen innoissani, ett\u00e4 saan uuden mahdollisuuden muutaman kuukauden p\u00e4\u00e4st\u00e4. Silloin juoksen kaikilta luulot pois.<\/p>\n<p class=\"article-body mb-(--paragraph-margin-b) px-nof-16\">Ingebrigtsenin mielest\u00e4 finaalin vauhdinjako ja j\u00e4nikset olivat h\u00e4nt\u00e4 vastaan. Juoksun ensimm\u00e4inen vauhdittaja oli yhdysvaltalaisen <a class=\"font-bold underline-offset-[0.12em] [text-decoration:var(--person-link-text-decoration)] [text-decoration-color:var(--person-link-text-decoration-color)]!\" href=\"https:\/\/www.is.fi\/haku\/?query=Cole%20Hockerin\" rel=\"nofollow noopener\" target=\"_blank\">Cole Hockerin<\/a> harjoituspari.<\/p>\n<p class=\"article-body mb-(--paragraph-margin-b) px-nof-16\">Hockerin manageri <a class=\"font-bold underline-offset-[0.12em] [text-decoration:var(--person-link-text-decoration)] [text-decoration-color:var(--person-link-text-decoration-color)]!\" href=\"https:\/\/www.is.fi\/haku\/?query=Ray%20Flynn\" rel=\"nofollow noopener\" target=\"_blank\">Ray Flynn<\/a> vastasi Ingebrigtsenin kritiikkiin <a class=\"underline underline-offset-[0.12em] [text-decoration-thickness:var(--generic-link-underline-thickness)] [text-decoration-color:var(--generic-link-underline-color)] [text-decoration-skip-ink:var(--generic-link-underline-skip-ink)] break-words\" href=\"https:\/\/www.vg.no\/sport\/i\/43lr4V\/cole-hocker-manager-slaar-hardt-tilbake-mot-ingebrigtsen-det-er-flaut\" rel=\"nofollow noopener\" target=\"_blank\">VG:lle<\/a>.<\/p>\n<p class=\"article-body mb-(--paragraph-margin-b) px-nof-16\">\u2013\u2009Jakob ei en\u00e4\u00e4 voita kilpailuja, ja h\u00e4n vaikuttaa ylimieliselt\u00e4 juoksijalta, joka syytt\u00e4\u00e4 muita. On noloa, ett\u00e4 suuri mestari valittaa ja syytt\u00e4\u00e4 muita juoksijoita omista virheist\u00e4\u00e4n, Flynn sanoi.<\/p>\n<p class=\"article-body mb-(--paragraph-margin-b) px-nof-16\">Nyt Ingebrigtsen my\u00f6nt\u00e4\u00e4 Dagbladetille, ett\u00e4 h\u00e4nen kommenttinsa my\u00f6s Hockerista olivat mauttomia.<\/p>\n<p class=\"article-body mb-(--paragraph-margin-b) px-nof-16\">\u2013 Se oli rimanalitus, adrenaliinista ja tunteista riippumatta. Mutta seison sen takana, mit\u00e4 sanoin Colen ja h\u00e4nen tiimins\u00e4 pelkurimaisesta toiminnasta. He kertoivat meille muille urheilijoille ja j\u00e4rjest\u00e4jille tavoittelevansa tietty\u00e4 vauhtia ja hankkivat oman j\u00e4niksen sit\u00e4 varten, mutta sitten he tekiv\u00e4tkin jotain aivan muuta, Ingebrigtsen sanoi.<\/p>\n<p class=\"article-body mb-(--paragraph-margin-b) px-nof-16\">\u2013 T\u00e4ss\u00e4 ei ole kyse siit\u00e4, ett\u00e4 h\u00e4visin. En ollut tarpeeksi hyv\u00e4. Kyse on siit\u00e4, ett\u00e4 kantaa vastuun niist\u00e4 velvoitteista, joita on ottanut tapahtuman j\u00e4rjest\u00e4j\u00e4\u00e4, yleis\u00f6\u00e4 ja kilpailijoita kohtaan.<\/p>\n","protected":false},"excerpt":{"rendered":"Kest\u00e4vyysjuoksija Jakob Ingebrigtsen katuu Timanttiliigan finaalin j\u00e4lkeist\u00e4 kommenttiaan. Jakob Ingebrigtsen oli raivoissaan j\u00e4\u00e4ty\u00e4\u00e4n Timanttiliigan finaalin 1\u202f500 metrin kilpailussa&hellip;\n","protected":false},"author":2,"featured_media":342704,"comment_status":"","ping_status":"","sticky":false,"template":"","format":"standard","meta":{"footnotes":"","_share_on_mastodon":"0"},"categories":[158],"tags":[33,31,30,34,159,32,160],"class_list":["post-342703","post","type-post","status-publish","format-standard","has-post-thumbnail","category-urheilu","tag-fi","tag-finland","tag-finnish","tag-ilta-sanomat","tag-sports","tag-suomi","tag-urheilu"],"share_on_mastodon":{"url":"https:\/\/pubeurope.com\/@fi\/117223041506564749","error":""},"_links":{"self":[{"href":"https:\/\/www.europesays.com\/fi\/wp-json\/wp\/v2\/posts\/342703","targetHints":{"allow":["GET"]}}],"collection":[{"href":"https:\/\/www.europesays.com\/fi\/wp-json\/wp\/v2\/posts"}],"about":[{"href":"https:\/\/www.europesays.com\/fi\/wp-json\/wp\/v2\/types\/post"}],"author":[{"embeddable":true,"href":"https:\/\/www.europesays.com\/fi\/wp-json\/wp\/v2\/users\/2"}],"replies":[{"embeddable":true,"href":"https:\/\/www.europesays.com\/fi\/wp-json\/wp\/v2\/comments?post=342703"}],"version-history":[{"count":0,"href":"https:\/\/www.europesays.com\/fi\/wp-json\/wp\/v2\/posts\/342703\/revisions"}],"wp:featuredmedia":[{"embeddable":true,"href":"https:\/\/www.europesays.com\/fi\/wp-json\/wp\/v2\/media\/342704"}],"wp:attachment":[{"href":"https:\/\/www.europesays.com\/fi\/wp-json\/wp\/v2\/media?parent=342703"}],"wp:term":[{"taxonomy":"category","embeddable":true,"href":"https:\/\/www.europesays.com\/fi\/wp-json\/wp\/v2\/categories?post=342703"},{"taxonomy":"post_tag","embeddable":true,"href":"https:\/\/www.europesays.com\/fi\/wp-json\/wp\/v2\/tags?post=342703"}],"curies":[{"name":"wp","href":"https:\/\/api.w.org\/{rel}","templated":true}]}}