{"id":342709,"date":"2026-09-06T08:04:13","date_gmt":"2026-09-06T08:04:13","guid":{"rendered":"https:\/\/www.europesays.com\/fi\/342709\/"},"modified":"2026-09-06T08:04:13","modified_gmt":"2026-09-06T08:04:13","slug":"mita-trumpin-hiuksille-tapahtui","status":"publish","type":"post","link":"https:\/\/www.europesays.com\/fi\/342709\/","title":{"rendered":"Mit\u00e4 Trumpin hiuksille tapahtui?"},"content":{"rendered":"<p>Yhdysvaltain presidentin Donald Trumpin jatkuvasti muuttuva hiustyyli on her\u00e4tt\u00e4nyt ep\u00e4ilyksi\u00e4 ja spekulaatiota.<\/p>\n<p class=\"paragraph\">Moni on joutunut viime aikoina hieraisemaan silmi\u00e4\u00e4n n\u00e4hdess\u00e4\u00e4n Yhdysvaltain presidentin <a href=\"https:\/\/www.iltalehti.fi\/henkilot\/Donald Trumpin\" class=\"article-link-person-page\" rel=\"nofollow noopener\" target=\"_blank\">Donald Trumpin<\/a> hiukset, uutisoi <a href=\"https:\/\/www.themirror.com\/news\/us-news\/trump-debuts-new-darker-hair-2011516\" rel=\"noopener nofollow\" target=\"_blank\">The Mirror<\/a>.<\/p>\n<p class=\"paragraph\">Trump ikuistettiin perjantaina Marylandissa, kun presidentti oli matkalla kohti New Jersey\u00e4 pelaamaan golfia. Tarkkasilm\u00e4isimpien huomio kiinnittyi kuitenkin presidentin selv\u00e4sti tummemmalta n\u00e4ytt\u00e4v\u00e4\u00e4n hiuspehkoon.<\/p>\n<p class=\"paragraph\">Lis\u00e4ksi Trumpin hiukset vaikuttivat my\u00f6s olevan v\u00e4hemm\u00e4n tuuheat.<\/p>\n<p><img decoding=\"async\" class=\"image image-show image-preview\" src=\"https:\/\/www.europesays.com\/fi\/wp-content\/uploads\/2026\/09\/a85272a3b65c5cc87cdb4cceef5ccf14caf95df99ddb23b5f2380758d6b603c2.jpg\" alt=\"\"\/><img decoding=\"async\" class=\"image image-show\" src=\"https:\/\/www.europesays.com\/fi\/wp-content\/uploads\/2026\/09\/1788681853_562_a85272a3b65c5cc87cdb4cceef5ccf14caf95df99ddb23b5f2380758d6b603c2.jpg\" alt=\"\"\/><\/p>\n<p>Donald Trumpin hiukset n\u00e4yttiv\u00e4t perjantaina huomattavasti tummemmilta kuin yleens\u00e4. Reuters<\/p>\n<p class=\"paragraph\">Presidentin hiustyylin k\u00e4\u00e4nteiss\u00e4 ei meinaa pysy\u00e4 mukana, sill\u00e4 kyseess\u00e4 ei ole l\u00e4hesk\u00e4\u00e4n ensimm\u00e4inen kerta, kun Trumpin tukka her\u00e4tt\u00e4\u00e4 kysymyksi\u00e4.<\/p>\n<p class=\"paragraph\">Esimerkiksi maanantaina Trumpin hiukset vaikuttivat melkein l\u00e4pin\u00e4kyvilt\u00e4 h\u00e4nen puhuessaan virkahuoneessaan Oval Officessa l\u00e4\u00e4kkeiden hinnoista.<\/p>\n<p class=\"paragraph\">T\u00e4ll\u00f6in Trumpille tuttu ylikammattu hiustyyli ei juurikaan peitt\u00e4nyt h\u00e4nen otsaansa, joka pilkistikin presidentin ohuen tukan l\u00e4pi.<\/p>\n<p>Donald Trumpin hiusv\u00e4rin vaihtelu on saanut monet olettamaan, ett\u00e4 presidentti k\u00e4ytt\u00e4isi hiuslis\u00e4kett\u00e4. ZumaWire \/ MVPHOTOS<\/p>\n<p class=\"paragraph\">Muutamaa p\u00e4iv\u00e4\u00e4 aiemmin Trumpin ollessa Texasissa presidentin tukka n\u00e4ytti puolestaan l\u00e4hes valkoiselta.<\/p>\n<p class=\"paragraph\">Presidentin tunnusomaisen vaalean hiusv\u00e4rin vaihtelu on saanut monet olettamaan, ett\u00e4 Trump k\u00e4ytt\u00e4isi hiuslis\u00e4kett\u00e4. H\u00e4n kuitenkin vakuutti aiemmin t\u00e4ll\u00e4 viikolla Valkoisen talon ruusupuutarhassa pit\u00e4m\u00e4ss\u00e4\u00e4n puheessa, ettei k\u00e4yt\u00e4 peruukkia.<\/p>\n<p>Kiivas keskustelu<\/p>\n<p class=\"paragraph\">Elokuun alkupuolella Trump esiintyi Las Vegasissa selv\u00e4sti aiempaa tuuheamman <a href=\"https:\/\/www.iltalehti.fi\/viihdeuutiset\/368f53c4-6ff5-4bbe-a040-3361794410b1\" rel=\"nofollow noopener\" target=\"_blank\">hiuspehkon<\/a> saattelemana. T\u00e4ll\u00f6in <a href=\"https:\/\/x.com\/atrupar\/status\/2085115202198966647\" rel=\"noopener nofollow\">viestipalvelu X:ss\u00e4 <\/a>k\u00e4ytiin kiivasta keskustelua presidentin hiuksista.<\/p>\n<p class=\"paragraph\">\u2013 Onko Trumpilla peruukki p\u00e4\u00e4ss\u00e4, vai mit\u00e4 helvetti\u00e4 t\u00e4\u00e4ll\u00e4 on meneill\u00e4\u00e4n? toimittaja <strong>Aaron Rupar<\/strong> kirjoitti.<\/p>\n<p class=\"paragraph\">Spekulointia vauhditti my\u00f6s er\u00e4\u00e4n elokuisen viikonlopun tuulinen s\u00e4\u00e4, joka paljasti presidentin p\u00e4\u00e4nahan koko kansalle.<\/p>\n<p>T\u00e4lt\u00e4 Donald Trumpin hiustyyli n\u00e4ytti viel\u00e4 keskiviikkona. ZumaWire \/ MVPHOTOS<\/p>\n","protected":false},"excerpt":{"rendered":"Yhdysvaltain presidentin Donald Trumpin jatkuvasti muuttuva hiustyyli on her\u00e4tt\u00e4nyt ep\u00e4ilyksi\u00e4 ja spekulaatiota. Moni on joutunut viime aikoina hieraisemaan&hellip;\n","protected":false},"author":2,"featured_media":342710,"comment_status":"","ping_status":"","sticky":false,"template":"","format":"standard","meta":{"footnotes":"","_share_on_mastodon":"0"},"categories":[14],"tags":[35,22,23,26,27,33,31,30,17,24,25,28,29,15,18,21,142,637,144,32,19,20,56,16,59,60,61,143,145],"class_list":["post-342709","post","type-post","status-publish","format-standard","has-post-thumbnail","category-ulkomaat","tag-24h","tag-breaking-news","tag-breakingnews","tag-featured-news","tag-featurednews","tag-fi","tag-finland","tag-finnish","tag-headlines","tag-latest-news","tag-latestnews","tag-main-news","tag-mainnews","tag-news","tag-otsikot","tag-paauutiset","tag-poliitikot","tag-politiikka","tag-presidentti","tag-suomi","tag-top-stories","tag-topstories","tag-ulkomaat","tag-uutiset","tag-world","tag-world-news","tag-worldnews","tag-yhdysvaltain-politiikka","tag-yhdysvaltalaiset-poliittiset-puolueet"],"share_on_mastodon":{"url":"https:\/\/pubeurope.com\/@fi\/117223061960389102","error":""},"_links":{"self":[{"href":"https:\/\/www.europesays.com\/fi\/wp-json\/wp\/v2\/posts\/342709","targetHints":{"allow":["GET"]}}],"collection":[{"href":"https:\/\/www.europesays.com\/fi\/wp-json\/wp\/v2\/posts"}],"about":[{"href":"https:\/\/www.europesays.com\/fi\/wp-json\/wp\/v2\/types\/post"}],"author":[{"embeddable":true,"href":"https:\/\/www.europesays.com\/fi\/wp-json\/wp\/v2\/users\/2"}],"replies":[{"embeddable":true,"href":"https:\/\/www.europesays.com\/fi\/wp-json\/wp\/v2\/comments?post=342709"}],"version-history":[{"count":0,"href":"https:\/\/www.europesays.com\/fi\/wp-json\/wp\/v2\/posts\/342709\/revisions"}],"wp:featuredmedia":[{"embeddable":true,"href":"https:\/\/www.europesays.com\/fi\/wp-json\/wp\/v2\/media\/342710"}],"wp:attachment":[{"href":"https:\/\/www.europesays.com\/fi\/wp-json\/wp\/v2\/media?parent=342709"}],"wp:term":[{"taxonomy":"category","embeddable":true,"href":"https:\/\/www.europesays.com\/fi\/wp-json\/wp\/v2\/categories?post=342709"},{"taxonomy":"post_tag","embeddable":true,"href":"https:\/\/www.europesays.com\/fi\/wp-json\/wp\/v2\/tags?post=342709"}],"curies":[{"name":"wp","href":"https:\/\/api.w.org\/{rel}","templated":true}]}}