{"id":342711,"date":"2026-09-06T08:05:10","date_gmt":"2026-09-06T08:05:10","guid":{"rendered":"https:\/\/www.europesays.com\/fi\/342711\/"},"modified":"2026-09-06T08:05:10","modified_gmt":"2026-09-06T08:05:10","slug":"alaikainen-poika-kuoli-liikenneonnettomuudessa","status":"publish","type":"post","link":"https:\/\/www.europesays.com\/fi\/342711\/","title":{"rendered":"Alaik\u00e4inen poika kuoli liikenneonnettomuudessa"},"content":{"rendered":"<p>Mopoilija kuoli liikenneonnettomuudessa saamiinsa vammoihin.<\/p>\n<p><img decoding=\"async\" class=\"image image-show image-preview\" src=\"https:\/\/www.europesays.com\/fi\/wp-content\/uploads\/2026\/09\/1788681909_769_2ad4bcd88e18c1631c470214983d4188412e20c2b068c384245c9b652cf02329.jpg\" alt=\"\"\/><img decoding=\"async\" class=\"image image-show\" src=\"https:\/\/www.europesays.com\/fi\/wp-content\/uploads\/2026\/09\/1788681910_971_2ad4bcd88e18c1631c470214983d4188412e20c2b068c384245c9b652cf02329.jpg\" alt=\"\"\/><\/p>\n<p>Onnettomuuteen ei ep\u00e4ill\u00e4 liittyv\u00e4n muita osallisia. Inka Soveri<\/p>\n<p class=\"paragraph\">Alaik\u00e4inen poika kuoli liikenneonnettomuudessa Liperiss\u00e4 sunnuntaina. Asiasta tiedottaa It\u00e4-Suomen poliisilaitos.<\/p>\n<p class=\"paragraph\">Poliisi sai kello 2.26 h\u00e4t\u00e4keskukselta teht\u00e4v\u00e4n, jonka mukaan alaik\u00e4inen poika oli l\u00f6ytynyt Yl\u00e4myllyntien ja Karmikujan risteyksest\u00e4 loukkaantuneena.<\/p>\n<p class=\"paragraph\">Sivullinen kertoi kuulleensa ensin mopon \u00e4\u00e4nen Yl\u00e4myllyn suunnasta, mink\u00e4 j\u00e4lkeen kuului kova rys\u00e4ys, ja mopo sammui.<\/p>\n<p class=\"paragraph\">Poliisin tekem\u00e4n paikkatutkinnan perusteella mopon ep\u00e4ill\u00e4\u00e4n osuneen liikenteenjakajaan, mink\u00e4 seurauksena kuljettaja kaatui ja loukkaantui vakavasti.<\/p>\n<p class=\"paragraph\">My\u00f6hemmin ensihoito ilmoitti poliisille, ett\u00e4 poika kuoli saamiinsa vammoihin.<\/p>\n<p class=\"paragraph\">Onnettomuuteen ei ep\u00e4ill\u00e4 liittyv\u00e4n muita osallisia.<\/p>\n<p class=\"paragraph\">Poliisi jatkaa onnettomuuden syyn selvitt\u00e4mist\u00e4.<\/p>\n","protected":false},"excerpt":{"rendered":"Mopoilija kuoli liikenneonnettomuudessa saamiinsa vammoihin. Onnettomuuteen ei ep\u00e4ill\u00e4 liittyv\u00e4n muita osallisia. Inka Soveri Alaik\u00e4inen poika kuoli liikenneonnettomuudessa Liperiss\u00e4&hellip;\n","protected":false},"author":2,"featured_media":342712,"comment_status":"","ping_status":"","sticky":false,"template":"","format":"standard","meta":{"footnotes":"","_share_on_mastodon":"0"},"categories":[12],"tags":[35,22,23,26,27,33,31,30,17,55,100,24,25,28,29,15,18,21,122,54,103,32,19,20,16],"class_list":["post-342711","post","type-post","status-publish","format-standard","has-post-thumbnail","category-suomi","tag-24h","tag-breaking-news","tag-breakingnews","tag-featured-news","tag-featurednews","tag-fi","tag-finland","tag-finnish","tag-headlines","tag-lainvalvonta","tag-lapset-ja-nuoret","tag-latest-news","tag-latestnews","tag-main-news","tag-mainnews","tag-news","tag-otsikot","tag-paauutiset","tag-pelastaminen","tag-pelastuspalvelut","tag-sosiaalikysymykset","tag-suomi","tag-top-stories","tag-topstories","tag-uutiset"],"share_on_mastodon":{"url":"https:\/\/pubeurope.com\/@fi\/117223065932874735","error":""},"_links":{"self":[{"href":"https:\/\/www.europesays.com\/fi\/wp-json\/wp\/v2\/posts\/342711","targetHints":{"allow":["GET"]}}],"collection":[{"href":"https:\/\/www.europesays.com\/fi\/wp-json\/wp\/v2\/posts"}],"about":[{"href":"https:\/\/www.europesays.com\/fi\/wp-json\/wp\/v2\/types\/post"}],"author":[{"embeddable":true,"href":"https:\/\/www.europesays.com\/fi\/wp-json\/wp\/v2\/users\/2"}],"replies":[{"embeddable":true,"href":"https:\/\/www.europesays.com\/fi\/wp-json\/wp\/v2\/comments?post=342711"}],"version-history":[{"count":0,"href":"https:\/\/www.europesays.com\/fi\/wp-json\/wp\/v2\/posts\/342711\/revisions"}],"wp:featuredmedia":[{"embeddable":true,"href":"https:\/\/www.europesays.com\/fi\/wp-json\/wp\/v2\/media\/342712"}],"wp:attachment":[{"href":"https:\/\/www.europesays.com\/fi\/wp-json\/wp\/v2\/media?parent=342711"}],"wp:term":[{"taxonomy":"category","embeddable":true,"href":"https:\/\/www.europesays.com\/fi\/wp-json\/wp\/v2\/categories?post=342711"},{"taxonomy":"post_tag","embeddable":true,"href":"https:\/\/www.europesays.com\/fi\/wp-json\/wp\/v2\/tags?post=342711"}],"curies":[{"name":"wp","href":"https:\/\/api.w.org\/{rel}","templated":true}]}}