{"id":342715,"date":"2026-09-06T08:25:12","date_gmt":"2026-09-06T08:25:12","guid":{"rendered":"https:\/\/www.europesays.com\/fi\/342715\/"},"modified":"2026-09-06T08:25:12","modified_gmt":"2026-09-06T08:25:12","slug":"f3-monza-tuukka-taponen-palkintopallille-huima-nousu","status":"publish","type":"post","link":"https:\/\/www.europesays.com\/fi\/342715\/","title":{"rendered":"F3, Monza: Tuukka Taponen palkintopallille \u2013 huima nousu!"},"content":{"rendered":"<p>Suomalaiskuski sijoittui toiseksi.<\/p>\n<p><img decoding=\"async\" src=\"https:\/\/www.europesays.com\/fi\/wp-content\/uploads\/2026\/09\/1788683112_544_468.jpg\" alt=\"Tuukka Taponen onnistui Monzan kisassa. Arkistokuva hein\u00e4kuulta 2026.\" class=\"_Img_1rerz_1\" style=\"aspect-ratio:1920\/1080\" loading=\"eager\"\/><\/p>\n<p class=\"font-(family-name:--picture-caption-font-family) text-(length:--picture-caption-font-size) leading-(--picture-caption-leading) font-(--picture-caption-font-weight) text-(color:--picture-caption-color)\">Tuukka Taponen onnistui Monzan kisassa. Arkistokuva hein\u00e4kuulta 2026. Kuva:\u00a0Eric Alonso\/DPPI\/Shutterstock\/All Over Press<\/p>\n<p class=\"article-body mb-(--paragraph-margin-b) px-nof-16\">Monza<\/p>\n<p class=\"article-body mb-(--paragraph-margin-b) px-nof-16\">Suomen formulalupaus <a class=\"font-bold underline-offset-[0.12em] [text-decoration:var(--person-link-text-decoration)] [text-decoration-color:var(--person-link-text-decoration-color)]!\" href=\"https:\/\/www.is.fi\/haku\/?query=Tuukka%20Taponen\" rel=\"nofollow noopener\" target=\"_blank\">Tuukka Taponen<\/a>, 19, sijoittui toiseksi F3-sarjan Monzan osakilpailussa sunnuntaina.<\/p>\n<p class=\"article-body mb-(--paragraph-margin-b) px-nof-16\">Taponen l\u00e4hti kisaan kahdeksannesta ruudusta. H\u00e4n h\u00e4visi voittajalle, italialaiselle <a class=\"font-bold underline-offset-[0.12em] [text-decoration:var(--person-link-text-decoration)] [text-decoration-color:var(--person-link-text-decoration-color)]!\" href=\"https:\/\/www.is.fi\/haku\/?query=Nicola%20Lacortelle\" rel=\"nofollow noopener\" target=\"_blank\">Nicola Lacortelle<\/a> 0,7 sekuntia.<\/p>\n<p class=\"article-body mb-(--paragraph-margin-b) px-nof-16\">Taposen kilpailu oli ep\u00e4ilem\u00e4tt\u00e4 h\u00e4nen F3-uransa paras. Taponen ei noussut kisassa muiden ulosajojen ja keskeytysten ansiosta vaan ohitti edell\u00e4 ajaneita tasaiseen tahtiin kisan alkupuoliskolla.<\/p>\n<p class=\"article-body mb-(--paragraph-margin-b) px-nof-16\">Taponen taisteli pitk\u00e4\u00e4n F3:n mestaruussarjaa johtavan <a class=\"font-bold underline-offset-[0.12em] [text-decoration:var(--person-link-text-decoration)] [text-decoration-color:var(--person-link-text-decoration-color)]!\" href=\"https:\/\/www.is.fi\/haku\/?query=Freddie%20Slaterin\" rel=\"nofollow noopener\" target=\"_blank\">Freddie Slaterin<\/a> kanssa nelj\u00e4nnest\u00e4 sijasta kisan alkupuolella, ja britin p\u00e4ihitetty\u00e4\u00e4n suomalainen otti t\u00e4ht\u00e4imeens\u00e4 edell\u00e4 ajaneet <a class=\"font-bold underline-offset-[0.12em] [text-decoration:var(--person-link-text-decoration)] [text-decoration-color:var(--person-link-text-decoration-color)]!\" href=\"https:\/\/www.is.fi\/haku\/?query=Taito%20Katon\" rel=\"nofollow noopener\" target=\"_blank\">Taito Katon<\/a> ja <a class=\"font-bold underline-offset-[0.12em] [text-decoration:var(--person-link-text-decoration)] [text-decoration-color:var(--person-link-text-decoration-color)]!\" href=\"https:\/\/www.is.fi\/haku\/?query=Kanato%20Len\" rel=\"nofollow noopener\" target=\"_blank\">Kanato Len<\/a>.<\/p>\n<p class=\"article-body mb-(--paragraph-margin-b) px-nof-16\">Lopulta suomalainen iski 11:nnen kierroksen alussa p\u00e4\u00e4suoralla. H\u00e4n p\u00e4\u00e4si hyvin Katon imuun ja ohitti sek\u00e4 Katon ett\u00e4 Len yhdell\u00e4 huimap\u00e4isell\u00e4 liikkeell\u00e4 p\u00e4\u00e4suoran lopussa.<\/p>\n<p class=\"article-body mb-(--paragraph-margin-b) px-nof-16\">T\u00e4m\u00e4n j\u00e4lkeen kukaan takaa ajanut ei uhannut Taposta. Suomalainenkaan ei pystynyt ohittamaan en\u00e4\u00e4 kisan johtajaa Lacortea. Turva-auto kilpailun loppupuolella hidasti menoa aikansa, mutta ajojen jatkuttua Taponen tyylitteli varmaotteisesti kisan kakkoseksi.<\/p>\n","protected":false},"excerpt":{"rendered":"Suomalaiskuski sijoittui toiseksi. Tuukka Taponen onnistui Monzan kisassa. Arkistokuva hein\u00e4kuulta 2026. Kuva:\u00a0Eric Alonso\/DPPI\/Shutterstock\/All Over Press Monza Suomen formulalupaus&hellip;\n","protected":false},"author":2,"featured_media":342716,"comment_status":"","ping_status":"","sticky":false,"template":"","format":"standard","meta":{"footnotes":"","_share_on_mastodon":"0"},"categories":[158],"tags":[33,31,30,34,159,32,160],"class_list":["post-342715","post","type-post","status-publish","format-standard","has-post-thumbnail","category-urheilu","tag-fi","tag-finland","tag-finnish","tag-ilta-sanomat","tag-sports","tag-suomi","tag-urheilu"],"share_on_mastodon":{"url":"https:\/\/pubeurope.com\/@fi\/117223144378371795","error":""},"_links":{"self":[{"href":"https:\/\/www.europesays.com\/fi\/wp-json\/wp\/v2\/posts\/342715","targetHints":{"allow":["GET"]}}],"collection":[{"href":"https:\/\/www.europesays.com\/fi\/wp-json\/wp\/v2\/posts"}],"about":[{"href":"https:\/\/www.europesays.com\/fi\/wp-json\/wp\/v2\/types\/post"}],"author":[{"embeddable":true,"href":"https:\/\/www.europesays.com\/fi\/wp-json\/wp\/v2\/users\/2"}],"replies":[{"embeddable":true,"href":"https:\/\/www.europesays.com\/fi\/wp-json\/wp\/v2\/comments?post=342715"}],"version-history":[{"count":0,"href":"https:\/\/www.europesays.com\/fi\/wp-json\/wp\/v2\/posts\/342715\/revisions"}],"wp:featuredmedia":[{"embeddable":true,"href":"https:\/\/www.europesays.com\/fi\/wp-json\/wp\/v2\/media\/342716"}],"wp:attachment":[{"href":"https:\/\/www.europesays.com\/fi\/wp-json\/wp\/v2\/media?parent=342715"}],"wp:term":[{"taxonomy":"category","embeddable":true,"href":"https:\/\/www.europesays.com\/fi\/wp-json\/wp\/v2\/categories?post=342715"},{"taxonomy":"post_tag","embeddable":true,"href":"https:\/\/www.europesays.com\/fi\/wp-json\/wp\/v2\/tags?post=342715"}],"curies":[{"name":"wp","href":"https:\/\/api.w.org\/{rel}","templated":true}]}}