{"id":342717,"date":"2026-09-06T08:26:18","date_gmt":"2026-09-06T08:26:18","guid":{"rendered":"https:\/\/www.europesays.com\/fi\/342717\/"},"modified":"2026-09-06T08:26:18","modified_gmt":"2026-09-06T08:26:18","slug":"sarah-fergusonin-nayttava-paluu-isoon-britanniaan-uusi-koti-ja-elama-kohujen-jalkeen","status":"publish","type":"post","link":"https:\/\/www.europesays.com\/fi\/342717\/","title":{"rendered":"Sarah Fergusonin N\u00e4ytt\u00e4v\u00e4 Paluu Isoon-Britanniaan: Uusi Koti ja El\u00e4m\u00e4 Kohujen J\u00e4lkeen"},"content":{"rendered":"<p>            Stella Pictures \/ All Over Press\n        <\/p>\n<p class=\"subtitle \">Andrew Mountbatten-Windsor ja h\u00e4nen ex-vaimonsa Sarah Ferguson asuivat vuosikymmeni\u00e4 yhdess\u00e4 avioeronsa j\u00e4lkeen, mutta nyt Sarah on jatkanut eteenp\u00e4in ilman kohujen piinaamaa ex-puolisoaan.<\/p>\n<p class=\"article-content article-content-width !bg-background\">Titteleist\u00e4\u00e4n riisutun  ex-vaimo  on tekem\u00e4ss\u00e4 n\u00e4ytt\u00e4v\u00e4n paluun Isoon-Britanniaan.<\/p>\n<p class=\"font-weight-bold m-font-weight-bold article-content article-content-width !bg-background\">Video: Prinsessa Dianan \u00e4idin vaiettu tragedia.<\/p>\n<p>Uusi \u00f6kykoti<\/p>\n<p class=\"article-content article-content-width !bg-background\">Entinen Yorkin herttuatar Sarah muuttaa <a href=\"https:\/\/www.hellomagazine.com\/royalty\/920628\/sarah-fergunson-imminent-return-uk\/#google_vignette\" target=\"_blank\" rel=\"nofollow noopener\">Hello!<\/a>-lehden tietojen mukaan 10 000 puntaa kuussa maksavaan, aidatulla kiinteist\u00f6ll\u00e4 sijaitsevaan yksityisasuntoon Lontoon l\u00e4hist\u00f6lle.\u00a0<\/p>\n<p class=\"article-content article-content-width !bg-background\">Pitk\u00e4\u00e4n ex-miehens\u00e4 kanssa asunut Sarah j\u00e4i k\u00e4yt\u00e4nn\u00f6ss\u00e4 kodittomaksi, kun Andrew sai h\u00e4\u00e4d\u00f6n kodistaan Royal Lodgesta ja joutui vaihtamaan asuinpaikkaansa Marsh Farmille. Sarah oli asunut Andrew&#8217;n kanssa Royal Lodgessa, mutta h\u00e4n ei l\u00e4htenyt ex-miehens\u00e4 mukaan t\u00e4m\u00e4n uuteen, huomattavasti vaatimattomampaan kotiin.<\/p>\n<p class=\"article-content article-content-width !bg-background\">Andrew&#8217;n helmikuussa tapahtuneen pid\u00e4tyksen j\u00e4lkeen Sarah katosi ulkomaille.\u00a0<\/p>\n<p class=\"article-content article-content-width !bg-background\">Vaikka Sarah ja Andrew erosivat jo vuonna 1996, asui pari viel\u00e4 vuosikymmeni\u00e4 yhdess\u00e4 avioeronsa j\u00e4lkeen.<\/p>\n<p>                <img loading=\"lazy\" decoding=\"async\" src=\"https:\/\/www.europesays.com\/fi\/wp-content\/uploads\/2026\/09\/2131118.webp\" width=\"576\" height=\"375\" alt=\"Sarah Ferguson syyskuussa 2025.\" \/>            <\/p>\n<p>\n            Sarah Ferguson syyskuussa 2025.<br \/>\n            Stella Pictures \/ All Over Press\n        <\/p>\n<p>        <a itemprop=\"url\" href=\"https:\/\/www.seiska.fi\/kuninkaalliset\/mita-tapahtui-kasvoille-huolestuttava-kuva-ex-prinssi-andrewsta-herattaa-kysymyksia\/2173256\" rel=\"nofollow noopener\" target=\"_blank\"><\/p>\n<p>\nHuolestuttava kuva her\u00e4tt\u00e4\u00e4 kysymyksi\u00e4\n<\/p>\n<p class=\"section-date\">\n        <strong class=\"article-section\" data-section=\"kuninkaalliset\"><br \/>\n            kuninkaalliset<br \/>\n        <\/strong><br \/>\n        7.6. 20:00\n    <\/p>\n<p>Mit\u00e4 tapahtui kasvoille? Huolestuttava kuva ex-prinssi Andrew&#8217;sta her\u00e4tt\u00e4\u00e4 kysymyksi\u00e4\n    <\/p>\n<p itemprop=\"description\" class=\"subtitle \">\n    Julkisuutta nyky\u00e4\u00e4n v\u00e4lttelev\u00e4 kuninkaan veli n\u00e4htiin huolestuttavan n\u00e4k\u00f6isen\u00e4 liikenteess\u00e4.\n<\/p>\n<p>        <\/a><\/p>\n<p>Ep\u00e4tavallinen j\u00e4rjestely<\/p>\n<p class=\"article-content article-content-width !bg-background\"><a href=\"https:\/\/www.instyle.com\/why-prince-andrew-sarah-ferguson-live-together-11840500\" target=\"_blank\" style=\"font-size:1.125rem\" rel=\"nofollow noopener\">In Style<\/a> \u2013lehden mukaan ep\u00e4tavallisen j\u00e4rjestelyn syyksi on tarjottu sen k\u00e4yt\u00e4nn\u00f6llisyytt\u00e4. <a href=\"https:\/\/www.dailymail.com\/news\/royals\/article-15237651\/The-royal-couple-living-separate-lives-one-roof-greedy-Andrew-Fergie-residing-Royal-Lodge-mutually-advantageous-arrangement-convenience.html\" target=\"_blank\" style=\"font-size:1.125rem\" rel=\"nofollow noopener\">Daily Mail<\/a> arvioi kuitenkin, ett\u00e4 taustalla on my\u00f6s haluttomuutta luopua tietyst\u00e4 el\u00e4m\u00e4ntyylist\u00e4.<\/p>\n<p class=\"article-content article-content-width !bg-background\">Ex-aviopari meni naimisiin vuonna 1986, ja h\u00e4\u00e4p\u00e4iv\u00e4n\u00e4\u00e4n he saivat Yorkin herttuan ja herttuattaren tittelit. Lokakuussa 2025 kummaltakin riistettiin kuninkaalliset arvonimet Andrew&#8217;n  -yhteyksien t\u00e4hden, ja Andrew\u2019sta tuli ex-prinssi.<\/p>\n<p class=\"article-content article-content-width !bg-background\">Sarah l\u00e4hti Isosta-Britanniasta seitsem\u00e4n kuukautta sitten, ja h\u00e4n on sill\u00e4 v\u00e4lin viett\u00e4nyt aikaa muun muassa syrj\u00e4isess\u00e4, Irlannissa sijaitsevassa luksuskylpyl\u00e4ss\u00e4 sek\u00e4 Sveitsiss\u00e4.\u00a0<\/p>\n<p class=\"article-content article-content-width !bg-background\">Sarahin oleskellessa ulkomailla on my\u00f6s h\u00e4nen ja Andrew&#8217;n tyt\u00e4r, prinsessa , synnytt\u00e4nyt tytt\u00f6lapsen. Sarahin ei kuitenkaan uskota viel\u00e4 tavanneen uutta lapsenlastaan, ja <a href=\"https:\/\/www.hellomagazine.com\/royalty\/920639\/sarah-ferguson-princess-eugenie-newborn-daughter\/\" target=\"_blank\" rel=\"nofollow noopener\">Hello!<\/a>-lehden mukaan on ep\u00e4todenn\u00e4k\u00f6ist\u00e4, ett\u00e4 Andrew tulisi n\u00e4kem\u00e4\u00e4n pienokaista lainkaan, muuten kuin FaceTimen v\u00e4lityksell\u00e4.\u00a0<\/p>\n<p>                <img loading=\"lazy\" decoding=\"async\" src=\"https:\/\/www.europesays.com\/fi\/wp-content\/uploads\/2026\/09\/1970367.webp\" width=\"576\" height=\"274\" alt=\"Sarah l\u00e4hti maasta, kun h\u00e4nen ex-miehens\u00e4 Andrew pid\u00e4tettiin helmikuussa.\" \/>            <\/p>\n<p>\n            Sarah l\u00e4hti maasta, kun h\u00e4nen ex-miehens\u00e4 Andrew pid\u00e4tettiin helmikuussa.<br \/>\n            PA\/POOL supplied by Splash News \/ All Over Press\n        <\/p>\n<p>        <a itemprop=\"url\" href=\"https:\/\/www.seiska.fi\/kuninkaalliset\/prinsessa-eugenien-vauva-syntyi-suloinen-kuva\/2226958\" rel=\"nofollow noopener\" target=\"_blank\"><\/p>\n<p>\nPrinsessa Eugenie\n<\/p>\n<p class=\"section-date\">\n        <strong class=\"article-section\" data-section=\"kuninkaalliset\"><br \/>\n            kuninkaalliset<br \/>\n        <\/strong><br \/>\n        5.8. 11:16\n    <\/p>\n<p>Prinsessa Eugenien vauva syntyi \u2013 suloinen kuva!\n    <\/p>\n<p itemprop=\"description\" class=\"subtitle \">\n    Hovi julkaisi tuoreimmasta j\u00e4senest\u00e4\u00e4n hellyytt\u00e4v\u00e4n otoksen.\n<\/p>\n<p>        <\/a><\/p>\n","protected":false},"excerpt":{"rendered":"Stella Pictures \/ All Over Press Andrew Mountbatten-Windsor ja h\u00e4nen ex-vaimonsa Sarah Ferguson asuivat vuosikymmeni\u00e4 yhdess\u00e4 avioeronsa j\u00e4lkeen,&hellip;\n","protected":false},"author":2,"featured_media":342718,"comment_status":"","ping_status":"","sticky":false,"template":"","format":"standard","meta":{"footnotes":"","_share_on_mastodon":"0"},"categories":[130],"tags":[16861,137,33,31,30,11121,16002,3713,32,109,42218],"class_list":["post-342717","post","type-post","status-publish","format-standard","has-post-thumbnail","category-viihde","tag-andrew-mountbatten-windsor","tag-entertainment","tag-fi","tag-finland","tag-finnish","tag-jeffrey-epstein","tag-royal-lodge","tag-sarah-ferguson","tag-suomi","tag-viihde","tag-yorkin-herttuatar"],"share_on_mastodon":{"url":"https:\/\/pubeurope.com\/@fi\/117223148300620331","error":""},"_links":{"self":[{"href":"https:\/\/www.europesays.com\/fi\/wp-json\/wp\/v2\/posts\/342717","targetHints":{"allow":["GET"]}}],"collection":[{"href":"https:\/\/www.europesays.com\/fi\/wp-json\/wp\/v2\/posts"}],"about":[{"href":"https:\/\/www.europesays.com\/fi\/wp-json\/wp\/v2\/types\/post"}],"author":[{"embeddable":true,"href":"https:\/\/www.europesays.com\/fi\/wp-json\/wp\/v2\/users\/2"}],"replies":[{"embeddable":true,"href":"https:\/\/www.europesays.com\/fi\/wp-json\/wp\/v2\/comments?post=342717"}],"version-history":[{"count":0,"href":"https:\/\/www.europesays.com\/fi\/wp-json\/wp\/v2\/posts\/342717\/revisions"}],"wp:featuredmedia":[{"embeddable":true,"href":"https:\/\/www.europesays.com\/fi\/wp-json\/wp\/v2\/media\/342718"}],"wp:attachment":[{"href":"https:\/\/www.europesays.com\/fi\/wp-json\/wp\/v2\/media?parent=342717"}],"wp:term":[{"taxonomy":"category","embeddable":true,"href":"https:\/\/www.europesays.com\/fi\/wp-json\/wp\/v2\/categories?post=342717"},{"taxonomy":"post_tag","embeddable":true,"href":"https:\/\/www.europesays.com\/fi\/wp-json\/wp\/v2\/tags?post=342717"}],"curies":[{"name":"wp","href":"https:\/\/api.w.org\/{rel}","templated":true}]}}