{"id":342719,"date":"2026-09-06T08:29:15","date_gmt":"2026-09-06T08:29:15","guid":{"rendered":"https:\/\/www.europesays.com\/fi\/342719\/"},"modified":"2026-09-06T08:29:15","modified_gmt":"2026-09-06T08:29:15","slug":"kajaanilta-vihreaa-valoa-10-miljoonan-euron-kavo-investoinnille","status":"publish","type":"post","link":"https:\/\/www.europesays.com\/fi\/342719\/","title":{"rendered":"Kajaanilta vihre\u00e4\u00e4 valoa 10 miljoonan euron KaVo-investoinnille"},"content":{"rendered":"<p>                                  Paikallisuutiset<\/p>\n<p>                <img loading=\"lazy\" decoding=\"async\" itemprop=\"contentUrl\" class=\"figure-img img-fluid\"  src=\"https:\/\/www.europesays.com\/fi\/wp-content\/uploads\/2026\/09\/1788683355_235_imengine.public.prod.hil.infomaker.io.jpeg\" width=\"6000\" height=\"4000\"  alt=\"\"\/><\/p>\n<p>                                    Koivukosken voimalaitos.<br \/>\n                                                    Kuva:<br \/>\n                    Jussi Pohjavirta<\/p>\n<p>      MAINOS &#8211; juttu jatkuu mainoksen j\u00e4lkeen<\/p>\n<p>      MAINOS &#8211; mainos p\u00e4\u00e4ttyy<\/p>\n<p class=\"ew-body\">Kajaani on n\u00e4ytt\u00e4m\u00e4ss\u00e4 vihre\u00e4\u00e4 valoa Kainuun Voiman (KaVo) suurelle investoinnille. KaVo on suunnitellut vesivoimalaitosten ja -s\u00e4hk\u00f6ntuotannon investointikokonaisuuden, jonka kokonaiskustannusarvio on noin 10 miljoonaa euroa.<\/p>\n<p class=\"ew-body\">KaVon mukaan investointikokonaisuus varmistaa toiminnan jatkuvuuden sek\u00e4 p<\/p>\n<p>  <a class=\"btn btn-secondary btn-icon-left\" href=\"#coral_thread\"><\/p>\n<p>    Kommentoi<br \/>\n    \u00a0(0)<br \/>\n  <\/a><\/p>\n<p>  <a class=\"btn btn-secondary btn-icon-left mailto_web\" href=\"mailto:toimitus@kainuunsanomat.fi?subject=Ilmoita%20asiavirheest%C3%A4&amp;body=Otsikko%3A%20Kajaanilta%20vihre%C3%A4%C3%A4%20valoa%2010%20miljoonan%20euron%20KaVo-investoinnille%0AUuid%3A%20e8dd6db6-e581-48e4-8e8e-66af58f8230f%0AUrl%3A%20https%3A%2F%2Fwww.kainuunsanomat.fi%2Fartikkeli%2Fkajaanilta-vihreaa-valoa-10-miljoonan-euron-kavo-investoinnille\"><\/p>\n<p>    Ilmoita asiavirheest\u00e4<br \/>\n  <\/a><\/p>\n","protected":false},"excerpt":{"rendered":"Paikallisuutiset Koivukosken voimalaitos. Kuva: Jussi Pohjavirta MAINOS &#8211; juttu jatkuu mainoksen j\u00e4lkeen MAINOS &#8211; mainos p\u00e4\u00e4ttyy Kajaani on&hellip;\n","protected":false},"author":2,"featured_media":342720,"comment_status":"","ping_status":"","sticky":false,"template":"","format":"standard","meta":{"footnotes":"","_share_on_mastodon":"0"},"categories":[76],"tags":[79,77,33,31,30,32,78],"class_list":["post-342719","post","type-post","status-publish","format-standard","has-post-thumbnail","category-talous","tag-business","tag-economy","tag-fi","tag-finland","tag-finnish","tag-suomi","tag-talous"],"share_on_mastodon":{"url":"https:\/\/pubeurope.com\/@fi\/117223161204025200","error":""},"_links":{"self":[{"href":"https:\/\/www.europesays.com\/fi\/wp-json\/wp\/v2\/posts\/342719","targetHints":{"allow":["GET"]}}],"collection":[{"href":"https:\/\/www.europesays.com\/fi\/wp-json\/wp\/v2\/posts"}],"about":[{"href":"https:\/\/www.europesays.com\/fi\/wp-json\/wp\/v2\/types\/post"}],"author":[{"embeddable":true,"href":"https:\/\/www.europesays.com\/fi\/wp-json\/wp\/v2\/users\/2"}],"replies":[{"embeddable":true,"href":"https:\/\/www.europesays.com\/fi\/wp-json\/wp\/v2\/comments?post=342719"}],"version-history":[{"count":0,"href":"https:\/\/www.europesays.com\/fi\/wp-json\/wp\/v2\/posts\/342719\/revisions"}],"wp:featuredmedia":[{"embeddable":true,"href":"https:\/\/www.europesays.com\/fi\/wp-json\/wp\/v2\/media\/342720"}],"wp:attachment":[{"href":"https:\/\/www.europesays.com\/fi\/wp-json\/wp\/v2\/media?parent=342719"}],"wp:term":[{"taxonomy":"category","embeddable":true,"href":"https:\/\/www.europesays.com\/fi\/wp-json\/wp\/v2\/categories?post=342719"},{"taxonomy":"post_tag","embeddable":true,"href":"https:\/\/www.europesays.com\/fi\/wp-json\/wp\/v2\/tags?post=342719"}],"curies":[{"name":"wp","href":"https:\/\/api.w.org\/{rel}","templated":true}]}}