{"id":342721,"date":"2026-09-06T08:30:29","date_gmt":"2026-09-06T08:30:29","guid":{"rendered":"https:\/\/www.europesays.com\/fi\/342721\/"},"modified":"2026-09-06T08:30:29","modified_gmt":"2026-09-06T08:30:29","slug":"nain-kuningatar-mette-marit-paatyi-huumehuuruisista-bileluolista-valtaistuimelle","status":"publish","type":"post","link":"https:\/\/www.europesays.com\/fi\/342721\/","title":{"rendered":"N\u00e4in kuningatar Mette-Marit p\u00e4\u00e4tyi huumehuuruisista bileluolista valtaistuimelle"},"content":{"rendered":"<p><a class=\"sr-only bg-component-bg-color focus:not-sr-only focus:absolute focus:left-0 focus:right-auto focus:top-0 focus:p-200\" href=\"#main\">Hypp\u00e4\u00e4 p\u00e4\u00e4sis\u00e4lt\u00f6\u00f6n<\/a>Sis\u00e4ll\u00f6t<\/p>\n<ul class=\"flex w-full flex-1 flex-wrap gap-800\">\n<li class=\"block flex-1 flex-nowrap xs:flex-initial\" data-testid=\"site-footer-section-item-component\">Tomi Einonen<br \/>Vastaava p\u00e4\u00e4toimittaja<\/li>\n<li class=\"block flex-1 flex-nowrap xs:flex-initial\" data-testid=\"site-footer-section-item-component\">Ilkka Ahtiainen<br \/>Uutisp\u00e4\u00e4toimittaja<\/li>\n<li class=\"block flex-1 flex-nowrap xs:flex-initial\" data-testid=\"site-footer-section-item-component\">Mona Haapsaari<br \/>Julkaisup\u00e4\u00e4llikk\u00f6<\/li>\n<li class=\"block flex-1 flex-nowrap xs:flex-initial\" data-testid=\"site-footer-section-item-component\">Teemu Niikko<br \/>Toimitusp\u00e4\u00e4llikk\u00f6, urheilu<\/li>\n<li class=\"block flex-1 flex-nowrap xs:flex-initial\" data-testid=\"site-footer-section-item-component\"><a class=\"cursor-pointer hover:underline\" data-testid=\"internal-link\" role=\"link\" href=\"https:\/\/www.mtvuutiset.fi\/uutistoimitus\" rel=\"nofollow noopener\" target=\"_blank\">Toimitus<\/a><\/li>\n<\/ul>\n<p>Liiketoiminta ja kehitys<\/p>\n<ul class=\"flex w-full flex-1 flex-wrap gap-800\">\n<li class=\"block flex-1 flex-nowrap xs:flex-initial\" data-testid=\"site-footer-section-item-component\">Jaakko Hietanen<br \/>Head of Digital Development<\/li>\n<\/ul>\n<p>MTV Uutiset on sitoutunut noudattamaan Journalistin ohjeita<\/p>\n<p>Release number: 283<\/p>\n<p><a class=\"cursor-pointer flex flex-col items-center justify-center\" data-testid=\"Etusivu-navigation-bar-item\" role=\"link\" title=\"Etusivu linkki\" href=\"https:\/\/www.mtvuutiset.fi\/\" rel=\"nofollow noopener\" target=\"_blank\">Etusivu<\/a><a class=\"cursor-pointer flex flex-col items-center justify-center\" data-testid=\"Videot-navigation-bar-item\" role=\"link\" title=\"Videot linkki\" href=\"https:\/\/www.mtvuutiset.fi\/videot\" rel=\"nofollow noopener\" target=\"_blank\">Videot<\/a><a class=\"cursor-pointer flex flex-col items-center justify-center\" data-testid=\"Tuoreimmat-navigation-bar-item\" role=\"link\" title=\"Tuoreimmat linkki\" href=\"https:\/\/www.mtvuutiset.fi\/tuoreimmat\" rel=\"nofollow noopener\" target=\"_blank\">Tuoreimmat<\/a><a class=\"cursor-pointer flex flex-col items-center justify-center\" data-testid=\"Luetuimmat-navigation-bar-item\" role=\"link\" title=\"Luetuimmat linkki\" href=\"https:\/\/www.mtvuutiset.fi\/luetuimmat\" rel=\"nofollow noopener\" target=\"_blank\">Luetuimmat<\/a>OdotaN\u00e4in kuningatar Mette-Marit p\u00e4\u00e4tyi huumehuuruisista bileluolista valtaistuimelle | MTV Uutiset1:16<img alt=\"Mette-Marit joutui valtaisan myllyn kohteeksi ennen liittymist\u00e4\u00e4n Norjan hoviin\" data-testid=\"header-media-video-image\" fetchpriority=\"high\" loading=\"eager\" decoding=\"async\" data-nimg=\"fill\" class=\"transition duration-700 ease-in-out hover:scale-[1.05]\" style=\"position:absolute;height:100%;width:100%;left:0;top:0;right:0;bottom:0;color:transparent;background-size:cover;background-position:50% 50%;background-repeat:no-repeat;background-image:url(&quot;data:image\/svg+xml;base64,Cjxzdmcgd2lkdGg9IjcyMCIgaGVpZ2h0PSI0MDUiIHZlcnNpb249IjEuMSIgeG1sbnM9Imh0dHA6Ly93d3cudzMub3JnLzIwMDAvc3ZnIiB4bWxuczp4bGluaz0iaHR0cDovL3d3dy53My5vcmcvMTk5OS94bGluayI+CiAgPGRlZnM+CiAgICA8bGluZWFyR3JhZGllbnQgaWQ9ImciPgogICAgICA8c3RvcCBzdG9wLWNvbG9yPSIjMEIxODIzIiBvZmZzZXQ9IjIwJSIgLz4KICAgICAgPHN0b3Agc3RvcC1jb2xvcj0iIzFBMjczMiIgb2Zmc2V0PSI1MCUiIC8+CiAgICAgIDxzdG9wIHN0b3AtY29sb3I9IiMwQjE4MjMiIG9mZnNldD0iNzAlIiAvPgogICAgPC9saW5lYXJHcmFkaWVudD4KICA8L2RlZnM+CiAgPHJlY3Qgd2lkdGg9IjcyMCIgaGVpZ2h0PSI0MDUiIGZpbGw9IiMwQjE4MjMiIC8+CiAgPHJlY3QgaWQ9InIiIHdpZHRoPSI3MjAiIGhlaWdodD0iNDA1IiBmaWxsPSJ1cmwoI2cpIiAvPgogIDxhbmltYXRlIHhsaW5rOmhyZWY9IiNyIiBhdHRyaWJ1dGVOYW1lPSJ4IiBmcm9tPSItNzIwIiB0bz0iNzIwIiBkdXI9IjFzIiByZXBlYXRDb3VudD0iaW5kZWZpbml0ZSIgIC8+Cjwvc3ZnPg==&quot;)\"   src=\"https:\/\/www.europesays.com\/fi\/wp-content\/uploads\/2026\/09\/1788683420_481_imageproxy.a2d.tv.jpeg\"\/>Mette-Marit joutui valtaisan myllyn kohteeksi ennen liittymist\u00e4\u00e4n Norjan hoviinJulkaistu 06.09.2026 08:04<\/p>\n<p><strong class=\"typography-bold\">Mette-Maritin matka bilett\u00e4v\u00e4st\u00e4 yksinhuoltajasta valtaistuimelle on ollut pitk\u00e4 ja monivaiheinen.<\/strong><\/p>\n<p>Norjan hovissa valta vaihtui perjantaina 28. elokuuta <a class=\"cursor-pointer underline\" data-testid=\"internal-link\" role=\"link\" href=\"https:\/\/www.mtvuutiset.fi\/aihe\/kuningas-harald\/7954874\" rel=\"nofollow noopener\" target=\"_blank\">kuningas <strong class=\"typography-bold\">Haraldin<\/strong><\/a><strong class=\"typography-bold\"> <\/strong>menehdytty\u00e4 89 vuoden i\u00e4ss\u00e4, jonka my\u00f6t\u00e4 h\u00e4nen pojastaan, 53-vuotiaasta <a class=\"cursor-pointer underline\" data-testid=\"internal-link\" role=\"link\" href=\"https:\/\/www.mtvuutiset.fi\/aihe\/kuningas-haakon\/2836402\" rel=\"nofollow noopener\" target=\"_blank\"><strong class=\"typography-bold\">Haakonista<\/strong><\/a><strong class=\"typography-bold\"> <\/strong>tuli v\u00e4litt\u00f6m\u00e4sti kuningas.<\/p>\n<p>Vallanvaihto ei olisi voinut tulla paljon huonompaan aikaan. Norjan hovin on marinoitunut viime vuosien ajan useissa kohuissa, joiden keski\u00f6ss\u00e4 on tavalla tai toisella ollut Haakonin puoliso, tuore <a class=\"cursor-pointer underline\" data-testid=\"internal-link\" role=\"link\" href=\"https:\/\/www.mtvuutiset.fi\/aihe\/kuningatar-mette-marit\/2836364\" rel=\"nofollow noopener\" target=\"_blank\">kuningatar <strong class=\"typography-bold\">Mette-Marit<\/strong><\/a>, 53.<\/p>\n<p>Sen lis\u00e4ksi, ett\u00e4 Mette-Maritilla on ollut viime vuosina vakavia terveysongelmia, h\u00e4nen esikoispoikansa <a class=\"underline\" data-testid=\"external-link\" href=\"https:\/\/www.mtvuutiset.fi\/aihe\/marius-borg-hiby\/9056910\" rel=\"noopener nofollow\" target=\"_blank\"><strong class=\"typography-bold\">Marius Borg H\u00f8iby<\/strong><\/a>, 29,<strong class=\"typography-bold\"> <\/strong>on ollut myrskyn silm\u00e4ss\u00e4 useiden rikosep\u00e4ilyjen ja lopulta saamansa tuomion takia.\u00a0<\/p>\n<p>Kes\u00e4kuussa H\u00f8iby tuomittiin nelj\u00e4n vuoden vankeusrangaistukseen muun muassa kahdesta raiskauksesta, pahoinpitelyst\u00e4 ja useista v\u00e4kivaltatapauksista. H\u00e4n on valittanut tuomiosta.<\/p>\n<p>Lis\u00e4ksi alkuvuodesta Norjassa kohistiin valtavasti, kun Yhdysvaltain oikeusministeri\u00f6 julkaisi Epstein-asiakirjat, joista silloisen kruununprinsessan nimi l\u00f6ytyi yli tuhat kertaa. Ilmi tuli, ett\u00e4 Mette-Marit oli pit\u00e4nyt usean vuoden ajan tiiviisti yhteytt\u00e4 edesmenneeseen, vakavista seksuaalirikoksista tuomittuun ja ep\u00e4iltyyn liikemieheen <a class=\"cursor-pointer underline\" data-testid=\"internal-link\" role=\"link\" href=\"https:\/\/www.mtvuutiset.fi\/aihe\/jeffrey-epstein\/7497080\" rel=\"nofollow noopener\" target=\"_blank\"><\/a><\/p>\n<p><strong class=\"typography-bold\">Jeffrey Epsteiniin<\/strong><\/p>\n<p>.\u00a0<\/p>\n<p>Mette-Maritiin kohdistui valtava kritiikki, ja kruununprinsessan lausuntoa asiasta saatiin my\u00f6s odottaa pitk\u00e4\u00e4n.<\/p>\n<p><img alt=\"AOP mette-marit\" data-testid=\"crops-image\" class=\"h-full w-full object-cover transition duration-700 ease-in-out hover:scale-[1.05]\" fetchpriority=\"low\" loading=\"lazy\" width=\"1024\" height=\"576\" decoding=\"async\" style=\"color:transparent;background-size:cover;background-position:50% 50%;background-repeat:no-repeat;background-image:url(&quot;data:image\/svg+xml;base64,Cjxzdmcgd2lkdGg9IjEwMjQiIGhlaWdodD0iNTc2IiB2ZXJzaW9uPSIxLjEiIHhtbG5zPSJodHRwOi8vd3d3LnczLm9yZy8yMDAwL3N2ZyIgeG1sbnM6eGxpbms9Imh0dHA6Ly93d3cudzMub3JnLzE5OTkveGxpbmsiPgogIDxkZWZzPgogICAgPGxpbmVhckdyYWRpZW50IGlkPSJnIj4KICAgICAgPHN0b3Agc3RvcC1jb2xvcj0iIzBCMTgyMyIgb2Zmc2V0PSIyMCUiIC8+CiAgICAgIDxzdG9wIHN0b3AtY29sb3I9IiMxQTI3MzIiIG9mZnNldD0iNTAlIiAvPgogICAgICA8c3RvcCBzdG9wLWNvbG9yPSIjMEIxODIzIiBvZmZzZXQ9IjcwJSIgLz4KICAgIDwvbGluZWFyR3JhZGllbnQ+CiAgPC9kZWZzPgogIDxyZWN0IHdpZHRoPSIxMDI0IiBoZWlnaHQ9IjU3NiIgZmlsbD0iIzBCMTgyMyIgLz4KICA8cmVjdCBpZD0iciIgd2lkdGg9IjEwMjQiIGhlaWdodD0iNTc2IiBmaWxsPSJ1cmwoI2cpIiAvPgogIDxhbmltYXRlIHhsaW5rOmhyZWY9IiNyIiBhdHRyaWJ1dGVOYW1lPSJ4IiBmcm9tPSItMTAyNCIgdG89IjEwMjQiIGR1cj0iMXMiIHJlcGVhdENvdW50PSJpbmRlZmluaXRlIiAgLz4KPC9zdmc+&quot;)\"  src=\"https:\/\/www.europesays.com\/fi\/wp-content\/uploads\/2026\/09\/1788683421_567_image.jpeg\"\/>Mette-Marit antoi lopulta pitk\u00e4n odotuksen j\u00e4lkeen haastattelun koskien Eptein-yhteytt\u00e4\u00e4n ja totesi toivovansa, &#8221;ettei olisi koskaan edes tavannut t\u00e4t\u00e4&#8221;.All Over Press<\/p>\n<p>Kaikkea on koko ajan varjostanut entisest\u00e4\u00e4n Mette-Maritin sairaus, krooninen keuhkofibroosi, jonka takia h\u00e4n on joutunut jo usean vuoden ajan j\u00e4tt\u00e4m\u00e4\u00e4n kuninkaallisia velvollisuuksiaan v\u00e4liin.\u00a0<\/p>\n<p>Mette-Maritia ei tulla n\u00e4kem\u00e4\u00e4n aktiivisesti kuninkaallista ty\u00f6t\u00e4 tekem\u00e4ss\u00e4 hetkeen, sill\u00e4 kes\u00e4kuussa h\u00e4nelle tehtiin keuhkonsiirto, josta toipuminen ja kuntoutuminen tulee kest\u00e4m\u00e4\u00e4n arvioiden mukaan kuukausia.\u00a0<\/p>\n<p>Viel\u00e4 muutama vuosi sitten tilanne oli hyvin toinen ja Mette-Marit yksi Norjan hovin suosituimmista j\u00e4senist\u00e4. Vuosituhannen alussa kuninkaalliseen perheeseen liittynyt yksinhuoltaja kulki kivisen tien p\u00e4\u00e4st\u00e4kseen siihen pisteeseen.\u00a0<\/p>\n<p><strong class=\"typography-bold\">Rakkaustarina alkaa<\/strong><\/p>\n<p>Haakon ja Mette-Marit tapasivat toisensa vuonna 1999 naisen kotikaupungissa Kristiansandissa j\u00e4rjestetyill\u00e4 festivaaleilla. Valoisa sek\u00e4 eloisa nainen teki vaikutuksen nuoreen kruununprinssiin.<\/p>\n<p>\u2013 Mette-Maritin huomaa, kun h\u00e4n saapuu huoneeseen. Siin\u00e4 on voimaa, jota ei ole helppoa olla huomioimatta. Ja h\u00e4nelle oli mukavaa puhua, Haakon totesi haastattelussa pariskunnan suhteen alkuvuosina.\u00a0<\/p>\n<p>Vaikka kruununprinssi itse oli vaikuttunut, oli Mette-Marit kuitenkin kaikkea muuta, kuin sopivaksi katsottu puoliso: ei aatelista sukua oleva 25-vuotias yksinhuoltaja\u00e4iti 2-vuotiaalle pojalle, joka oli tuttu n\u00e4ky Oslon y\u00f6el\u00e4m\u00e4ss\u00e4. Lis\u00e4ksi Mette-Maritin nuoruuteen oli kuulunut huumeita: Marius-pojan is\u00e4 oli huumerikoksista tuomion saanut <strong class=\"typography-bold\">Morten Borg<\/strong>, ja erilaiset bilehuumeet olivat tulleet tutuksi my\u00f6s reiveiss\u00e4.\u00a0<\/p>\n<p><img alt=\"10.14405953a\" class=\"h-full w-full object-cover transition duration-700 ease-in-out hover:scale-[1.05]\" fetchpriority=\"low\" loading=\"lazy\" width=\"368\" height=\"613\" decoding=\"async\" style=\"color:transparent;background-size:cover;background-position:50% 50%;background-repeat:no-repeat;background-image:url(&quot;data:image\/svg+xml;base64,Cjxzdmcgd2lkdGg9IjM2OCIgaGVpZ2h0PSI2MTMiIHZlcnNpb249IjEuMSIgeG1sbnM9Imh0dHA6Ly93d3cudzMub3JnLzIwMDAvc3ZnIiB4bWxuczp4bGluaz0iaHR0cDovL3d3dy53My5vcmcvMTk5OS94bGluayI+CiAgPGRlZnM+CiAgICA8bGluZWFyR3JhZGllbnQgaWQ9ImciPgogICAgICA8c3RvcCBzdG9wLWNvbG9yPSIjMEIxODIzIiBvZmZzZXQ9IjIwJSIgLz4KICAgICAgPHN0b3Agc3RvcC1jb2xvcj0iIzFBMjczMiIgb2Zmc2V0PSI1MCUiIC8+CiAgICAgIDxzdG9wIHN0b3AtY29sb3I9IiMwQjE4MjMiIG9mZnNldD0iNzAlIiAvPgogICAgPC9saW5lYXJHcmFkaWVudD4KICA8L2RlZnM+CiAgPHJlY3Qgd2lkdGg9IjM2OCIgaGVpZ2h0PSI2MTMiIGZpbGw9IiMwQjE4MjMiIC8+CiAgPHJlY3QgaWQ9InIiIHdpZHRoPSIzNjgiIGhlaWdodD0iNjEzIiBmaWxsPSJ1cmwoI2cpIiAvPgogIDxhbmltYXRlIHhsaW5rOmhyZWY9IiNyIiBhdHRyaWJ1dGVOYW1lPSJ4IiBmcm9tPSItMzY4IiB0bz0iMzY4IiBkdXI9IjFzIiByZXBlYXRDb3VudD0iaW5kZWZpbml0ZSIgIC8+Cjwvc3ZnPg==&quot;)\"  src=\"https:\/\/www.europesays.com\/fi\/wp-content\/uploads\/2026\/09\/1788683422_593_image.jpeg\"\/>Mette-Marit ja Haakon vuosituhannen alussa.\/All Over Press<\/p>\n<p>Kritiikki\u00e4 tuli monesta suunnasta ja monista syist\u00e4. Norjan luterilainen kirkko esimerkiksi pahoitti mielens\u00e4 siit\u00e4, ett\u00e4 Mette-Maarit ja pieni Marius muuttivat asumaan Haakonin kanssa ennen kuin pari meni naimisiin \u2013 vaikka yhdeks\u00e4n kymmenest\u00e4 naimisiin menneest\u00e4 parista asui jo tuohon aikaan yhdess\u00e4 ennen alttarille astelemista.\u00a0<\/p>\n<p>\u2013 Kruununprinssi on valinnut el\u00e4m\u00e4ntavan, jota kirkko ei hyv\u00e4ksy, piispa <strong class=\"typography-bold\">Halvor Nordhaug<\/strong> kritisoi vuosituhannen alussa.\u00a0<\/p>\n<p>Tuolloin jopa pohdittiin, olisiko Haakonin pit\u00e4nyt luopua kruunusta, ja h\u00e4n itsekin harkitsi sit\u00e4. Kuninags Harald sai kuitenkin py\u00f6rretty\u00e4 poikansa p\u00e4\u00e4n.<\/p>\n<p>Haakon ja Mette-Marit kihlautuivat vastustuksesta huolimatta vuonna 2000. Ennen h\u00e4it\u00e4 Mette-Marit totesi h\u00e4nen ja Haakonin yhteisess\u00e4 tiedotustilaisuudessa tuomitsevansa huumeidenk\u00e4yt\u00f6n ja pyysi yleis\u00f6lt\u00e4 sit\u00e4, ett\u00e4 h\u00e4nen kohdallaan voitaisiin menn\u00e4 eteenp\u00e4in.\u00a0<\/p>\n<p>\u2013 Nuoruuden kapinallisuuteni oli paljon vahvempaa kuin monilla muilla. Se johti siihen, ett\u00e4 elin melko villi\u00e4 el\u00e4m\u00e4\u00e4.\u00a0<\/p>\n<p><img alt=\"10.14405891b\" class=\"h-full w-full object-cover transition duration-700 ease-in-out hover:scale-[1.05]\" fetchpriority=\"low\" loading=\"lazy\" width=\"368\" height=\"613\" decoding=\"async\" style=\"color:transparent;background-size:cover;background-position:50% 50%;background-repeat:no-repeat;background-image:url(&quot;data:image\/svg+xml;base64,Cjxzdmcgd2lkdGg9IjM2OCIgaGVpZ2h0PSI2MTMiIHZlcnNpb249IjEuMSIgeG1sbnM9Imh0dHA6Ly93d3cudzMub3JnLzIwMDAvc3ZnIiB4bWxuczp4bGluaz0iaHR0cDovL3d3dy53My5vcmcvMTk5OS94bGluayI+CiAgPGRlZnM+CiAgICA8bGluZWFyR3JhZGllbnQgaWQ9ImciPgogICAgICA8c3RvcCBzdG9wLWNvbG9yPSIjMEIxODIzIiBvZmZzZXQ9IjIwJSIgLz4KICAgICAgPHN0b3Agc3RvcC1jb2xvcj0iIzFBMjczMiIgb2Zmc2V0PSI1MCUiIC8+CiAgICAgIDxzdG9wIHN0b3AtY29sb3I9IiMwQjE4MjMiIG9mZnNldD0iNzAlIiAvPgogICAgPC9saW5lYXJHcmFkaWVudD4KICA8L2RlZnM+CiAgPHJlY3Qgd2lkdGg9IjM2OCIgaGVpZ2h0PSI2MTMiIGZpbGw9IiMwQjE4MjMiIC8+CiAgPHJlY3QgaWQ9InIiIHdpZHRoPSIzNjgiIGhlaWdodD0iNjEzIiBmaWxsPSJ1cmwoI2cpIiAvPgogIDxhbmltYXRlIHhsaW5rOmhyZWY9IiNyIiBhdHRyaWJ1dGVOYW1lPSJ4IiBmcm9tPSItMzY4IiB0bz0iMzY4IiBkdXI9IjFzIiByZXBlYXRDb3VudD0iaW5kZWZpbml0ZSIgIC8+Cjwvc3ZnPg==&quot;)\"  src=\"https:\/\/www.europesays.com\/fi\/wp-content\/uploads\/2026\/09\/1788683422_439_image.jpeg\"\/>Prinssi Haakon jopa harkitsi kruunusta luopumista valtavan vastustuksen takia.\/All Over Press<\/p>\n<p><strong class=\"typography-bold\">Hyv\u00e4ksynt\u00e4<\/strong><\/p>\n<p>Nuori pari oli saanut kuitenkin sen kaikista t\u00e4rkeimm\u00e4n tuen: Haakonin vanhemmat kuningas Harald<strong class=\"typography-bold\"> <\/strong>ja <a class=\"cursor-pointer underline\" data-testid=\"internal-link\" role=\"link\" href=\"https:\/\/www.mtvuutiset.fi\/aihe\/kuningatar-sonja\/9082084\" rel=\"nofollow noopener\" target=\"_blank\">kuningatar <strong class=\"typography-bold\">Sonja<\/strong><\/a><strong class=\"typography-bold\"> <\/strong>osoittivat hyv\u00e4ksynt\u00e4ns\u00e4 \u2013 olivathan he itse joutuneet taistelemaan oman rakkautensa eteen aikanaan vuosien ajan, sill\u00e4 Mette-Maritin tavoin Sonjakin oli tavallista syntyper\u00e4\u00e4.\u00a0<\/p>\n<p>Kuningasparin tuki ei tullut siltik\u00e4\u00e4n itsest\u00e4\u00e4nselvyyten\u00e4, ja sen my\u00f6nsi my\u00f6s Harald pit\u00e4m\u00e4ss\u00e4\u00e4n puheessa Haakonin ja Mette-Maritin h\u00e4iss\u00e4 25. elokuuta vuonna 2001.\u00a0<\/p>\n<p>\u2013 Kuningattarelle ja minulle t\u00e4m\u00e4 on ollut haastava ja arvokas prosessi, mutta ennen kaikkea se on ollut hyv\u00e4, Harald totesi tuolloin antaen Mette-Maritille tunnustusta siit\u00e4, ett\u00e4 t\u00e4m\u00e4 oli ollut avoin nuoruudestaan.\u00a0<\/p>\n<p>\u2013 Olen lukenut useaan otteeseen, ett\u00e4 olet tavallinen nuori nainen, josta on tullut t\u00e4n\u00e4\u00e4n Norjan kruununprinsessa. T\u00e4m\u00e4 ei vastaa omaa vaikutelmaani. Et ole tavallinen nuori nainen. Olet poikkeuksellinen nuori nainen, ja t\u00e4n\u00e4\u00e4n olet p\u00e4\u00e4tt\u00e4nyt astua poikkeukselliseen el\u00e4m\u00e4\u00e4n.\u00a0<\/p>\n<p><img alt=\"29.364658\" class=\"h-full w-full object-cover transition duration-700 ease-in-out hover:scale-[1.05]\" fetchpriority=\"low\" loading=\"lazy\" width=\"368\" height=\"613\" decoding=\"async\" style=\"color:transparent;background-size:cover;background-position:50% 50%;background-repeat:no-repeat;background-image:url(&quot;data:image\/svg+xml;base64,Cjxzdmcgd2lkdGg9IjM2OCIgaGVpZ2h0PSI2MTMiIHZlcnNpb249IjEuMSIgeG1sbnM9Imh0dHA6Ly93d3cudzMub3JnLzIwMDAvc3ZnIiB4bWxuczp4bGluaz0iaHR0cDovL3d3dy53My5vcmcvMTk5OS94bGluayI+CiAgPGRlZnM+CiAgICA8bGluZWFyR3JhZGllbnQgaWQ9ImciPgogICAgICA8c3RvcCBzdG9wLWNvbG9yPSIjMEIxODIzIiBvZmZzZXQ9IjIwJSIgLz4KICAgICAgPHN0b3Agc3RvcC1jb2xvcj0iIzFBMjczMiIgb2Zmc2V0PSI1MCUiIC8+CiAgICAgIDxzdG9wIHN0b3AtY29sb3I9IiMwQjE4MjMiIG9mZnNldD0iNzAlIiAvPgogICAgPC9saW5lYXJHcmFkaWVudD4KICA8L2RlZnM+CiAgPHJlY3Qgd2lkdGg9IjM2OCIgaGVpZ2h0PSI2MTMiIGZpbGw9IiMwQjE4MjMiIC8+CiAgPHJlY3QgaWQ9InIiIHdpZHRoPSIzNjgiIGhlaWdodD0iNjEzIiBmaWxsPSJ1cmwoI2cpIiAvPgogIDxhbmltYXRlIHhsaW5rOmhyZWY9IiNyIiBhdHRyaWJ1dGVOYW1lPSJ4IiBmcm9tPSItMzY4IiB0bz0iMzY4IiBkdXI9IjFzIiByZXBlYXRDb3VudD0iaW5kZWZpbml0ZSIgIC8+Cjwvc3ZnPg==&quot;)\"  src=\"https:\/\/www.europesays.com\/fi\/wp-content\/uploads\/2026\/09\/1788683423_782_image.jpeg\"\/>Prinssi Haakon ja Mette-Marit saivat toisensa elokuussa 2001.<\/p>\n<p>Kuninkaalliset h\u00e4\u00e4t toivat Norjan yhteen. Mette-Maritin syliss\u00e4 alle kouluik\u00e4inen Marius Borg H\u00f8iby.<\/p>\n<p>Mette-Marit on kommentoinut my\u00f6hemmin h\u00e4nen ja Haakonin suhteen alun olleen h\u00e4nelle \u00e4\u00e4rimm\u00e4isen vaikeaa aikaa voimakkaan julkisen vastustuksen takia.\u00a0<\/p>\n<p>\u2013 Voin luvata, ettei siin\u00e4 ole mit\u00e4\u00e4n romanttista, kun kaikki syntisi pest\u00e4\u00e4n pois kaikkien silmien edess\u00e4. Se on kamalaa.\u00a0<\/p>\n<p><strong class=\"typography-bold\">Uusi alku<\/strong><\/p>\n<p>Kuninkaalliseen perheeseen liitytty\u00e4\u00e4n Mette-Marit omaksui uuden roolinsa \u2013 vaikka se alkuun haastavaa olikin.\u00a0<\/p>\n<p>Vuosituhannen alussa kuninkaalliseen el\u00e4m\u00e4\u00e4n totuttelemisen lis\u00e4ksi Mette-Marit suoritti yliopisto-opintoja Oslossa sek\u00e4 Lontoossa.\u00a0<\/p>\n<p><img alt=\"30.2XKC28D\" class=\"h-full w-full object-cover transition duration-700 ease-in-out hover:scale-[1.05]\" fetchpriority=\"low\" loading=\"lazy\" width=\"368\" height=\"613\" decoding=\"async\" style=\"color:transparent;background-size:cover;background-position:50% 50%;background-repeat:no-repeat;background-image:url(&quot;data:image\/svg+xml;base64,Cjxzdmcgd2lkdGg9IjM2OCIgaGVpZ2h0PSI2MTMiIHZlcnNpb249IjEuMSIgeG1sbnM9Imh0dHA6Ly93d3cudzMub3JnLzIwMDAvc3ZnIiB4bWxuczp4bGluaz0iaHR0cDovL3d3dy53My5vcmcvMTk5OS94bGluayI+CiAgPGRlZnM+CiAgICA8bGluZWFyR3JhZGllbnQgaWQ9ImciPgogICAgICA8c3RvcCBzdG9wLWNvbG9yPSIjMEIxODIzIiBvZmZzZXQ9IjIwJSIgLz4KICAgICAgPHN0b3Agc3RvcC1jb2xvcj0iIzFBMjczMiIgb2Zmc2V0PSI1MCUiIC8+CiAgICAgIDxzdG9wIHN0b3AtY29sb3I9IiMwQjE4MjMiIG9mZnNldD0iNzAlIiAvPgogICAgPC9saW5lYXJHcmFkaWVudD4KICA8L2RlZnM+CiAgPHJlY3Qgd2lkdGg9IjM2OCIgaGVpZ2h0PSI2MTMiIGZpbGw9IiMwQjE4MjMiIC8+CiAgPHJlY3QgaWQ9InIiIHdpZHRoPSIzNjgiIGhlaWdodD0iNjEzIiBmaWxsPSJ1cmwoI2cpIiAvPgogIDxhbmltYXRlIHhsaW5rOmhyZWY9IiNyIiBhdHRyaWJ1dGVOYW1lPSJ4IiBmcm9tPSItMzY4IiB0bz0iMzY4IiBkdXI9IjFzIiByZXBlYXRDb3VudD0iaW5kZWZpbml0ZSIgIC8+Cjwvc3ZnPg==&quot;)\"  src=\"https:\/\/www.europesays.com\/fi\/wp-content\/uploads\/2026\/09\/1788683423_909_image.jpeg\"\/>Norjan kuninkaalliset viett\u00e4m\u00e4ss\u00e4 joulua. Etualalla prinssi Haakon syliss\u00e4\u00e4n Marius ja kuningatar Sonja vierell\u00e4\u00e4n. Takana vasemmalta oikealle prinsessa Mette-Marit, prinsessa M\u00e4rtha Louise sek\u00e4 kuningas Harald.<\/p>\n<p>Mette-Marit suoritti kuninkaallisia velvollisuuksiaan, h\u00e4nest\u00e4 tuli eri s\u00e4\u00e4ti\u00f6iden suojelija ja h\u00e4n osallistui erilaisiin edustustilaisuuksiin. Kansan suosio kasvoi hiljalleen: Mette-Marit tuli tunnetuksi ahkerana kuninkaallisena, joka kuitenkin onnistui s\u00e4ilytt\u00e4m\u00e4\u00e4n maanl\u00e4heisyytens\u00e4.\u00a0<\/p>\n<p>Esimerkiksi vuonna 2011 Mette-Marit itki avoimesti tilaisuudessa, jossa kunnioitettiin <strong class=\"typography-bold\">Anders Behring Breivikin <\/strong>terrori-iskun tappamia uhreja. Mette-Maritilla oli my\u00f6s oma henkil\u00f6kohtainen siteens\u00e4 tragediaan, sill\u00e4 h\u00e4nen velipuolensa <strong class=\"typography-bold\">Trond Berntsen <\/strong>oli yksi terrori-iskun 77 kuolonuhrista. Bertnsen sai surmansa ty\u00f6skennelless\u00e4\u00e4n Ut\u00f8yan saaren vartijana.\u00a0<\/p>\n<p>Mette-Marit kyynelehti avoimesti Norjan terrori-iskujen muistotilaisuudessa 2011.<\/p>\n<p>Kuninkaallista ty\u00f6t\u00e4 tehdess\u00e4\u00e4n Mette-Marit kampanjoi kansainv\u00e4lisesti muun muassa keskittyen naisten voimaannuttamiseen sek\u00e4 lis\u00e4\u00e4ntymisterveyteen. T\u00e4m\u00e4n ty\u00f6n kautta Mette-Marit tapasi lukuisia seurapiirihenkil\u00f6it\u00e4 sek\u00e4 varakkaita lahjoittajia \u2013 kuten Jeffrey Epsteinin.\u00a0<\/p>\n<p>Vuonna 2018 alkoi terveydellinen alam\u00e4ki, kun Mette-Marit sai diagnoosin kroonisesta keuhkofibroosista. Sairaudessa keuhkokudos arpeutuu ja vaikeuttaa hengitt\u00e4mist\u00e4, eik\u00e4 parannuskeinoa ole.<\/p>\n<p>Seuraavien vuosien aikana Mette-Maritin kyky edustaa julkisesti oli vaihteleva. Toisinaan h\u00e4n joutui perumaan t\u00f6it\u00e4\u00e4n ja olemaan pitk\u00e4\u00e4nkin pois julkisuudesta. Toisinaan kruununprinsessa kuvattiin happiviiksien kanssa.\u00a0<\/p>\n<p><strong class=\"typography-bold\">Vaikea vallanvaihto<\/strong><\/p>\n<p>T\u00e4ll\u00e4 hetkell\u00e4 Mette-Maritin pit\u00e4isi olla huomion keskipisteess\u00e4 puolisonsa, tuoreen kuninkaan Haakonin rinnalla, joka astui viime viikolla rooliin, johon h\u00e4n on valmistautunut koko ik\u00e4ns\u00e4.\u00a0<\/p>\n<p>Aiemmin t\u00e4n\u00e4 vuonna, kun Mette-Marit ja Haakon antoivat yhteisen haastattelun liittyen Mette-Maritin yhteyksiin Epsteinin kanssa, Haakon totesi &#8221;halunneensa aina Mette-Maritin h\u00e4nen tiimiins\u00e4&#8221;. Haakon on aiemmin painottanut aikovansa tukeutua vaimoonsa vahvasti sitten, kun h\u00e4nest\u00e4 tulee kuningas.<\/p>\n<p><img alt=\"1.06253695\" data-testid=\"crops-image\" class=\"h-full w-full object-cover transition duration-700 ease-in-out hover:scale-[1.05]\" fetchpriority=\"low\" loading=\"lazy\" width=\"1024\" height=\"576\" decoding=\"async\" style=\"color:transparent;background-size:cover;background-position:50% 50%;background-repeat:no-repeat;background-image:url(&quot;data:image\/svg+xml;base64,Cjxzdmcgd2lkdGg9IjEwMjQiIGhlaWdodD0iNTc2IiB2ZXJzaW9uPSIxLjEiIHhtbG5zPSJodHRwOi8vd3d3LnczLm9yZy8yMDAwL3N2ZyIgeG1sbnM6eGxpbms9Imh0dHA6Ly93d3cudzMub3JnLzE5OTkveGxpbmsiPgogIDxkZWZzPgogICAgPGxpbmVhckdyYWRpZW50IGlkPSJnIj4KICAgICAgPHN0b3Agc3RvcC1jb2xvcj0iIzBCMTgyMyIgb2Zmc2V0PSIyMCUiIC8+CiAgICAgIDxzdG9wIHN0b3AtY29sb3I9IiMxQTI3MzIiIG9mZnNldD0iNTAlIiAvPgogICAgICA8c3RvcCBzdG9wLWNvbG9yPSIjMEIxODIzIiBvZmZzZXQ9IjcwJSIgLz4KICAgIDwvbGluZWFyR3JhZGllbnQ+CiAgPC9kZWZzPgogIDxyZWN0IHdpZHRoPSIxMDI0IiBoZWlnaHQ9IjU3NiIgZmlsbD0iIzBCMTgyMyIgLz4KICA8cmVjdCBpZD0iciIgd2lkdGg9IjEwMjQiIGhlaWdodD0iNTc2IiBmaWxsPSJ1cmwoI2cpIiAvPgogIDxhbmltYXRlIHhsaW5rOmhyZWY9IiNyIiBhdHRyaWJ1dGVOYW1lPSJ4IiBmcm9tPSItMTAyNCIgdG89IjEwMjQiIGR1cj0iMXMiIHJlcGVhdENvdW50PSJpbmRlZmluaXRlIiAgLz4KPC9zdmc+&quot;)\"  src=\"https:\/\/www.europesays.com\/fi\/wp-content\/uploads\/2026\/09\/1788683424_982_image.jpeg\"\/>Ennen keuhkonsiirtoaan Mette-Marit n\u00e4htiin julkisuudessa happiviiksi\u00e4 k\u00e4ytt\u00e4en.2026 Splash News.<\/p>\n<p>T\u00e4ll\u00e4 hetkell\u00e4 se ei kuitenkaan ole mahdollista. Ja sen tiet\u00e4\u00e4 Mette-Marit itsekin.\u00a0<\/p>\n<p>\u2013 El\u00e4n vakavan sairauden kanssa ja se m\u00e4\u00e4ritt\u00e4\u00e4 p\u00e4ivitt\u00e4ist\u00e4 el\u00e4m\u00e4\u00e4ni. Se m\u00e4\u00e4ritt\u00e4\u00e4, mik\u00e4li voin suorittaa velvollisuuksiani. Uskon vahvasti monarkian t\u00e4rkeyteen Norjassa. Toivon, ettei t\u00e4m\u00e4 heikenn\u00e4 sit\u00e4 luottamusta ajan saatossa, se olisi todella surullista minulle, Mette-Marit totesi tuolloin.\u00a0<\/p>\n<p>Alkuvuodesta, kun Mette-Maritin Epstein-yhteydet tulivat p\u00e4iv\u00e4nvaloon, kuninkaallisen suosio sukelsi. Tuolloin Norjassa tehdyss\u00e4 kyselyss\u00e4 47,6 prosenttia oli sit\u00e4 mielt\u00e4, ettei Mette-Maritista pit\u00e4isi tulla kuningatarta. 28,9 prosenttia oli sit\u00e4 mielt\u00e4, ett\u00e4 h\u00e4nest\u00e4 pit\u00e4isi tulla kuningatar.\u00a0<\/p>\n<p>Tilanne on siis tuttu naiselle, jonka on jo kertaalleen t\u00e4ytynyt taistella norjalaisten luottamuksen puolesta.\u00a0<\/p>\n<p><img alt=\"Toimittajan kuva\" data-testid=\"author-image\" fetchpriority=\"low\" loading=\"lazy\" decoding=\"async\" data-nimg=\"fill\" class=\"transition duration-700 ease-in-out hover:scale-[1.05] object-cover\" style=\"position:absolute;height:100%;width:100%;left:0;top:0;right:0;bottom:0;color:transparent;background-size:cover;background-position:50% 50%;background-repeat:no-repeat;background-image:url(&quot;data:image\/svg+xml;base64,Cjxzdmcgd2lkdGg9IjcyMCIgaGVpZ2h0PSI0MDUiIHZlcnNpb249IjEuMSIgeG1sbnM9Imh0dHA6Ly93d3cudzMub3JnLzIwMDAvc3ZnIiB4bWxuczp4bGluaz0iaHR0cDovL3d3dy53My5vcmcvMTk5OS94bGluayI+CiAgPGRlZnM+CiAgICA8bGluZWFyR3JhZGllbnQgaWQ9ImciPgogICAgICA8c3RvcCBzdG9wLWNvbG9yPSIjMEIxODIzIiBvZmZzZXQ9IjIwJSIgLz4KICAgICAgPHN0b3Agc3RvcC1jb2xvcj0iIzFBMjczMiIgb2Zmc2V0PSI1MCUiIC8+CiAgICAgIDxzdG9wIHN0b3AtY29sb3I9IiMwQjE4MjMiIG9mZnNldD0iNzAlIiAvPgogICAgPC9saW5lYXJHcmFkaWVudD4KICA8L2RlZnM+CiAgPHJlY3Qgd2lkdGg9IjcyMCIgaGVpZ2h0PSI0MDUiIGZpbGw9IiMwQjE4MjMiIC8+CiAgPHJlY3QgaWQ9InIiIHdpZHRoPSI3MjAiIGhlaWdodD0iNDA1IiBmaWxsPSJ1cmwoI2cpIiAvPgogIDxhbmltYXRlIHhsaW5rOmhyZWY9IiNyIiBhdHRyaWJ1dGVOYW1lPSJ4IiBmcm9tPSItNzIwIiB0bz0iNzIwIiBkdXI9IjFzIiByZXBlYXRDb3VudD0iaW5kZWZpbml0ZSIgIC8+Cjwvc3ZnPg==&quot;)\"   src=\"https:\/\/www.europesays.com\/fi\/wp-content\/uploads\/2026\/09\/1788683424_822_image.jpeg\"\/><\/p>\n<p>Aino Haili ty\u00f6skentelee MTV Uutisissa kulttuuri- ja viihdetoimittajana. Haili on erikoistunut muun muassa undergroundkulttuuriin, musiikki-, elokuva- ja kuninkaallisaiheisiin sek\u00e4 ilmi\u00f6ihin. Haili ottaa vastaan mielell\u00e4\u00e4n uutisvinkkej\u00e4 viihteen ja kulttuurin saralta.\u00a0<\/p>\n<p>Instagram: <a class=\"underline\" data-testid=\"external-link\" href=\"https:\/\/www.instagram.com\/ainohoi\/\" rel=\"noopener nofollow\" target=\"_blank\">@ainohoi<\/a><\/p>\n<p><img alt=\"30.2XKC28J\" data-testid=\"crops-image\" class=\"h-full w-full object-cover transition duration-700 ease-in-out hover:scale-[1.05]\" fetchpriority=\"low\" loading=\"lazy\" width=\"1024\" height=\"576\" decoding=\"async\" style=\"color:transparent;background-size:cover;background-position:50% 50%;background-repeat:no-repeat;background-image:url(&quot;data:image\/svg+xml;base64,Cjxzdmcgd2lkdGg9IjEwMjQiIGhlaWdodD0iNTc2IiB2ZXJzaW9uPSIxLjEiIHhtbG5zPSJodHRwOi8vd3d3LnczLm9yZy8yMDAwL3N2ZyIgeG1sbnM6eGxpbms9Imh0dHA6Ly93d3cudzMub3JnLzE5OTkveGxpbmsiPgogIDxkZWZzPgogICAgPGxpbmVhckdyYWRpZW50IGlkPSJnIj4KICAgICAgPHN0b3Agc3RvcC1jb2xvcj0iIzBCMTgyMyIgb2Zmc2V0PSIyMCUiIC8+CiAgICAgIDxzdG9wIHN0b3AtY29sb3I9IiMxQTI3MzIiIG9mZnNldD0iNTAlIiAvPgogICAgICA8c3RvcCBzdG9wLWNvbG9yPSIjMEIxODIzIiBvZmZzZXQ9IjcwJSIgLz4KICAgIDwvbGluZWFyR3JhZGllbnQ+CiAgPC9kZWZzPgogIDxyZWN0IHdpZHRoPSIxMDI0IiBoZWlnaHQ9IjU3NiIgZmlsbD0iIzBCMTgyMyIgLz4KICA8cmVjdCBpZD0iciIgd2lkdGg9IjEwMjQiIGhlaWdodD0iNTc2IiBmaWxsPSJ1cmwoI2cpIiAvPgogIDxhbmltYXRlIHhsaW5rOmhyZWY9IiNyIiBhdHRyaWJ1dGVOYW1lPSJ4IiBmcm9tPSItMTAyNCIgdG89IjEwMjQiIGR1cj0iMXMiIHJlcGVhdENvdW50PSJpbmRlZmluaXRlIiAgLz4KPC9zdmc+&quot;)\"  src=\"https:\/\/www.europesays.com\/fi\/wp-content\/uploads\/2026\/09\/1788683428_672_image.jpeg\"\/><img alt=\"30.DAP5J5\" data-testid=\"crops-image\" class=\"h-full w-full object-cover transition duration-700 ease-in-out hover:scale-[1.05]\" fetchpriority=\"low\" loading=\"lazy\" width=\"1024\" height=\"576\" decoding=\"async\" style=\"color:transparent;background-size:cover;background-position:50% 50%;background-repeat:no-repeat;background-image:url(&quot;data:image\/svg+xml;base64,Cjxzdmcgd2lkdGg9IjEwMjQiIGhlaWdodD0iNTc2IiB2ZXJzaW9uPSIxLjEiIHhtbG5zPSJodHRwOi8vd3d3LnczLm9yZy8yMDAwL3N2ZyIgeG1sbnM6eGxpbms9Imh0dHA6Ly93d3cudzMub3JnLzE5OTkveGxpbmsiPgogIDxkZWZzPgogICAgPGxpbmVhckdyYWRpZW50IGlkPSJnIj4KICAgICAgPHN0b3Agc3RvcC1jb2xvcj0iIzBCMTgyMyIgb2Zmc2V0PSIyMCUiIC8+CiAgICAgIDxzdG9wIHN0b3AtY29sb3I9IiMxQTI3MzIiIG9mZnNldD0iNTAlIiAvPgogICAgICA8c3RvcCBzdG9wLWNvbG9yPSIjMEIxODIzIiBvZmZzZXQ9IjcwJSIgLz4KICAgIDwvbGluZWFyR3JhZGllbnQ+CiAgPC9kZWZzPgogIDxyZWN0IHdpZHRoPSIxMDI0IiBoZWlnaHQ9IjU3NiIgZmlsbD0iIzBCMTgyMyIgLz4KICA8cmVjdCBpZD0iciIgd2lkdGg9IjEwMjQiIGhlaWdodD0iNTc2IiBmaWxsPSJ1cmwoI2cpIiAvPgogIDxhbmltYXRlIHhsaW5rOmhyZWY9IiNyIiBhdHRyaWJ1dGVOYW1lPSJ4IiBmcm9tPSItMTAyNCIgdG89IjEwMjQiIGR1cj0iMXMiIHJlcGVhdENvdW50PSJpbmRlZmluaXRlIiAgLz4KPC9zdmc+&quot;)\"  src=\"https:\/\/www.europesays.com\/fi\/wp-content\/uploads\/2026\/09\/1788683429_681_image.jpeg\"\/><\/p>\n<p>Kuninkaalliset<\/p>\n<p><script async src=\"\/\/www.instagram.com\/embed.js\"><\/script><\/p>\n","protected":false},"excerpt":{"rendered":"Hypp\u00e4\u00e4 p\u00e4\u00e4sis\u00e4lt\u00f6\u00f6nSis\u00e4ll\u00f6t Tomi EinonenVastaava p\u00e4\u00e4toimittaja Ilkka AhtiainenUutisp\u00e4\u00e4toimittaja Mona HaapsaariJulkaisup\u00e4\u00e4llikk\u00f6 Teemu NiikkoToimitusp\u00e4\u00e4llikk\u00f6, urheilu Toimitus Liiketoiminta ja kehitys Jaakko HietanenHead&hellip;\n","protected":false},"author":2,"featured_media":342722,"comment_status":"","ping_status":"","sticky":false,"template":"","format":"standard","meta":{"footnotes":"","_share_on_mastodon":"0"},"categories":[14],"tags":[22,23,26,27,33,31,30,17,24,25,28,29,15,18,21,32,19,20,56,16,59,60,61],"class_list":["post-342721","post","type-post","status-publish","format-standard","has-post-thumbnail","category-ulkomaat","tag-breaking-news","tag-breakingnews","tag-featured-news","tag-featurednews","tag-fi","tag-finland","tag-finnish","tag-headlines","tag-latest-news","tag-latestnews","tag-main-news","tag-mainnews","tag-news","tag-otsikot","tag-paauutiset","tag-suomi","tag-top-stories","tag-topstories","tag-ulkomaat","tag-uutiset","tag-world","tag-world-news","tag-worldnews"],"share_on_mastodon":{"url":"https:\/\/pubeurope.com\/@fi\/117223164080452371","error":""},"_links":{"self":[{"href":"https:\/\/www.europesays.com\/fi\/wp-json\/wp\/v2\/posts\/342721","targetHints":{"allow":["GET"]}}],"collection":[{"href":"https:\/\/www.europesays.com\/fi\/wp-json\/wp\/v2\/posts"}],"about":[{"href":"https:\/\/www.europesays.com\/fi\/wp-json\/wp\/v2\/types\/post"}],"author":[{"embeddable":true,"href":"https:\/\/www.europesays.com\/fi\/wp-json\/wp\/v2\/users\/2"}],"replies":[{"embeddable":true,"href":"https:\/\/www.europesays.com\/fi\/wp-json\/wp\/v2\/comments?post=342721"}],"version-history":[{"count":0,"href":"https:\/\/www.europesays.com\/fi\/wp-json\/wp\/v2\/posts\/342721\/revisions"}],"wp:featuredmedia":[{"embeddable":true,"href":"https:\/\/www.europesays.com\/fi\/wp-json\/wp\/v2\/media\/342722"}],"wp:attachment":[{"href":"https:\/\/www.europesays.com\/fi\/wp-json\/wp\/v2\/media?parent=342721"}],"wp:term":[{"taxonomy":"category","embeddable":true,"href":"https:\/\/www.europesays.com\/fi\/wp-json\/wp\/v2\/categories?post=342721"},{"taxonomy":"post_tag","embeddable":true,"href":"https:\/\/www.europesays.com\/fi\/wp-json\/wp\/v2\/tags?post=342721"}],"curies":[{"name":"wp","href":"https:\/\/api.w.org\/{rel}","templated":true}]}}