{"id":342747,"date":"2026-09-06T09:22:15","date_gmt":"2026-09-06T09:22:15","guid":{"rendered":"https:\/\/www.europesays.com\/fi\/342747\/"},"modified":"2026-09-06T09:22:15","modified_gmt":"2026-09-06T09:22:15","slug":"tulivuorenpurkaus-sulki-kuusi-lentokenttaa-indonesiassa-uutissuomalainen","status":"publish","type":"post","link":"https:\/\/www.europesays.com\/fi\/342747\/","title":{"rendered":"Tulivuorenpurkaus sulki kuusi lentokentt\u00e4\u00e4 Indonesiassa | Uutissuomalainen"},"content":{"rendered":"<p>Indonesiassa suljettiin sunnuntaina kuusi lentokentt\u00e4\u00e4 tulivuori Anak Krakataun purkauksen takia. Viranomaisten mukaan lentokent\u00e4t pidet\u00e4\u00e4n v\u00e4liaikaisesti suljettuna, koska purkauksesta levisi ilmakeh\u00e4\u00e4n lentokoneille vaarallista tuhkaa. Jakartan p\u00e4\u00e4lentokentt\u00e4 Soekarno-Hattan lis\u00e4ksi suljettiin muun muassa Bandungin ja Balin Denpasarin kent\u00e4t.<\/p>\n<p>Tulivuori purkautui kahdesti lauantaina ja kaksi kertaa lis\u00e4\u00e4 sunnuntaina. Jakartan lentokent\u00e4n sulkeminen johti yli kahdensadan lennon perumiseen. Terveysministeri Budi Gunadi Sadikin kehotti tiedotustilaisuudessa Jakartan ja tulivuoren l\u00e4hiseudun asukkaita pysym\u00e4\u00e4n sis\u00e4tiloissa, kertoi uutistoimisto <a href=\"https:\/\/en.antaranews.com\/news\/430120\/minister-activates-heoc-prepares-medicines-for-anak-krakatau-eruption?utm_source=antaranews&amp;utm_medium=desktop&amp;utm_campaign=editor_picks\" rel=\"nofollow noopener\" target=\"_blank\">Antara<\/a>. Ulkona liikkuvia kehotettiin k\u00e4ytt\u00e4m\u00e4\u00e4n maskia ja suojaamaan silm\u00e4ns\u00e4 tulivuoren tuhkalta.<\/p>\n<p>Anak Krakatau, eli &#8221;Krakataun lapsi&#8221; sijaitsee saarella Jaavan ja Sumatran v\u00e4lisess\u00e4 Sundasalmessa, noin 150 kilometri\u00e4 Jakartan lentokent\u00e4st\u00e4. Sata vuotta sitten merest\u00e4 noussut tulivuorisaari on syntynyt Krakatau-tulivuoren kraatterista.<\/p>\n<p>Krakataun purkaus vuonna 1883 on yksi historian tuhoisimmista tulivuorenpurkauksista. Anak Krakatau purkautui tuhoisin seurauksin vuonna 2018 ja aiheutti tsunamin, jonka seurauksena kuoli yli 400 ihmist\u00e4. Uusista purkauksista ei ole aiheutunut tsunamia, kertoi <a href=\"https:\/\/en.antaranews.com\/news\/430109\/no-sea-level-anomalies-during-anak-krakatau-eruption-bmkg?utm_source=antaranews&amp;utm_medium=desktop&amp;utm_campaign=editor_picks\" rel=\"nofollow noopener\" target=\"_blank\">Antara<\/a>.<\/p>\n<p>Indonesia sijaitsee niin sanotulla Tyynenmeren tulirenkaalla, jolla tapahtuu usein maanj\u00e4ristyksi\u00e4 ja tulivuorenpurkauksia.<\/p>\n","protected":false},"excerpt":{"rendered":"Indonesiassa suljettiin sunnuntaina kuusi lentokentt\u00e4\u00e4 tulivuori Anak Krakataun purkauksen takia. Viranomaisten mukaan lentokent\u00e4t pidet\u00e4\u00e4n v\u00e4liaikaisesti suljettuna, koska purkauksesta&hellip;\n","protected":false},"author":2,"featured_media":342748,"comment_status":"","ping_status":"","sticky":false,"template":"","format":"standard","meta":{"footnotes":"","_share_on_mastodon":"0"},"categories":[14],"tags":[22,23,26,27,33,31,30,17,24,25,2910,72,28,29,4077,15,129,120,18,21,32,19,20,56,16,872,59,60,61,534],"class_list":["post-342747","post","type-post","status-publish","format-standard","has-post-thumbnail","category-ulkomaat","tag-breaking-news","tag-breakingnews","tag-featured-news","tag-featurednews","tag-fi","tag-finland","tag-finnish","tag-headlines","tag-latest-news","tag-latestnews","tag-lentoliikenne-ilmaliikenne","tag-luonto","tag-main-news","tag-mainnews","tag-meret","tag-news","tag-onnettomuudet-ja-tuhot","tag-onnettomuustapaus","tag-otsikot","tag-paauutiset","tag-suomi","tag-top-stories","tag-topstories","tag-ulkomaat","tag-uutiset","tag-vesistot","tag-world","tag-world-news","tag-worldnews","tag-ymparisto-ja-luonto"],"share_on_mastodon":{"url":"https:\/\/pubeurope.com\/@fi\/117223368140385812","error":""},"_links":{"self":[{"href":"https:\/\/www.europesays.com\/fi\/wp-json\/wp\/v2\/posts\/342747","targetHints":{"allow":["GET"]}}],"collection":[{"href":"https:\/\/www.europesays.com\/fi\/wp-json\/wp\/v2\/posts"}],"about":[{"href":"https:\/\/www.europesays.com\/fi\/wp-json\/wp\/v2\/types\/post"}],"author":[{"embeddable":true,"href":"https:\/\/www.europesays.com\/fi\/wp-json\/wp\/v2\/users\/2"}],"replies":[{"embeddable":true,"href":"https:\/\/www.europesays.com\/fi\/wp-json\/wp\/v2\/comments?post=342747"}],"version-history":[{"count":0,"href":"https:\/\/www.europesays.com\/fi\/wp-json\/wp\/v2\/posts\/342747\/revisions"}],"wp:featuredmedia":[{"embeddable":true,"href":"https:\/\/www.europesays.com\/fi\/wp-json\/wp\/v2\/media\/342748"}],"wp:attachment":[{"href":"https:\/\/www.europesays.com\/fi\/wp-json\/wp\/v2\/media?parent=342747"}],"wp:term":[{"taxonomy":"category","embeddable":true,"href":"https:\/\/www.europesays.com\/fi\/wp-json\/wp\/v2\/categories?post=342747"},{"taxonomy":"post_tag","embeddable":true,"href":"https:\/\/www.europesays.com\/fi\/wp-json\/wp\/v2\/tags?post=342747"}],"curies":[{"name":"wp","href":"https:\/\/api.w.org\/{rel}","templated":true}]}}