{"id":342777,"date":"2026-09-06T10:15:15","date_gmt":"2026-09-06T10:15:15","guid":{"rendered":"https:\/\/www.europesays.com\/fi\/342777\/"},"modified":"2026-09-06T10:15:15","modified_gmt":"2026-09-06T10:15:15","slug":"nain-paljon-vahemman-kansanedustaja-maksaa-veroja-kuin-tavallinen-suomalainen-jopa-lahes-1-000-e-kk-kateen-kuussa","status":"publish","type":"post","link":"https:\/\/www.europesays.com\/fi\/342777\/","title":{"rendered":"N\u00e4in paljon v\u00e4hemm\u00e4n kansanedustaja maksaa veroja kuin tavallinen suomalainen: Jopa l\u00e4hes 1 000 \u20ac\/kk k\u00e4teen kuussa"},"content":{"rendered":"<p>Kansanedustajien verotus on tuhansia euroja kevyemp\u00e4\u00e4 kuin saman verran tienaavalla palkansaajalla, Iltalehden teett\u00e4m\u00e4t verolaskelmat paljastavat.<\/p>\n<p><img decoding=\"async\" class=\"image image-show image-preview\" src=\"https:\/\/www.europesays.com\/fi\/wp-content\/uploads\/2026\/09\/654a316e116100ada6953ddc216428fe8c4191e251886a515468a1deb2c25809.png\" alt=\"\"\/><img decoding=\"async\" class=\"image image-show\" src=\"https:\/\/www.europesays.com\/fi\/wp-content\/uploads\/2026\/09\/1788689715_402_654a316e116100ada6953ddc216428fe8c4191e251886a515468a1deb2c25809.png\" alt=\"\"\/><\/p>\n<p>Kansanedustajille maksetaan edustajanpalkkion lis\u00e4ksi verovapaata kulukorvausta enimmill\u00e4\u00e4n 1 809,15 euroa kuukaudessa. Eero Liesimaa\/Jenni G\u00e4stgivar<\/p>\n<p class=\"paragraph\">Parlamentaarisen velkajarruty\u00f6ryhm\u00e4n puheenjohtaja <strong>Ville Valkonen<\/strong> (kok) ja varapuheenjohtaja <strong>Joona R\u00e4s\u00e4nen<\/strong> (sd) v\u00e4itteliv\u00e4t maanantain Ylen A-studiossa ensi vaalikaudella edess\u00e4 olevista usean miljardin euron sopeutustoimista.<\/p>\n<p class=\"paragraph\">Kokoomus ja gallupjohtaja SDP jakavat julkisen talouden tilannekuvan, mutta keinoista talouden tervehdytt\u00e4miseksi ollaan puolueissa eri linjoilla. Nykyinen p\u00e4\u00e4ministeripuolue sopeuttaisi julkista taloutta p\u00e4\u00e4osin menoja leikkaamalla, SDP:n listalla on my\u00f6s veronkiristyksi\u00e4.<\/p>\n<p class=\"paragraph\">R\u00e4s\u00e4sen mukaan sopeutustoimien pit\u00e4\u00e4 jakautua jatkossa oikeudenmukaisemmin kuin <strong>Petteri Orpon<\/strong> (kok) hallituskaudella.<\/p>\n<p class=\"paragraph\">\u2013 Silloin on ihan oikein sanoa, ett\u00e4 meid\u00e4n hyv\u00e4tuloisten pit\u00e4\u00e4 kantaa siit\u00e4 tulevasta taakasta v\u00e4h\u00e4n suurempi osuus kuin esimerkiksi t\u00e4ll\u00e4 kaudella, R\u00e4s\u00e4nen sanoi.<\/p>\n<p class=\"paragraph\">SDP:n talousguruksi tituleerattu R\u00e4s\u00e4nen osoitti itse\u00e4\u00e4n puhuessaan hyv\u00e4tuloisista. My\u00f6hemmin h\u00e4n osoitti my\u00f6s Valkosta \u2013 puhuessaan ihmisten luottamuksesta.<\/p>\n<p class=\"paragraph\">\u2013 Kumpikohan t\u00e4ss\u00e4 nakertaa ihmisten luottamusta enemm\u00e4n: se, ett\u00e4 meid\u00e4n tulotason ihmisilt\u00e4 otettaisiin v\u00e4h\u00e4n enemm\u00e4n, vai se, ett\u00e4 me laitettaisiin j\u00e4lleen yhteiskunnan v\u00e4h\u00e4varaisimmat, pienituloisimmat, heikommassa asemassa olevat maksamaan entist\u00e4 kovempi taakka. En m\u00e4 ainakaan voi hyv\u00e4ksy\u00e4 sellaista, R\u00e4s\u00e4nen sanoi.<\/p>\n<p>Asiantuntijalta kipakat terveiset<\/p>\n<p class=\"paragraph\">Veronmaksajien entinen toimitusjohtaja <strong>Teemu Lehtinen<\/strong> luonnehti keskustelua \u201dvauhdikkaaksi ja viihdytt\u00e4v\u00e4ksi\u201d, mutta l\u00e4hetti Valkoselle ja R\u00e4s\u00e4selle terveiset.<\/p>\n<p class=\"paragraph\">\u2013 Yksi pieni toive minulla olisi kuitenkin jatkossa: \u00e4lk\u00e4\u00e4 kertoko, ett\u00e4 teid\u00e4n tulotasollanne kansalaisten olisi hyvin varaa maksaa nykyist\u00e4 enemm\u00e4nkin veroja. Kansanedustajilla kun on selv\u00e4sti kevyempi verotus kuin samantuloisilla palkansaajilla verottomien kulukorvausten ansiosta,  Lehtinen kirjoitti X:ss\u00e4.<\/p>\n<p class=\"paragraph\">Iltalehti p\u00e4\u00e4tti selvitt\u00e4\u00e4, kuinka paljon kevyemp\u00e4\u00e4 kansanedustajien verotus on tavalliseen palkansaajaan verrattuna.<\/p>\n<p>Hy\u00f6ty 552\u2013985 euroa\/kk<\/p>\n<p class=\"paragraph\">Veronmaksajien p\u00e4\u00e4ekonomisti <strong>Mikael Kirkko-Jaakkola<\/strong> laski IL:n pyynn\u00f6st\u00e4 kansanedustajien verorasitteen.<\/p>\n<p class=\"paragraph\">Kansanedustajien verohy\u00f6ty tavalliseen palkansaajaan verrattuna on 552\u2013985 euroa kuukaudessa, laskelma paljastaa.<\/p>\n<p class=\"paragraph\">Uuden kansanedustajan palkkio on 7 637 euroa kuukaudessa. Toisen ja kolmannen kauden edustajan palkkio on 7 944 euroa kuukaudessa.  Nelj\u00e4nnen kauden tai sit\u00e4 kokeneemman edustajan palkkio on 8 393 euroa kuukaudessa.<\/p>\n<p class=\"paragraph\">Katso alla olevasta taulukosta, millainen kansanedustajien verorasite on eri palkkio- ja kulukorvaustasoilla, ja millainen se olisi, jos kulukorvaus olisi verotettavaa tuloa.<\/p>\n<p>N\u00e4in verolaskelma tehtiin<\/p>\n<p class=\"paragraph\">Veronmaksajien p\u00e4\u00e4ekonomisti <strong>Mikael Kirkko-Jaakkola<\/strong> laski Iltalehden pyynn\u00f6st\u00e4 palkkiota sek\u00e4 verovapaata kulukorvausta saavien kansanedustajien verorasitteet ja vertasi niit\u00e4 palkaltaan samaa tasoa olevaan tavalliseen palkansaajaan.<\/p>\n<p class=\"paragraph\">Laskelmassa k\u00e4ytettiin seuraavia oletuksia:<\/p>\n<p class=\"paragraph\">1) Verot ja maksut suhteessa yhteenlaskettuun palkkioon ja kulukorvaukseen (kansanedustaja) tai eurom\u00e4\u00e4r\u00e4\u00e4 vastaavaan palkkatuloon (palkansaaja), vuositulo = 12 x kk-ansio.<\/p>\n<p class=\"paragraph\">2) Huomioidut verot ja maksut 2026: valtion tulovero, kunnallisvero, sairausvakuutusmaksut, kirkollisvero, palkansaajan ty\u00f6el\u00e4ke- ja ty\u00f6tt\u00f6myysvakuutusmaksu (ei kansanedustajan palkkiosta), Yle-vero.<\/p>\n<p class=\"paragraph\">3) Keskim\u00e4\u00e4r\u00e4inen kunnallisveroprosentti (7,57%) sek\u00e4 kirkollisveroprosentti (1,38%).<\/p>\n<p class=\"paragraph\">4) Vain viran puolesta teht\u00e4v\u00e4t v\u00e4hennykset (ei ryhm\u00e4-\/puoluemaksuja), alle 65-v, ei huollettavia alaik\u00e4isi\u00e4 lapsia.<\/p>\n<p class=\"paragraph\">Laskelmissa on otettu huomioon kaikki kolme edustajanpalkkiota (7 637\u20138 393 euroa) sek\u00e4 kaikki kolme kulukorvausta (986,81\u20131 809,15 euroa). Kuukausittain maksettavan edustajanpalkkion m\u00e4\u00e4r\u00e4 riippuu eduskuntauran kestosta, ja sen yhteydess\u00e4 maksettava verovapaa kulukorvaus edustajan vaalipiirist\u00e4.<\/p>\n<p>Paljastavat taulukot<\/p>\n<p class=\"paragraph\">Helsingin ja Uudenmaan vaalipiirist\u00e4 valitut edustajat saavat kulukorvausta 986,81 euroa kuukaudessa.<\/p>\n<p class=\"paragraph\">Helsingin ja Uudenmaan ulkopuolelta valitut edustajat saavat 1 315,75 euroa kuukaudessa.<\/p>\n<p class=\"paragraph\">Jos Helsingin ja Uudenmaan vaalipiirin ulkopuolelta valitulla edustajalla on omassa vaalipiiriss\u00e4\u00e4n olevan vakituisen asunnon lis\u00e4ksi edustajanteht\u00e4v\u00e4\u00e4 varten hankittu ty\u00f6asunto Helsingiss\u00e4, Espoossa, Vantaalla tai Kauniaisissa, kulukorvausta maksetaan 1 809,15 euroa kuukaudessa.<\/p>\n<p>Tulot viel\u00e4kin suuremmat<\/p>\n<p class=\"paragraph\">Kansanedustajien tulot ovat monissa tapauksissa merkitt\u00e4v\u00e4sti suuremmat.<\/p>\n<p class=\"paragraph\">Edustajanpalkkion ja kulukorvauksen lis\u00e4ksi monet kansanedustajat saavat lis\u00e4tuloja useista eri l\u00e4hteist\u00e4.<\/p>\n<p class=\"paragraph\">Eduskuntaryhmien puheenjohtajille ja valiokuntien puheenjohtajille maksetaan 803\u20131 323 euron lis\u00e4palkkio joka kuukausi palkkionmaksun yhteydess\u00e4.<\/p>\n<p class=\"paragraph\">Valtiovarainvaliokunnan verojaoston puheenjohtajalle maksetaan 803 euron lis\u00e4palkkio ja valiokunnan muiden jaostojen puheenjohtajille 503 euron lis\u00e4palkkio.<\/p>\n<p class=\"paragraph\">Lis\u00e4palkkiot ovat edustajille veronalaista tuloa, joten se ei lis\u00e4\u00e4 verohy\u00f6dyn m\u00e4\u00e4r\u00e4\u00e4.<\/p>\n<p class=\"paragraph\">Lukuisat kansanedustajat saavat lis\u00e4tuloja my\u00f6s erilaisista luottamusteht\u00e4vist\u00e4, jotka liittyv\u00e4t heid\u00e4n teht\u00e4viins\u00e4 kansanedustajana ja kaupunginvaltuutettuna.<\/p>\n<p class=\"paragraph\">Parlamentaarisen velkajarruty\u00f6ryhm\u00e4n puheenjohtajana toimivan Valkosen verotettavat tulot olivat vuonna 2024 yhteens\u00e4 120 507 euroa. Ansiotulojen osuus oli 105 747 euroa. Kulukorvaus on verovapaa, joten se ei n\u00e4y julkisissa tulo- ja verotiedoissa.<\/p>\n<p class=\"paragraph\">Valkosen veroprosentti oli kaikki verotettavat tulot huomioon otettuna 37,2.<\/p>\n","protected":false},"excerpt":{"rendered":"Kansanedustajien verotus on tuhansia euroja kevyemp\u00e4\u00e4 kuin saman verran tienaavalla palkansaajalla, Iltalehden teett\u00e4m\u00e4t verolaskelmat paljastavat. Kansanedustajille maksetaan edustajanpalkkion&hellip;\n","protected":false},"author":2,"featured_media":342778,"comment_status":"","ping_status":"","sticky":false,"template":"","format":"standard","meta":{"footnotes":"","_share_on_mastodon":"0"},"categories":[12],"tags":[35,22,23,26,27,33,31,30,17,24,25,28,29,15,18,21,2645,5038,637,886,32,19,20,16,2186],"class_list":["post-342777","post","type-post","status-publish","format-standard","has-post-thumbnail","category-suomi","tag-24h","tag-breaking-news","tag-breakingnews","tag-featured-news","tag-featurednews","tag-fi","tag-finland","tag-finnish","tag-headlines","tag-latest-news","tag-latestnews","tag-main-news","tag-mainnews","tag-news","tag-otsikot","tag-paauutiset","tag-palkka-ja-tyosuhde-edut","tag-poliittinen-talous","tag-politiikka","tag-puolueet","tag-suomi","tag-top-stories","tag-topstories","tag-uutiset","tag-verotus"],"share_on_mastodon":{"url":"https:\/\/pubeurope.com\/@fi\/117223577190240941","error":""},"_links":{"self":[{"href":"https:\/\/www.europesays.com\/fi\/wp-json\/wp\/v2\/posts\/342777","targetHints":{"allow":["GET"]}}],"collection":[{"href":"https:\/\/www.europesays.com\/fi\/wp-json\/wp\/v2\/posts"}],"about":[{"href":"https:\/\/www.europesays.com\/fi\/wp-json\/wp\/v2\/types\/post"}],"author":[{"embeddable":true,"href":"https:\/\/www.europesays.com\/fi\/wp-json\/wp\/v2\/users\/2"}],"replies":[{"embeddable":true,"href":"https:\/\/www.europesays.com\/fi\/wp-json\/wp\/v2\/comments?post=342777"}],"version-history":[{"count":0,"href":"https:\/\/www.europesays.com\/fi\/wp-json\/wp\/v2\/posts\/342777\/revisions"}],"wp:featuredmedia":[{"embeddable":true,"href":"https:\/\/www.europesays.com\/fi\/wp-json\/wp\/v2\/media\/342778"}],"wp:attachment":[{"href":"https:\/\/www.europesays.com\/fi\/wp-json\/wp\/v2\/media?parent=342777"}],"wp:term":[{"taxonomy":"category","embeddable":true,"href":"https:\/\/www.europesays.com\/fi\/wp-json\/wp\/v2\/categories?post=342777"},{"taxonomy":"post_tag","embeddable":true,"href":"https:\/\/www.europesays.com\/fi\/wp-json\/wp\/v2\/tags?post=342777"}],"curies":[{"name":"wp","href":"https:\/\/api.w.org\/{rel}","templated":true}]}}