{"id":342797,"date":"2026-09-06T10:47:11","date_gmt":"2026-09-06T10:47:11","guid":{"rendered":"https:\/\/www.europesays.com\/fi\/342797\/"},"modified":"2026-09-06T10:47:11","modified_gmt":"2026-09-06T10:47:11","slug":"ymparisto-uusi-johtaja-korjaamaan-kritisoitua-organisaatiota-paikalliset","status":"publish","type":"post","link":"https:\/\/www.europesays.com\/fi\/342797\/","title":{"rendered":"Ymp\u00e4rist\u00f6 | Uusi johtaja korjaamaan kritisoitua organisaatiota | Paikalliset"},"content":{"rendered":"<p>Keski-Uudenmaan ymp\u00e4rist\u00f6keskuksen uuteen johtajaan <strong>Riikka \u00c5bergiin<\/strong> kohdistuu paljon odotuksia.<\/p>\n<p>Hein\u00e4kuun lopussa pestiins\u00e4 astunut \u00c5berg palkattiin uudistamaan organisaatiota, joka viime kev\u00e4ttalvella nousi otsikoihin.<\/p>\n<p>Keski-Uusimaa kertoi tuolloin toiminnan kriisiytyneen; ymp\u00e4rist\u00f6luvat olivat ruuhkautuneet ja hitaus turhautti j\u00e4senkuntia ja liike-el\u00e4m\u00e4\u00e4. Pian saatiin lukea salamaerosta, kun edellinen johtaja yll\u00e4tt\u00e4en \u201dj\u00e4tti teht\u00e4v\u00e4ns\u00e4\u201d.<\/p>\n<p>\u00c5berg n\u00e4kee, ett\u00e4 ymp\u00e4rist\u00f6keskuksen suurin haaste t\u00e4ll\u00e4 hetkell\u00e4 on luottamuksen rakentaminen niin ymp\u00e4rist\u00f6keskuksen sis\u00e4ll\u00e4 kuin my\u00f6s ulosp\u00e4in asiakkaille ja kuntiin p\u00e4in.<\/p>\n<p>\u2013Tilanne on mielest\u00e4ni nyt oikein hyv\u00e4 verrattuna siihen mit\u00e4 silloin kev\u00e4\u00e4ll\u00e4 t\u00e4st\u00e4 k\u00e4ytiin julkista keskustelua. Minut on otettu hyvin vastaan ja ymp\u00e4rist\u00f6keskuksessa on jo alettu kehitt\u00e4\u00e4 ymp\u00e4rist\u00f6lupahakuprosessia. Esimerkiksi teht\u00e4v\u00e4jakoa on uudistettu ja on rauhoitettu tilannetta, vastaa \u00c5berg, jonka mukaan on varmasti ollut henkil\u00f6st\u00f6llekin raskasta olla julkisen kritiikin kohteena.<\/p>\n<p>Julkinen kritiikki on kohdistunut nimenomaan ymp\u00e4rist\u00f6lupiin. H\u00e4n muistuttaa, ett\u00e4 ymp\u00e4rist\u00f6keskuksen toiminta on kuitenkin paljon laajempi kokonaisuus: teht\u00e4vi\u00e4 ja asiantuntijoita niit\u00e4 hoitamassa on paljon. Henkil\u00f6kuntaa ymp\u00e4rist\u00f6keskuksessa on kaikkiaan viisikymment\u00e4.<\/p>\n<p><strong class=\"diks-storyline__impact\">Ymp\u00e4rist\u00f6keskus<\/strong> hoitaa viiden kunnan alueella elintarvikevalvontaa, el\u00e4inl\u00e4\u00e4kint\u00e4huoltoa, terveydensuojelua ja ymp\u00e4rist\u00f6nsuojelua. J\u00e4senkuntia ovat Tuusula, J\u00e4rvenp\u00e4\u00e4, Kerava, Nurmij\u00e4rvi ja M\u00e4nts\u00e4l\u00e4.<\/p>\n<p>Miten \u00c5berg aikoo rakentaa luottamusta ymp\u00e4rist\u00f6keskuksen ja j\u00e4senkuntien v\u00e4lille?<\/p>\n<p>\u2013 Ensin t\u00e4ytyy saada kuntien kanssa k\u00e4yntiin aktiivinen vuoropuhelu. Sit\u00e4 siell\u00e4 jo on, mutta sit\u00e4 pit\u00e4\u00e4 viel\u00e4 kehitt\u00e4\u00e4 viel\u00e4 aktiivisemmaksi, vastaa \u00c5berg ja jatkaa:<\/p>\n<p>\u2013 Vuoropuheluun kuuluu avoimia keskusteluja siit\u00e4, mit\u00e4 toiveita kullakin on ja mitk\u00e4 viranomaistoiminnan mahdollisuudet ovat. Pit\u00e4\u00e4 kertoa perusteista, siit\u00e4 mit\u00e4 mahdollisia reunaehtoja tulee lains\u00e4\u00e4d\u00e4nn\u00f6st\u00e4. Kertoa miksi jokin asia on n\u00e4in ja miten prosessi menee.<\/p>\n<p><strong class=\"diks-storyline__impact\">Jokainen<\/strong> kunta haluaa kasvua ja ehk\u00e4 viel\u00e4 nopeaa kasvua. Miss\u00e4 tilanteessa \u00c5berg olisi valmis sanomaan kunnille ei?<\/p>\n<p>H\u00e4n pohtii, ett\u00e4 ehk\u00e4 suoran ein sanominen ei ole ymp\u00e4rist\u00f6keskuksen teht\u00e4v\u00e4.<\/p>\n<p>\u2013 Ymp\u00e4rist\u00f6viranomaisen teht\u00e4v\u00e4 ei ole rajoittaa tai hidastaa hankkeita vaan toimia lains\u00e4\u00e4d\u00e4nn\u00f6n mukaisena viranomaisena, mutta v\u00e4ist\u00e4m\u00e4tt\u00e4 voi tulla tilanteita, joissa kunta tai yksityinen luvanhaltija on ymp\u00e4rist\u00f6keskuksen p\u00e4\u00e4t\u00f6ksen kanssa eri mielt\u00e4, siihen on silloin muutoksenhakumahdollisuus hallinto-oikeudelta.<\/p>\n<p>Keski-Uusimaa kertoi kev\u00e4\u00e4ll\u00e4, ett\u00e4 kunnilla on kilpailua ja kovia tavoitteita. Kaikki haluavat olla elinvoimaisia. \u00c5berg ei ole kuitenkaan kuullut, ett\u00e4 ymp\u00e4rist\u00f6keskukseen varsinaisesti kohdistuisi kunnista tulevaa painostusta.<\/p>\n<p>\u2013 Toki viranomaistoimintaan voi aina liitty\u00e4 toivetta siit\u00e4, ett\u00e4 jonkun asiat k\u00e4sitell\u00e4\u00e4n ensin tai voi olla toiveita joustamisesta, mit\u00e4 ei ole mahdollista v\u00e4ltt\u00e4m\u00e4tt\u00e4 tehd\u00e4, kun lains\u00e4\u00e4d\u00e4nt\u00f6 on meill\u00e4 se ohjaava tekij\u00e4.<\/p>\n<p>H\u00e4n lis\u00e4\u00e4, ett\u00e4 samantyyppisten lupien kanssa on jo tehty ty\u00f6njaollisia ratkaisuja, joten h\u00e4n uskoo, ett\u00e4 asiat ovat jo sujuvoituneet.<\/p>\n<p><strong class=\"diks-storyline__impact\">\u00c5bergilla<\/strong> on takanaan pitk\u00e4 ty\u00f6ura Helsingin ymp\u00e4rist\u00f6palveluissa, miss\u00e4 h\u00e4n on toiminut elintarviketurvallisuusyksik\u00f6n p\u00e4\u00e4llikk\u00f6n\u00e4.<\/p>\n<p>\u2013 Edellinen ty\u00f6h\u00e4n oli tosi mielenkiintoista. P\u00e4\u00e4kaupunkiseudulla aina sattuu ja tapahtuu jotain uutta. Se miksi hain Keski-Uudellemaalle liittyy varmasti ik\u00e4\u00e4n ja el\u00e4m\u00e4nkokemukseen. Tuli tietyll\u00e4 tavalla ajatus siit\u00e4, ett\u00e4 voisiko sit\u00e4 viel\u00e4 kokeilla jotain muuta.<\/p>\n<p>Keski-Uudenmaan kunnat eiv\u00e4t ole h\u00e4nelle entuudestaan kovin tuttuja. Helsingin kaupungilla h\u00e4n oli ymp\u00e4rist\u00f6palveluissa hyvin samanlaisessa ja samankokoisessa organisaatiossa kuin t\u00e4\u00e4ll\u00e4. Uudessa pestiss\u00e4 on kuitenkin entist\u00e4 laajemmat vastuut.<\/p>\n<p>\u2013 T\u00e4h\u00e4n teht\u00e4v\u00e4\u00e4n en tullut mink\u00e4\u00e4n alan asiantuntijana vaan nimenomaan johtajana.<\/p>\n<p><strong class=\"diks-storyline__impact\">J\u00e4senkunnat <\/strong>h\u00e4n kertoo tuntevansa l\u00e4hinn\u00e4 yksitt\u00e4isten vierailujen kautta: Tuusulassa on tullut k\u00e4yty\u00e4 kursseilla ja kulttuuriymp\u00e4rist\u00f6 on tullut tutuksi. M\u00e4nts\u00e4l\u00e4ss\u00e4 h\u00e4n on puolestaan suorittanut aikoinaan suurel\u00e4inharjoittelua silloisella Hautj\u00e4rven klinikalla.<\/p>\n<p>\u2013\u2009Keski-Uudenmaan alue on monimuotoinen, on kaupunkimaista ymp\u00e4rist\u00f6\u00e4, erityisesti Kerava ja J\u00e4rvenp\u00e4\u00e4 ovat kaupunkimaisia. Sitten on maaseutumaisemmat kunnat Tuusula, Nurmij\u00e4rvi ja M\u00e4nts\u00e4l\u00e4, mik\u00e4 tarkoittaa hyvin erilaisia lupa- ja valvontatarpeita.<\/p>\n<p>\u2013 Kaikilla kunnilla on kyll\u00e4 kaikkia lupia, mutta esimerkiksi M\u00e4nts\u00e4l\u00e4ss\u00e4 saattaa olla enemm\u00e4n ymp\u00e4rist\u00f6puolen lupa-asioita suhteessa v\u00e4kim\u00e4\u00e4r\u00e4\u00e4n, kun on laaja kunta.<\/p>\n<p>Maa-ainesluvat on sellaisia, mit\u00e4 \u00c5bergin mukaan ei Helsingiss\u00e4 juuri ole ollut.<\/p>\n<p><strong class=\"diks-storyline__impact\">\u00c5berg <\/strong>palkattiin nimenomaan organisaation uudistajaksi. Mit\u00e4 h\u00e4n aikoo ymp\u00e4rist\u00f6keskuksessa muuttaa?<\/p>\n<p>\u2013 En varmasti ensin tee mit\u00e4\u00e4n hirve\u00e4n radikaaleja muutoksia, mutta ty\u00f6urallani olen tehnyt paljon asiakkuuksien hallintaa ja kehitt\u00e4mist\u00e4. Pyrin ty\u00f6ss\u00e4ni sujuvaan viranomaistoimintaan, ty\u00f6hyvinvointiin ja henkil\u00f6st\u00f6n osaamisen systemaattiseen kehitt\u00e4miseen.<\/p>\n<p>H\u00e4n on perehtynyt Lean-filosofiaan tai -toimintatapaan, jolla voidaan kehitt\u00e4\u00e4 prosesseja: karsia turhia vaiheita ja p\u00e4\u00e4llekk\u00e4ist\u00e4 ty\u00f6t\u00e4, jolloin ty\u00f6 virtaviivaistuu.<\/p>\n<p>Millaisia muutoksia henkil\u00f6st\u00f6 voi odottaa?<\/p>\n<p>T\u00e4h\u00e4n \u00c5berg vastaa toivovansa, ett\u00e4 luottamus palautuisi ja se n\u00e4kyisi ty\u00f6hyvinvoinnissa. Tuusulan tarkastuslautakuntakin huomioi tarkastuskertomuksessaan viimeksi henkil\u00f6st\u00f6n vaihtuvuuden. \u00c5berg ei pid\u00e4 t\u00e4t\u00e4 kuitenkaan h\u00e4lytt\u00e4v\u00e4n\u00e4.<\/p>\n<p>\u2013 Vaihtuvuutta on ollut jonkin verran, mutta osa liittyy ihan normaalivaihtuvuuteen, esimerkiksi uralla etenemisiin ja muuttoihin. En pid\u00e4 tilannetta huolestuttavana t\u00e4ll\u00e4 hetkell\u00e4.<\/p>\n<p>T\u00e4ll\u00e4 hetkell\u00e4 Keski-Uudenmaan ymp\u00e4rist\u00f6keskus istuu fyysisesti viel\u00e4 Hyryl\u00e4nkatu 8:ssa. Syksyn aikana on edess\u00e4 muutto uuteen S\u00e4rm\u00e4-palvelukeskukseen, jonne avautuu my\u00f6s Prisma.<\/p>\n<p>\u2013 S\u00e4rm\u00e4\u00e4n muutto on iso asia. Vaikka se voi tuntua, ett\u00e4 muutto kuin muutto, niin kyll\u00e4 se on my\u00f6s vaativa asia ja iso mahdollisuus, kun koko ymp\u00e4rist\u00f6keskus muuttaa, \u00c5berg pohtii.<\/p>\n<p>Muutto ehk\u00e4 tuo ymp\u00e4rist\u00f6keskusta tutummaksi tuusulalaisille. Nykyisest\u00e4 toimipaikasta S-marketin naapurissa ei kovinkaan moni ole tietoinen.<\/p>\n<p>Ylip\u00e4\u00e4t\u00e4\u00e4n ymp\u00e4rist\u00f6keskus on aika suurelle yleis\u00f6lle aika v\u00e4h\u00e4n tunnettu. Yksitt\u00e4iset lupa-asiat nousevat aika ajoin tapetille, mutta ty\u00f6n monipuolisuus ei n\u00e4y.<\/p>\n<p>Niin, mit\u00e4 tavalliselle kuntalaisille p\u00e4in n\u00e4kyy?<\/p>\n<p>\u2013Ymp\u00e4rist\u00f6lupaprosessit ei ehk\u00e4 niin suoraan n\u00e4y, ellei sitten satu asumaan jollain tietyll\u00e4 alueella, jonne lupa on vireill\u00e4, mutta jokainen meist\u00e4 sy\u00f6 ruokaa ja juo vett\u00e4. Talousveden laatu n\u00e4kyy.<\/p>\n<p>\u2013 Samoin esimerkiksi elintarvikelaadun Oiva-tuloksista n\u00e4kee millainen taso on vaikkapa omassa l\u00e4hikaupassa. Ja uimavesitulokset kes\u00e4ll\u00e4, seh\u00e4n on meid\u00e4n hittituote. My\u00f6s uimahallien vett\u00e4 tutkitaan ymp\u00e4rist\u00f6keskuksessa. El\u00e4inl\u00e4\u00e4k\u00e4ripalvelut n\u00e4kyv\u00e4t my\u00f6s suoraan kuntalaisille, \u00c5berg luettelee.<\/p>\n<p><strong class=\"diks-storyline__impact\">Jutuntekoviikolla<\/strong> \u00c5berg oli l\u00e4hd\u00f6ss\u00e4 tapaamaan ymp\u00e4rist\u00f6lautakunnan puheenjohtajaa <strong>Merja Vikman-Kanervaa<\/strong> (kok.) M\u00e4nts\u00e4l\u00e4\u00e4n.<\/p>\n<p>\u00c5berg aikoo k\u00e4yd\u00e4 pikimmiten ensikierroksilla my\u00f6s kunnissa.<\/p>\n<p>Kun viiden vuoden p\u00e4\u00e4st\u00e4 katsot taaksep\u00e4in, mik\u00e4 on se yksi asia, jonka haluat ihmisten sanovan Riikka \u00c5bergin muuttaneen Keski-Uudenmaan ymp\u00e4rist\u00f6keskuksessa?<\/p>\n<p>\u2013 Toiminta on viiden vuoden p\u00e4\u00e4st\u00e4 asiakasl\u00e4ht\u00f6ist\u00e4 ja sujuvaa ja ett\u00e4 meill\u00e4 on hyv\u00e4 olla t\u00f6iss\u00e4, \u00c5berg vastaa.<\/p>\n<p>Lopuksi: aiotko muuttaa Tuusulaan?<\/p>\n<p>\u2013 Se on hyv\u00e4 kysymys. Ollaan asuttu kerrostalossa hyvin pitk\u00e4\u00e4n. Mies aina katsoo omakotitaloja niin voi sanoa, ett\u00e4 asia on mietinn\u00e4ss\u00e4, \u00c5berg nauraa.<\/p>\n<p>Tuusulaan muuttaminen ei ole poissuljettu vaihtoehto. Asia on mietinn\u00e4ss\u00e4.<\/p>\n","protected":false},"excerpt":{"rendered":"Keski-Uudenmaan ymp\u00e4rist\u00f6keskuksen uuteen johtajaan Riikka \u00c5bergiin kohdistuu paljon odotuksia. Hein\u00e4kuun lopussa pestiins\u00e4 astunut \u00c5berg palkattiin uudistamaan organisaatiota, joka&hellip;\n","protected":false},"author":2,"featured_media":342798,"comment_status":"","ping_status":"","sticky":false,"template":"","format":"standard","meta":{"footnotes":"","_share_on_mastodon":"0"},"categories":[113],"tags":[681,446,33,31,30,440,2370,16751,8541,118,32,119,860,447],"class_list":["post-342797","post","type-post","status-publish","format-standard","has-post-thumbnail","category-ymparisto","tag-alue-ja-paikallishallinto","tag-environment","tag-fi","tag-finland","tag-finnish","tag-ihmiset","tag-mantsala","tag-paatoksenteko","tag-puheenaihe","tag-science","tag-suomi","tag-tiede","tag-tyoelama","tag-ymparisto"],"share_on_mastodon":{"url":"https:\/\/pubeurope.com\/@fi\/117223702078798671","error":""},"_links":{"self":[{"href":"https:\/\/www.europesays.com\/fi\/wp-json\/wp\/v2\/posts\/342797","targetHints":{"allow":["GET"]}}],"collection":[{"href":"https:\/\/www.europesays.com\/fi\/wp-json\/wp\/v2\/posts"}],"about":[{"href":"https:\/\/www.europesays.com\/fi\/wp-json\/wp\/v2\/types\/post"}],"author":[{"embeddable":true,"href":"https:\/\/www.europesays.com\/fi\/wp-json\/wp\/v2\/users\/2"}],"replies":[{"embeddable":true,"href":"https:\/\/www.europesays.com\/fi\/wp-json\/wp\/v2\/comments?post=342797"}],"version-history":[{"count":0,"href":"https:\/\/www.europesays.com\/fi\/wp-json\/wp\/v2\/posts\/342797\/revisions"}],"wp:featuredmedia":[{"embeddable":true,"href":"https:\/\/www.europesays.com\/fi\/wp-json\/wp\/v2\/media\/342798"}],"wp:attachment":[{"href":"https:\/\/www.europesays.com\/fi\/wp-json\/wp\/v2\/media?parent=342797"}],"wp:term":[{"taxonomy":"category","embeddable":true,"href":"https:\/\/www.europesays.com\/fi\/wp-json\/wp\/v2\/categories?post=342797"},{"taxonomy":"post_tag","embeddable":true,"href":"https:\/\/www.europesays.com\/fi\/wp-json\/wp\/v2\/tags?post=342797"}],"curies":[{"name":"wp","href":"https:\/\/api.w.org\/{rel}","templated":true}]}}