{"id":342843,"date":"2026-09-06T12:01:12","date_gmt":"2026-09-06T12:01:12","guid":{"rendered":"https:\/\/www.europesays.com\/fi\/342843\/"},"modified":"2026-09-06T12:01:12","modified_gmt":"2026-09-06T12:01:12","slug":"ex-poliisi-arttu-kilpelaiselta-kovat-sanat-poliisin-mopokohusta","status":"publish","type":"post","link":"https:\/\/www.europesays.com\/fi\/342843\/","title":{"rendered":"Ex-poliisi Arttu Kilpel\u00e4iselt\u00e4 kovat sanat poliisin mopokohusta"},"content":{"rendered":"<p>Bachelor Suomi -ohjelman poikamies Arttu Kilpel\u00e4inen kommentoi viimeaikaisia poliisikohuja. Kilpel\u00e4inen ty\u00f6skenteli aikoinaan poliisina kuusi vuotta.<\/p>\n<p class=\"paragraph\">Ex-poliisi ja Bachelor Suomi -ohjelman poikamies <strong>Arttu Kilpel\u00e4inen<\/strong>, 29, on surullisena seurannut uutisointia esimerkiksi siit\u00e4, kun <a href=\"https:\/\/www.iltalehti.fi\/kotimaa\/552bd0a8-e5d0-44bb-b3d3-ee2e0a1434ee\" rel=\"nofollow noopener\" target=\"_blank\">poliisi kiilasi nuoren mopoilijan ojaan<\/a>. Takaa-ajosta on k\u00e4ynnistetty kaksi tutkintaa: mopoilijaa ep\u00e4ill\u00e4\u00e4n liikennerikoksista ja poliisia muun muassa virkavelvollisuuden rikkomisesta sek\u00e4 vammantuottamuksesta.<\/p>\n<p class=\"paragraph\">\u2013 Suoraan sanottuna on tullut jopa paha mieli. On ollut pahoja ep\u00e4onnistumisia, jotka eiv\u00e4t kest\u00e4 sit\u00e4 ulkoista tarkastelua. Totta kai p\u00e4\u00e4llimm\u00e4isen\u00e4 on mieless\u00e4 t\u00e4m\u00e4 mopoinsidentti, joka oli ihan clusterfuck [s\u00e4hl\u00e4\u00e4misell\u00e4 pahasti pieleen mennyt asia], ex-poliisi kertoo Iltalehdelle Miss Suomi -finaaligaalassa.<\/p>\n<p class=\"paragraph\">\u2013 Kun n\u00e4in sen videon, tiesin, ett\u00e4 t\u00e4st\u00e4 ei hyv\u00e4 heilu. Eik\u00e4 heilunut. Oli katastrofaalista seurattavaa my\u00f6skin poliisin viestinn\u00e4n osalta. Ei tee varmastikaan poliisin imagolle hyv\u00e4\u00e4, h\u00e4n jatkaa.<\/p>\n<p><img decoding=\"async\" class=\"image image-show image-preview\" src=\"https:\/\/www.europesays.com\/fi\/wp-content\/uploads\/2026\/09\/c5fe8186bc66f6a2fb5739de75cbbfced8051b9c6abf46e3146b7f65c988891a.jpg\" alt=\"\"\/><img decoding=\"async\" class=\"image image-show\" src=\"https:\/\/www.europesays.com\/fi\/wp-content\/uploads\/2026\/09\/1788696072_620_c5fe8186bc66f6a2fb5739de75cbbfced8051b9c6abf46e3146b7f65c988891a.jpg\" alt=\"\"\/><\/p>\n<p>Arttu Kilpel\u00e4nen saapui lauantaina Miss Suomi -finaaligaalaan valkoisessa asukokonaisuudessa. Kaisa Vehkalahti<\/p>\n<p class=\"paragraph\">Kilpel\u00e4inen nostaa esille my\u00f6s viimeaikaiset uutiset v\u00e4itteist\u00e4, joiden mukaan poliisien v\u00e4lill\u00e4 tapahtuu kiusaamista. Esimerkiksi ex-konstaapeli <strong>Ella Varis<\/strong> on kertonut julkisesti irtisanoutuneensa poliisista <a href=\"https:\/\/www.iltalehti.fi\/kotimaa\/b5116296-d30d-4c18-bb50-2b516f33b142\" rel=\"nofollow noopener\" target=\"_blank\">ty\u00f6paikkakiusaamisen takia<\/a>.<\/p>\n<p class=\"paragraph\">Nostamatta mit\u00e4\u00e4n yksitt\u00e4ist\u00e4 tapausta esiin Kilpel\u00e4inen kertoo kokevasa, ettei tietenk\u00e4\u00e4n kiusaamisv\u00e4itteet saata poliisia hyv\u00e4\u00e4n valoon.<\/p>\n<p class=\"paragraph\">\u2013 Olen kuitenkin luottavainen, ett\u00e4 kansalaiset uskovat ja luottavat meid\u00e4n sinisiin. Kyll\u00e4 he kuitenkin tekev\u00e4t niin kovaa duunia ja yhteiskuntamme kannalta sellaista ty\u00f6t\u00e4, ett\u00e4 ilman niit\u00e4 t\u00e4m\u00e4 yhteiskunta ei py\u00f6ri, ex-poliisi muistuttaa.<\/p>\n<p class=\"paragraph\">\u2013 Aina pit\u00e4\u00e4 muistaa se, ett\u00e4 totta kai yksitt\u00e4inen tapaus on munattu, mutta poliisitkin ovat ihmisi\u00e4. T\u00e4ytyy kuitenkin muistaa se iso kuva, millaista ty\u00f6t\u00e4 siell\u00e4 oikeasti tehd\u00e4\u00e4n. Siell\u00e4 on ihmisill\u00e4 mieli aika kovilla, h\u00e4n lis\u00e4\u00e4.<\/p>\n<p class=\"paragraph\">Kilpel\u00e4inen on luottavainen siit\u00e4, ettei h\u00e4nen tarvitse palata takaisin poliisiksi. Jos n\u00e4in kuitenkin tapahtuu, Kilpel\u00e4inen uskoo sen tapahtuvan k\u00e4yv\u00e4n viiden vuoden sis\u00e4ll\u00e4.<\/p>\n<p class=\"paragraph\">\u2013 N\u00e4en sen sellaisena, ett\u00e4 minun olisi pakko. T\u00e4ll\u00e4 hetkell\u00e4 minun ei ole pakko. Jos minulla tulee ik\u00e4v\u00e4 sinne, se menee viidess\u00e4 minuutissa ohi.<\/p>\n<p class=\"paragraph\">Kilpel\u00e4inen ilmoitti <a href=\"https:\/\/www.iltalehti.fi\/viihdeuutiset\/e189ac4b-80d4-40cd-9820-984401cff6b8\" rel=\"nofollow noopener\" target=\"_blank\">irtisanoutuneensa<\/a> poliisin ty\u00f6st\u00e4 syksyll\u00e4 2025. H\u00e4n kertoi p\u00e4\u00e4t\u00f6ksenteon olleen \u201dvaikeaa v\u00e4\u00e4nt\u00e4mist\u00e4, k\u00e4\u00e4nt\u00e4mist\u00e4 ja repe\u00e4mist\u00e4 joka suuntaan\u201d. Kilpel\u00e4inen oli ty\u00f6skennellyt poliisina viimeiset kuusi vuotta, joten siit\u00e4 oli muodostunut h\u00e4nelle vahva identiteetti. Kilpel\u00e4inen kertoi Iltalehdelle, ett\u00e4 ratkaisevana tekij\u00e4n\u00e4 irtisanoutumisessa oli sivutoimiluvan ratkaisun viiv\u00e4styminen.<\/p>\n<p>Arttu Kilpel\u00e4inen lopetti poliisiuransa viime vuonna. Kaisa Vehkalahti<\/p>\n","protected":false},"excerpt":{"rendered":"Bachelor Suomi -ohjelman poikamies Arttu Kilpel\u00e4inen kommentoi viimeaikaisia poliisikohuja. Kilpel\u00e4inen ty\u00f6skenteli aikoinaan poliisina kuusi vuotta. Ex-poliisi ja Bachelor&hellip;\n","protected":false},"author":2,"featured_media":342844,"comment_status":"","ping_status":"","sticky":false,"template":"","format":"standard","meta":{"footnotes":"","_share_on_mastodon":"0"},"categories":[12],"tags":[35,22,23,26,27,33,31,30,17,55,53,24,25,28,29,15,18,21,54,52,32,19,20,860,16],"class_list":["post-342843","post","type-post","status-publish","format-standard","has-post-thumbnail","category-suomi","tag-24h","tag-breaking-news","tag-breakingnews","tag-featured-news","tag-featurednews","tag-fi","tag-finland","tag-finnish","tag-headlines","tag-lainvalvonta","tag-laki-oikeus-ja-rikos","tag-latest-news","tag-latestnews","tag-main-news","tag-mainnews","tag-news","tag-otsikot","tag-paauutiset","tag-pelastuspalvelut","tag-poliisi","tag-suomi","tag-top-stories","tag-topstories","tag-tyoelama","tag-uutiset"],"share_on_mastodon":{"url":"https:\/\/pubeurope.com\/@fi\/117223993697075501","error":""},"_links":{"self":[{"href":"https:\/\/www.europesays.com\/fi\/wp-json\/wp\/v2\/posts\/342843","targetHints":{"allow":["GET"]}}],"collection":[{"href":"https:\/\/www.europesays.com\/fi\/wp-json\/wp\/v2\/posts"}],"about":[{"href":"https:\/\/www.europesays.com\/fi\/wp-json\/wp\/v2\/types\/post"}],"author":[{"embeddable":true,"href":"https:\/\/www.europesays.com\/fi\/wp-json\/wp\/v2\/users\/2"}],"replies":[{"embeddable":true,"href":"https:\/\/www.europesays.com\/fi\/wp-json\/wp\/v2\/comments?post=342843"}],"version-history":[{"count":0,"href":"https:\/\/www.europesays.com\/fi\/wp-json\/wp\/v2\/posts\/342843\/revisions"}],"wp:featuredmedia":[{"embeddable":true,"href":"https:\/\/www.europesays.com\/fi\/wp-json\/wp\/v2\/media\/342844"}],"wp:attachment":[{"href":"https:\/\/www.europesays.com\/fi\/wp-json\/wp\/v2\/media?parent=342843"}],"wp:term":[{"taxonomy":"category","embeddable":true,"href":"https:\/\/www.europesays.com\/fi\/wp-json\/wp\/v2\/categories?post=342843"},{"taxonomy":"post_tag","embeddable":true,"href":"https:\/\/www.europesays.com\/fi\/wp-json\/wp\/v2\/tags?post=342843"}],"curies":[{"name":"wp","href":"https:\/\/api.w.org\/{rel}","templated":true}]}}