{"id":342897,"date":"2026-09-06T13:36:18","date_gmt":"2026-09-06T13:36:18","guid":{"rendered":"https:\/\/www.europesays.com\/fi\/342897\/"},"modified":"2026-09-06T13:36:18","modified_gmt":"2026-09-06T13:36:18","slug":"nelja-kahdeksasta-valokuitukaapelista-on-toiminut-virheellisesti-mika-vaikuttaa-vietnamin-kansainvalisiin-internetyhteyksiin","status":"publish","type":"post","link":"https:\/\/www.europesays.com\/fi\/342897\/","title":{"rendered":"Nelj\u00e4 kahdeksasta valokuitukaapelista on toiminut virheellisesti, mik\u00e4 vaikuttaa Vietnamin kansainv\u00e4lisiin internetyhteyksiin."},"content":{"rendered":"<p>Kuten Dan Tri -lehti raportoi, SJC2- ja AAE-1-merenalaisissa valokuitukaapeleissa ilmeni toimintah\u00e4iri\u00f6it\u00e4 l\u00e4hes samanaikaisesti, mik\u00e4 aiheutti merkitt\u00e4v\u00e4n laskun internet-liikenteess\u00e4 n\u00e4iden kahden kaapelin kautta.<\/p>\n<p> \u00c4skett\u00e4in vietnamilaisen internet-palveluntarjoajan edustaja ilmoitti, ett\u00e4 kahdessa muussakin valokuitukaapelissa, AAG:ssa ja IA:ssa, on ollut ongelmia, jotka ovat vaikuttaneet internet-yhteyteen Vietnamista kansainv\u00e4lisiin kohteisiin.<\/p>\n<p> IA-kuitukaapelin korjausten odotetaan alkavan vasta syyskuun alussa, kun taas kolmen muun valokuitukaapelin korjauksille ei ole viel\u00e4 arvioitua valmistumisp\u00e4iv\u00e4\u00e4. <\/p>\n<p><img decoding=\"async\" style=\"cursor:pointer\" title=\"Nelj\u00e4ss\u00e4 kahdeksasta valokuitukaapelista on toimintah\u00e4iri\u00f6it\u00e4, jotka vaikuttavat Vietnamin kansainv\u00e4lisiin internet-yhteyksiin - 1\" alt=\"4\/8 tuy\u1ebfn c\u00e1p quang g\u1eb7p s\u1ef1 c\u1ed1, Internet Vi\u1ec7t Nam \u0111i qu\u1ed1c t\u1ebf b\u1ecb \u1ea3nh h\u01b0\u1edfng - 1\" data-width=\"1448\" data-height=\"1086\" data-original=\"https:\/\/cdnphoto.dantri.com.vn\/cGUmbs7nFlVTJSCTEseRLe3Bg4c=\/2026\/08\/28\/su-co-cap-quang-1787852780401.png\" data-photo-id=\"4188138\" data-custom-alt=\"true\" data-track-content=\"\" data-content-name=\"article-content-image\" data-content-piece=\"article-content-image_4188138\" data-content-target=\"\/cong-nghe\/48-tuyen-cap-quang-gap-su-co-internet-viet-nam-di-quoc-te-bi-anh-huong-20260828004736880.htm\" src=\"https:\/\/cdnphoto.dantri.com.vn\/hmqBI3SKpfqAWjOhXrLqVMLvt7s=\/thumb_w\/1020\/2026\/08\/28\/su-co-cap-quang-1787852780401.png\" \/><\/p>\n<p> Nelj\u00e4 kahdeksasta Vietnamin kansainv\u00e4liseen verkkoon yhdist\u00e4v\u00e4st\u00e4 merenalaisesta valokuitukaapelista on k\u00e4rsinyt toimintah\u00e4iri\u00f6ist\u00e4, jotka ovat vaikuttaneet verkkopalvelujen laatuun Vietnamissa (havainnollistava kuva: GMN).<\/p>\n<p> Se, ett\u00e4 nelj\u00e4ss\u00e4 kahdeksasta Vietnamin kansainv\u00e4liseen verkkoon yhdist\u00e4v\u00e4st\u00e4 merenalaisesta valokuitukaapelista on ongelmia, on vakavasti vaikuttanut internetyhteyteen Vietnamista kansainv\u00e4liseen verkkoon. Vietnamilaiset k\u00e4ytt\u00e4j\u00e4t kohtaavat vaikeuksia p\u00e4\u00e4st\u00e4 ulkomailla sijaitsevien palvelimien verkkosivustoille ja palveluihin.<\/p>\n<p> Samaan aikaan valokuitukaapeleiden h\u00e4iri\u00f6t eiv\u00e4t vaikuta verkkosivustoihin ja palveluihin, jotka is\u00e4nn\u00f6iv\u00e4t palvelimiaan Vietnamissa.<\/p>\n<p> Merenalaisten valokuitukaapeleiden aiheuttamien onnettomuuksien j\u00e4lkeen vietnamilaiset verkko-operaattorit ovat ottaneet k\u00e4ytt\u00f6\u00f6n erilaisia \u200b\u200bratkaisuja liikenteen jakamiseksi kansainv\u00e4listen valokuitukaapeleiden v\u00e4lill\u00e4, avanneet lis\u00e4\u00e4 liit\u00e4nt\u00e4kanavia ja hy\u00f6dynt\u00e4neet maanp\u00e4\u00e4llisi\u00e4 valokuitukaapeleita k\u00e4ytt\u00e4jien yhteyksien varmistamiseksi.<\/p>\n<p> Itse asiassa Vietnamia kansainv\u00e4lisiin kohteisiin yhdist\u00e4vien merenalaisten valokuitukaapeleiden vaaratilanteet ovat yleistyneet viime aikoina, ja niit\u00e4 tapahtuu ainakin muutaman kerran l\u00e4hes joka vuosi, mik\u00e4 aiheuttaa huomattavia vaikeuksia ja haittaa kotimaisille internetin k\u00e4ytt\u00e4jille.<\/p>\n<p> Helmikuussa 2023 kaikissa viidess\u00e4 Vietnamin kansainv\u00e4liseen verkkoon yhdist\u00e4v\u00e4ss\u00e4 merenalaisessa valokuitukaapelissa oli samanaikaisesti toimintah\u00e4iri\u00f6it\u00e4, jotka vaikuttivat vakavasti internet-palvelujen laatuun Vietnamissa.<\/p>\n<p> Merenalaisten valokuitukaapeleiden lis\u00e4ksi Vietnamia kansainv\u00e4liseen verkkoon yhdist\u00e4\u00e4 t\u00e4ll\u00e4 hetkell\u00e4 useita maanp\u00e4\u00e4llisi\u00e4 valokuitukaapeleita.<\/p>\n<p> Vietnamilaiset verkko-operaattorit tutkivat my\u00f6s ratkaisuja maalla sijaitsevien valokuitukaapeleiden k\u00e4yt\u00f6n uudelleenohjaamiseksi, jotta merenalaisten kaapelien h\u00e4iri\u00f6t eiv\u00e4t vaikuttaisi niihin. Todellisuudessa internet-liikenne Vietnamissa ja maailmanlaajuisesti on kuitenkin edelleen p\u00e4\u00e4asiassa riippuvainen merenalaisista valokuitukaapeleista.<\/p>\n<p> T\u00e4ll\u00e4 hetkell\u00e4 Vietnamin kansainv\u00e4liseen verkkoon yhdist\u00e4\u00e4 kahdeksan merenalaista valokuitukaapelia, mukaan lukien AAG (Aasia &#8211; Amerikka); APG (Aasia &#8211; Tyynenmeren alue); SMW-3 (Kaakkois-Aasia &#8211; L\u00e4hi-it\u00e4 &#8211; L\u00e4nsi-Eurooppa); IA (Trans-Aasia), AAE-1 (Aasia &#8211; Afrikka &#8211; Eurooppa); TVH, joka yhdist\u00e4\u00e4 Hongkongin (Kiina) Thaimaahan ja Vietnamiin; SJC2 (Kaakkois-Aasia-Japani-kaapeli 2) ja ADC (Asia Direct Cable), jotka yhdist\u00e4v\u00e4t Vietnamin, Kiinan, Hongkongin (Kiina), Thaimaan, Filippiinit, <a class=\"data-link\" data-org-href=\"https:\/\/www.vietnam.vn\/fi\/tag\/singapore\" href=\"https:\/\/www.vietnam.vn\/fi\/tag\/singapore\" title=\"Singapore\" target=\"_blank\" rel=\"nofollow noopener\">Singaporen<\/a> ja Japanin.<\/p>\n<p> N\u00e4ist\u00e4 TVH ( <a class=\"data-link\" data-org-href=\"https:\/\/www.vietnam.vn\/fi\/tag\/thai-lan\" href=\"https:\/\/www.vietnam.vn\/fi\/tag\/thai-lan\" title=\"Thaimaa\" target=\"_blank\" rel=\"nofollow noopener\">Thaimaa<\/a> &#8211; Vietnam &#8211; Hong Kong) on \u200b\u200bvanha valokuitukaapelilinja, joka on ollut k\u00e4yt\u00f6ss\u00e4 vuodesta 1996 ja jonka liikennem\u00e4\u00e4r\u00e4 on ollut eritt\u00e4in v\u00e4h\u00e4inen. Kaksi uutta valokuitukaapelilinjaa, ADC ja SJC2, otettiin k\u00e4ytt\u00f6\u00f6n vuoden 2024 lopussa ja vuoden 2025 puoliv\u00e4liss\u00e4.<\/p>\n<p class=\"mb-0\"> L\u00e4hde: https:\/\/dantri.com.vn\/cong-nghe\/48-tuyen-cap-quang-gap-su-co-internet-viet-nam-di-quoc-te-bi-anh-huong-20260828004736880.htm<\/p>\n","protected":false},"excerpt":{"rendered":"Kuten Dan Tri -lehti raportoi, SJC2- ja AAE-1-merenalaisissa valokuitukaapeleissa ilmeni toimintah\u00e4iri\u00f6it\u00e4 l\u00e4hes samanaikaisesti, mik\u00e4 aiheutti merkitt\u00e4v\u00e4n laskun internet-liikenteess\u00e4&hellip;\n","protected":false},"author":2,"featured_media":342898,"comment_status":"","ping_status":"","sticky":false,"template":"","format":"standard","meta":{"footnotes":"","_share_on_mastodon":"0"},"categories":[87],"tags":[33,31,30,148,36562,18492,32,91,92,36354,42234],"class_list":["post-342897","post","type-post","status-publish","format-standard","has-post-thumbnail","category-internet","tag-fi","tag-finland","tag-finnish","tag-internet","tag-merenalainen-valokuitukaapeli","tag-ongelma","tag-suomi","tag-technology","tag-teknologia","tag-valokaapeli","tag-valokuitukaapeli-rikki"],"share_on_mastodon":{"url":"https:\/\/pubeurope.com\/@fi\/117224367327555317","error":""},"_links":{"self":[{"href":"https:\/\/www.europesays.com\/fi\/wp-json\/wp\/v2\/posts\/342897","targetHints":{"allow":["GET"]}}],"collection":[{"href":"https:\/\/www.europesays.com\/fi\/wp-json\/wp\/v2\/posts"}],"about":[{"href":"https:\/\/www.europesays.com\/fi\/wp-json\/wp\/v2\/types\/post"}],"author":[{"embeddable":true,"href":"https:\/\/www.europesays.com\/fi\/wp-json\/wp\/v2\/users\/2"}],"replies":[{"embeddable":true,"href":"https:\/\/www.europesays.com\/fi\/wp-json\/wp\/v2\/comments?post=342897"}],"version-history":[{"count":0,"href":"https:\/\/www.europesays.com\/fi\/wp-json\/wp\/v2\/posts\/342897\/revisions"}],"wp:featuredmedia":[{"embeddable":true,"href":"https:\/\/www.europesays.com\/fi\/wp-json\/wp\/v2\/media\/342898"}],"wp:attachment":[{"href":"https:\/\/www.europesays.com\/fi\/wp-json\/wp\/v2\/media?parent=342897"}],"wp:term":[{"taxonomy":"category","embeddable":true,"href":"https:\/\/www.europesays.com\/fi\/wp-json\/wp\/v2\/categories?post=342897"},{"taxonomy":"post_tag","embeddable":true,"href":"https:\/\/www.europesays.com\/fi\/wp-json\/wp\/v2\/tags?post=342897"}],"curies":[{"name":"wp","href":"https:\/\/api.w.org\/{rel}","templated":true}]}}