{"id":342907,"date":"2026-09-06T13:51:10","date_gmt":"2026-09-06T13:51:10","guid":{"rendered":"https:\/\/www.europesays.com\/fi\/342907\/"},"modified":"2026-09-06T13:51:10","modified_gmt":"2026-09-06T13:51:10","slug":"lavrov-saksan-merzista-han-kaytannossa-julistaa-sodan-uutissuomalainen-2","status":"publish","type":"post","link":"https:\/\/www.europesays.com\/fi\/342907\/","title":{"rendered":"Lavrov Saksan Merzist\u00e4: &#8221;H\u00e4n k\u00e4yt\u00e4nn\u00f6ss\u00e4 julistaa sodan&#8221; | Uutissuomalainen"},"content":{"rendered":"<p>Ven\u00e4j\u00e4n ulkoministeri <strong>Sergei Lavrov<\/strong> tyrm\u00e4\u00e4 Ven\u00e4j\u00e4\u00e4n kohdistuneet syyt\u00f6kset Leipzigin droonitapauksesta ja sanoo niit\u00e4 &#8221;todellisen sodan aluksi&#8221;.<\/p>\n<p>Saksan Leipzig\/Hallen lentoasemalta l\u00f6ydettiin 4. elokuuta r\u00e4j\u00e4hdedrooni ukrainalaisen rahtikoneen l\u00e4hettyvilt\u00e4. Saksa on virallisesti syytt\u00e4nyt Ven\u00e4j\u00e4\u00e4 tapauksesta.<\/p>\n<p>Tapauksesta ep\u00e4ill\u00e4\u00e4n kahta miest\u00e4, joista toinen on Valko-Ven\u00e4j\u00e4lt\u00e4 ja toinen ven\u00e4l\u00e4issyntyinen latvialainen. Valkoven\u00e4l\u00e4isell\u00e4 miehell\u00e4 on my\u00f6s Ven\u00e4j\u00e4n passi. Saksan tiedustelutietojen mukaan miehet toimivat Ven\u00e4j\u00e4n valtion puolesta.<\/p>\n<p>Lavrov v\u00e4itti <a href=\"https:\/\/www.vesti.ru\/ns\/lavrov-schel-nachalom-nastoyashchej-vojny-obvineniya-v-adres-rf-iz-za-bpla-v-lejpcige\" rel=\"nofollow noopener\" target=\"_blank\">Vestin<\/a> haastattelussa, ettei &#8221;kukaan vaivautunut tutkimaan asiaa&#8221;.<\/p>\n<p>\u2013\u2009T\u00e4m\u00e4 on pohjimmiltaan oikean sodan alku. He h\u00e4\u00e4tiv\u00e4t p\u00e4\u00e4konsulaatin Bonnista ja ilmoittivat irtisanoneensa sopimuksen. He sulkivat Berliinin Ven\u00e4l\u00e4isen talon. Muistutan, ett\u00e4 ennen toista maailmansotaa eli suurta is\u00e4nmaallista sotaa saksalaiset sulkivat diplomaattiset edustustonsa. Minun tuskin tarvitsee selitt\u00e4\u00e4 tarkemmin. He haluavat sotaa uudelleen, Lavrov laukoi.<\/p>\n<p>Samaisessa haastattelussa Lavrov <a href=\"https:\/\/www.vesti.ru\/ns\/lavrov-rossijskoe-rukovodstvo-sdelaet-vyvody-iz-zayavlenij-merca\" rel=\"nofollow noopener\" target=\"_blank\">sanoi<\/a> Ven\u00e4j\u00e4n tekev\u00e4n &#8221;asianmukaiset johtop\u00e4\u00e4t\u00f6kset&#8221; saksan liittokansleri <strong>Friedrich Merzin<\/strong> aikeista tehd\u00e4 Saksasta j\u00e4lleen Euroopan johtava sotilasmahti.<\/p>\n<p>\u2013\u2009H\u00e4n k\u00e4yt\u00e4nn\u00f6ss\u00e4 julistaa meille sodan. Eik\u00e4 historian l\u00e4ksyj\u00e4 ole opittu lainkaan. N\u00e4ytt\u00e4\u00e4 silt\u00e4, ett\u00e4 natsismin et\u00e4pes\u00e4kkeet alkavat tulla esiin.<\/p>\n<p>Niin Ukrainan kuin sit\u00e4 tukevien maiden syytt\u00e4minen natsismista on Ven\u00e4j\u00e4n propagandan keskeinen rakennuspalikka.<\/p>\n","protected":false},"excerpt":{"rendered":"Ven\u00e4j\u00e4n ulkoministeri Sergei Lavrov tyrm\u00e4\u00e4 Ven\u00e4j\u00e4\u00e4n kohdistuneet syyt\u00f6kset Leipzigin droonitapauksesta ja sanoo niit\u00e4 &#8221;todellisen sodan aluksi&#8221;. Saksan Leipzig\/Hallen&hellip;\n","protected":false},"author":2,"featured_media":342908,"comment_status":"","ping_status":"","sticky":false,"template":"","format":"standard","meta":{"footnotes":"","_share_on_mastodon":"0"},"categories":[14],"tags":[22,23,2267,26,27,33,31,30,17,24,25,803,28,29,1171,15,18,21,637,805,2625,32,19,20,21377,56,16,59,60,61],"class_list":["post-342907","post","type-post","status-publish","format-standard","has-post-thumbnail","category-ulkomaat","tag-breaking-news","tag-breakingnews","tag-eurooppa","tag-featured-news","tag-featurednews","tag-fi","tag-finland","tag-finnish","tag-headlines","tag-latest-news","tag-latestnews","tag-levottomuudet-ja-sodat","tag-main-news","tag-mainnews","tag-neuvostoliitto","tag-news","tag-otsikot","tag-paauutiset","tag-politiikka","tag-sota","tag-sotahistoria","tag-suomi","tag-top-stories","tag-topstories","tag-ukrainan-kriisi","tag-ulkomaat","tag-uutiset","tag-world","tag-world-news","tag-worldnews"],"share_on_mastodon":{"url":"","error":""},"_links":{"self":[{"href":"https:\/\/www.europesays.com\/fi\/wp-json\/wp\/v2\/posts\/342907","targetHints":{"allow":["GET"]}}],"collection":[{"href":"https:\/\/www.europesays.com\/fi\/wp-json\/wp\/v2\/posts"}],"about":[{"href":"https:\/\/www.europesays.com\/fi\/wp-json\/wp\/v2\/types\/post"}],"author":[{"embeddable":true,"href":"https:\/\/www.europesays.com\/fi\/wp-json\/wp\/v2\/users\/2"}],"replies":[{"embeddable":true,"href":"https:\/\/www.europesays.com\/fi\/wp-json\/wp\/v2\/comments?post=342907"}],"version-history":[{"count":0,"href":"https:\/\/www.europesays.com\/fi\/wp-json\/wp\/v2\/posts\/342907\/revisions"}],"wp:featuredmedia":[{"embeddable":true,"href":"https:\/\/www.europesays.com\/fi\/wp-json\/wp\/v2\/media\/342908"}],"wp:attachment":[{"href":"https:\/\/www.europesays.com\/fi\/wp-json\/wp\/v2\/media?parent=342907"}],"wp:term":[{"taxonomy":"category","embeddable":true,"href":"https:\/\/www.europesays.com\/fi\/wp-json\/wp\/v2\/categories?post=342907"},{"taxonomy":"post_tag","embeddable":true,"href":"https:\/\/www.europesays.com\/fi\/wp-json\/wp\/v2\/tags?post=342907"}],"curies":[{"name":"wp","href":"https:\/\/api.w.org\/{rel}","templated":true}]}}