{"id":342909,"date":"2026-09-06T13:52:18","date_gmt":"2026-09-06T13:52:18","guid":{"rendered":"https:\/\/www.europesays.com\/fi\/342909\/"},"modified":"2026-09-06T13:52:18","modified_gmt":"2026-09-06T13:52:18","slug":"syntyyko-kuntaliitoksella-kaupunkilaisia-lapin-kansa","status":"publish","type":"post","link":"https:\/\/www.europesays.com\/fi\/342909\/","title":{"rendered":"Syntyyk\u00f6 kuntaliitoksella kaupunkilaisia? | Lapin Kansa"},"content":{"rendered":"<p class=\"article__opinion-first-paragraph\">\n      Sattui silm\u00e4\u00e4n, ett\u00e4 Rovaniemi-viikolla juhlitaan kaupungin ja maalaiskunnan yhdistymist\u00e4 20 vuotta sitten. Tarkkaan ottaen merkkip\u00e4iv\u00e4 oli jo viime vuodenvaihteessa.\n    <\/p>\n<p class=\"article__opinion-paragraph\">\n      Niin kauan jo siit\u00e4kin, eik\u00e4 toisaalta sen enemp\u00e4\u00e4. Tuolloin olin asunut jo vuosia Helsingiss\u00e4, mutta otin kotipuolen asiat edelleen henkil\u00f6kohtaisesti. Kuntaliitos vaikutti paheksuttavalta identiteettien sekoittamiselta.\n    <\/p>\n<p class=\"article__opinion-paragraph\">\n      N\u00e4in oli mahdollista ajatella, kun oli kasvanut Rovaniemen kaupungissa.<\/p>\n<p>    Tilaa Lapin Kansa Digi ensimm\u00e4iset 2 kk yhteens\u00e4 9,90 \u20ac<\/p>\n<p>Rajaton lukuoikeus verkkosivuilla ja sovelluksessa<br \/>\nN\u00e4k\u00f6islehdet ja arkisto<br \/>\nGalleriat, videot ja live-l\u00e4hetykset<br \/>\nPodcastit<br \/>\nP\u00e4ivitt\u00e4iset uutiset s\u00e4hk\u00f6postiisi<\/p>\n","protected":false},"excerpt":{"rendered":"Sattui silm\u00e4\u00e4n, ett\u00e4 Rovaniemi-viikolla juhlitaan kaupungin ja maalaiskunnan yhdistymist\u00e4 20 vuotta sitten. Tarkkaan ottaen merkkip\u00e4iv\u00e4 oli jo viime&hellip;\n","protected":false},"author":2,"featured_media":342910,"comment_status":"","ping_status":"","sticky":false,"template":"","format":"standard","meta":{"footnotes":"","_share_on_mastodon":"0"},"categories":[12],"tags":[22,23,26,27,33,31,30,17,24,25,28,29,15,18,21,32,19,20,16],"class_list":["post-342909","post","type-post","status-publish","format-standard","has-post-thumbnail","category-suomi","tag-breaking-news","tag-breakingnews","tag-featured-news","tag-featurednews","tag-fi","tag-finland","tag-finnish","tag-headlines","tag-latest-news","tag-latestnews","tag-main-news","tag-mainnews","tag-news","tag-otsikot","tag-paauutiset","tag-suomi","tag-top-stories","tag-topstories","tag-uutiset"],"share_on_mastodon":{"url":"https:\/\/pubeurope.com\/@fi\/117224429699717161","error":""},"_links":{"self":[{"href":"https:\/\/www.europesays.com\/fi\/wp-json\/wp\/v2\/posts\/342909","targetHints":{"allow":["GET"]}}],"collection":[{"href":"https:\/\/www.europesays.com\/fi\/wp-json\/wp\/v2\/posts"}],"about":[{"href":"https:\/\/www.europesays.com\/fi\/wp-json\/wp\/v2\/types\/post"}],"author":[{"embeddable":true,"href":"https:\/\/www.europesays.com\/fi\/wp-json\/wp\/v2\/users\/2"}],"replies":[{"embeddable":true,"href":"https:\/\/www.europesays.com\/fi\/wp-json\/wp\/v2\/comments?post=342909"}],"version-history":[{"count":0,"href":"https:\/\/www.europesays.com\/fi\/wp-json\/wp\/v2\/posts\/342909\/revisions"}],"wp:featuredmedia":[{"embeddable":true,"href":"https:\/\/www.europesays.com\/fi\/wp-json\/wp\/v2\/media\/342910"}],"wp:attachment":[{"href":"https:\/\/www.europesays.com\/fi\/wp-json\/wp\/v2\/media?parent=342909"}],"wp:term":[{"taxonomy":"category","embeddable":true,"href":"https:\/\/www.europesays.com\/fi\/wp-json\/wp\/v2\/categories?post=342909"},{"taxonomy":"post_tag","embeddable":true,"href":"https:\/\/www.europesays.com\/fi\/wp-json\/wp\/v2\/tags?post=342909"}],"curies":[{"name":"wp","href":"https:\/\/api.w.org\/{rel}","templated":true}]}}