{"id":342911,"date":"2026-09-06T13:53:12","date_gmt":"2026-09-06T13:53:12","guid":{"rendered":"https:\/\/www.europesays.com\/fi\/342911\/"},"modified":"2026-09-06T13:53:12","modified_gmt":"2026-09-06T13:53:12","slug":"sivusto-red-bull-kiinnittamassa-robin-raikkosen-junioriohjelmaansa","status":"publish","type":"post","link":"https:\/\/www.europesays.com\/fi\/342911\/","title":{"rendered":"Sivusto: Red Bull kiinnitt\u00e4m\u00e4ss\u00e4 Robin R\u00e4ikk\u00f6sen junioriohjelmaansa"},"content":{"rendered":"<p class=\"article-body mb-(--paragraph-margin-b) px-nof-16\">Moottoriurheilusivusto Racingnews365 <a class=\"underline underline-offset-[0.12em] [text-decoration-thickness:var(--generic-link-underline-thickness)] [text-decoration-color:var(--generic-link-underline-color)] [text-decoration-skip-ink:var(--generic-link-underline-skip-ink)] break-words\" href=\"https:\/\/racingnews365.com\/red-bull-set-to-sign-kimi-raikkonens-son-to-famed-junior-programme\" rel=\"nofollow noopener\" target=\"_blank\">kertoo<\/a> l\u00e4hteisiins\u00e4 nojaten, ett\u00e4 F1-j\u00e4tti Red Bull on kiinnitt\u00e4m\u00e4ss\u00e4 maailmanmestari <a class=\"font-bold underline-offset-[0.12em] [text-decoration:var(--person-link-text-decoration)] [text-decoration-color:var(--person-link-text-decoration-color)]!\" href=\"https:\/\/www.hs.fi\/haku\/?query=Kimi%20R%C3%A4ikk%C3%B6sen\" rel=\"nofollow noopener\" target=\"_blank\">Kimi R\u00e4ikk\u00f6sen<\/a> pojan <a class=\"font-bold underline-offset-[0.12em] [text-decoration:var(--person-link-text-decoration)] [text-decoration-color:var(--person-link-text-decoration-color)]!\" href=\"https:\/\/www.hs.fi\/haku\/?query=Robin%20R%C3%A4ikk%C3%B6sen\" rel=\"nofollow noopener\" target=\"_blank\">Robin R\u00e4ikk\u00f6sen<\/a> juniorikuljettajien ohjelmaansa.<\/p>\n<p class=\"article-body mb-(--paragraph-margin-b) px-nof-16\">Sivuston mukaan asiasta tiedotetaan virallisesti piakkoin.<\/p>\n<p class=\"article-body mb-(--paragraph-margin-b) px-nof-16\">Robin, 11, on takonut t\u00e4ll\u00e4 kaudella kovaa j\u00e4lke\u00e4 Rotax Max Challenge -karting-sarjassa. H\u00e4n on voittanut kes\u00e4ll\u00e4 useita kisoja.<\/p>\n<p class=\"article-body mb-(--paragraph-margin-b) px-nof-16\">Tunnetuista F1-kasvoista muun muassa <a class=\"font-bold underline-offset-[0.12em] [text-decoration:var(--person-link-text-decoration)] [text-decoration-color:var(--person-link-text-decoration-color)]!\" href=\"https:\/\/www.hs.fi\/haku\/?query=Sebastian%20Vettel\" rel=\"nofollow noopener\" target=\"_blank\">Sebastian Vettel<\/a> ja <a class=\"font-bold underline-offset-[0.12em] [text-decoration:var(--person-link-text-decoration)] [text-decoration-color:var(--person-link-text-decoration-color)]!\" href=\"https:\/\/www.hs.fi\/haku\/?query=Max%20Verstappen\" rel=\"nofollow noopener\" target=\"_blank\">Max Verstappen<\/a> ovat Red Bullin junioriohjelman kasvatteja.<\/p>\n<p class=\"article-body mb-(--paragraph-margin-b) px-nof-16\">Red Bull julkaisi sunnuntaina sosiaalisessa mediassa videop\u00e4tk\u00e4n, jossa Kimi R\u00e4ikk\u00f6nen vieraili energiajuomayhti\u00f6n F1-tallin tiloissa Italian Monzassa.<\/p>\n<p class=\"article-body mb-(--paragraph-margin-b) px-nof-16\">R\u00e4ikk\u00f6sen vaimo <a class=\"font-bold underline-offset-[0.12em] [text-decoration:var(--person-link-text-decoration)] [text-decoration-color:var(--person-link-text-decoration-color)]!\" href=\"https:\/\/www.hs.fi\/haku\/?query=Minttu%20R%C3%A4ikk%C3%B6nen\" rel=\"nofollow noopener\" target=\"_blank\">Minttu R\u00e4ikk\u00f6nen<\/a> julkaisi puolestaan <a class=\"underline underline-offset-[0.12em] [text-decoration-thickness:var(--generic-link-underline-thickness)] [text-decoration-color:var(--generic-link-underline-color)] [text-decoration-skip-ink:var(--generic-link-underline-skip-ink)] break-words\" href=\"https:\/\/www.instagram.com\/stories\/mintturaikkonen\/3980154659727780296\/\" rel=\"nofollow noopener\" target=\"_blank\">Instagram-tarinoissaan kuvia<\/a> siit\u00e4, miten h\u00e4nen ja Kimin lapset Robin ja <a class=\"font-bold underline-offset-[0.12em] [text-decoration:var(--person-link-text-decoration)] [text-decoration-color:var(--person-link-text-decoration-color)]!\" href=\"https:\/\/www.hs.fi\/haku\/?query=Rianna\" rel=\"nofollow noopener\" target=\"_blank\">Rianna<\/a> saivat hyp\u00e4t\u00e4 Verstappenin ohjastaman F1-auton kyytiin.<\/p>\n<p class=\"article-body mb-(--paragraph-margin-b) px-nof-16\">Robin R\u00e4ikk\u00f6sen kummiset\u00e4 <a class=\"font-bold underline-offset-[0.12em] [text-decoration:var(--person-link-text-decoration)] [text-decoration-color:var(--person-link-text-decoration-color)]!\" href=\"https:\/\/www.hs.fi\/haku\/?query=Gino%20Rosato\" rel=\"nofollow noopener\" target=\"_blank\">Gino Rosato<\/a> <a class=\"underline underline-offset-[0.12em] [text-decoration-thickness:var(--generic-link-underline-thickness)] [text-decoration-color:var(--generic-link-underline-color)] [text-decoration-skip-ink:var(--generic-link-underline-skip-ink)] break-words\" href=\"https:\/\/www.hs.fi\/urheilu\/art-2000012231153.html\" rel=\"nofollow noopener\" target=\"_blank\">kertoi aiemmin<\/a> toimitukselle, ett\u00e4 mahdollisuuksia Robinin liittymiseksi johonkin kuljettaja-akatemiaan kartoitetaan.<\/p>\n<p class=\"article-body mb-(--paragraph-margin-b) px-nof-16\">\u201dToivottavasti julkistamme t\u00e4n\u00e4 vuonna isoja uutisia t\u00e4h\u00e4n liittyen\u201d, h\u00e4n sanoi elokuun lopussa.<\/p>\n<p><script async src=\"\/\/www.instagram.com\/embed.js\"><\/script><\/p>\n","protected":false},"excerpt":{"rendered":"Moottoriurheilusivusto Racingnews365 kertoo l\u00e4hteisiins\u00e4 nojaten, ett\u00e4 F1-j\u00e4tti Red Bull on kiinnitt\u00e4m\u00e4ss\u00e4 maailmanmestari Kimi R\u00e4ikk\u00f6sen pojan Robin R\u00e4ikk\u00f6sen juniorikuljettajien&hellip;\n","protected":false},"author":2,"featured_media":342912,"comment_status":"","ping_status":"","sticky":false,"template":"","format":"standard","meta":{"footnotes":"","_share_on_mastodon":"0"},"categories":[5],"tags":[22,23,26,27,33,31,30,17,46,24,25,28,29,15,18,21,32,19,20,16],"class_list":["post-342911","post","type-post","status-publish","format-standard","has-post-thumbnail","category-otsikot","tag-breaking-news","tag-breakingnews","tag-featured-news","tag-featurednews","tag-fi","tag-finland","tag-finnish","tag-headlines","tag-helsingin-sanomat","tag-latest-news","tag-latestnews","tag-main-news","tag-mainnews","tag-news","tag-otsikot","tag-paauutiset","tag-suomi","tag-top-stories","tag-topstories","tag-uutiset"],"share_on_mastodon":{"url":"https:\/\/pubeurope.com\/@fi\/117224433653848629","error":""},"_links":{"self":[{"href":"https:\/\/www.europesays.com\/fi\/wp-json\/wp\/v2\/posts\/342911","targetHints":{"allow":["GET"]}}],"collection":[{"href":"https:\/\/www.europesays.com\/fi\/wp-json\/wp\/v2\/posts"}],"about":[{"href":"https:\/\/www.europesays.com\/fi\/wp-json\/wp\/v2\/types\/post"}],"author":[{"embeddable":true,"href":"https:\/\/www.europesays.com\/fi\/wp-json\/wp\/v2\/users\/2"}],"replies":[{"embeddable":true,"href":"https:\/\/www.europesays.com\/fi\/wp-json\/wp\/v2\/comments?post=342911"}],"version-history":[{"count":0,"href":"https:\/\/www.europesays.com\/fi\/wp-json\/wp\/v2\/posts\/342911\/revisions"}],"wp:featuredmedia":[{"embeddable":true,"href":"https:\/\/www.europesays.com\/fi\/wp-json\/wp\/v2\/media\/342912"}],"wp:attachment":[{"href":"https:\/\/www.europesays.com\/fi\/wp-json\/wp\/v2\/media?parent=342911"}],"wp:term":[{"taxonomy":"category","embeddable":true,"href":"https:\/\/www.europesays.com\/fi\/wp-json\/wp\/v2\/categories?post=342911"},{"taxonomy":"post_tag","embeddable":true,"href":"https:\/\/www.europesays.com\/fi\/wp-json\/wp\/v2\/tags?post=342911"}],"curies":[{"name":"wp","href":"https:\/\/api.w.org\/{rel}","templated":true}]}}