{"id":342913,"date":"2026-09-06T14:02:20","date_gmt":"2026-09-06T14:02:20","guid":{"rendered":"https:\/\/www.europesays.com\/fi\/342913\/"},"modified":"2026-09-06T14:02:20","modified_gmt":"2026-09-06T14:02:20","slug":"kolme-merenalaista-valokuitukaapelia-on-toiminut-samanaikaisesti-mika-on-saattanut-aiheuttaa-ajoittaisia-kansainvalisia-internet-yhteyksia-vietnamissa","status":"publish","type":"post","link":"https:\/\/www.europesays.com\/fi\/342913\/","title":{"rendered":"Kolme merenalaista valokuitukaapelia on toiminut samanaikaisesti, mik\u00e4 on saattanut aiheuttaa ajoittaisia \u200b\u200bkansainv\u00e4lisi\u00e4 internet-yhteyksi\u00e4 Vietnamissa."},"content":{"rendered":"<p class=\"\"> Kotimaisten verkko-operaattoreiden ja kansainv\u00e4listen merenalaisten kaapeleiden hallintayksik\u00f6iden tietojen mukaan kahdessa kaapelilinjassa, SJC2:ssa ja AAE-1:ss\u00e4, oli samanaikaisesti toimintah\u00e4iri\u00f6it\u00e4. Tarkemmin sanottuna Vietnamin Hongkongiin ja <a class=\"data-link\" data-org-href=\"https:\/\/www.vietnam.vn\/fi\/tag\/singapore\" href=\"https:\/\/www.vietnam.vn\/fi\/tag\/singapore\" title=\"Singapore\" target=\"_blank\" rel=\"nofollow noopener\">Singaporeen<\/a> yhdist\u00e4v\u00e4ll\u00e4 AAE-1-linjalla oli toimintah\u00e4iri\u00f6 25. elokuuta kello 18.22.<\/p>\n<p class=\"\"> Korjaust\u00f6iden odotetaan alkavan syyskuun lopulla kaapelinkorjausalusten saatavuudesta ja meriolosuhteista riippuen.<\/p>\n<p class=\"\"> Samaan aikaan AAG-kaapelissa on edelleen ongelmia, mink\u00e4 vuoksi Vietnamin ja kansainv\u00e4lisen internetin yhdist\u00e4vien merenalaisten valokuitukaapeleiden kokonaism\u00e4\u00e4r\u00e4, jotka ovat t\u00e4ll\u00e4 hetkell\u00e4 toimintah\u00e4iri\u00f6isi\u00e4, on nyt kolme.<\/p>\n<p class=\"\"> Useiden verkko-operaattoreiden alustavien arvioiden mukaan tapaukset v\u00e4hensiv\u00e4t Vietnamin kansainv\u00e4list\u00e4 internetliikennett\u00e4 noin 30 prosenttia.<\/p>\n<p class=\"\"> Internet-palveluntarjoajat (ISP) ovat aktivoineet varautumissuunnitelmia, joilla s\u00e4\u00e4nnell\u00e4\u00e4n liikennett\u00e4 j\u00e4ljell\u00e4 olevien merenalaisten kaapeleiden ja maanp\u00e4\u00e4llisen kaapeli-infrastruktuurin kautta.<\/p>\n<p class=\"\"> Vietnamin posti- ja televiestint\u00e4ryhm\u00e4n ( <a class=\"data-link\" data-org-href=\"https:\/\/www.vietnam.vn\/fi\/category\/vnpt\" href=\"https:\/\/www.vietnam.vn\/fi\/category\/vnpt\" title=\"VNPT\" target=\"_blank\" rel=\"nofollow noopener\">VNPT<\/a> ) edustajat ilmoittivat ottaneensa k\u00e4ytt\u00f6\u00f6n kuormituksen tasapainotus- ja liikenteenohjaussuunnitelman j\u00e4ljell\u00e4 oleville kaapelireiteille kapasiteetin optimoimiseksi. Varainfrastruktuurin ansiosta verkko pysyy yleisesti ottaen vakaana.<\/p>\n<p class=\"\"> Ruuhka-aikoina ulkomailla sijaitsevien palvelimien k\u00e4ytt\u00e4jill\u00e4, kuten verkkoselailun, korkearesoluutioisten <a class=\"data-link\" data-org-href=\"https:\/\/www.vietnam.vn\/fi\/category\/video\" href=\"https:\/\/www.vietnam.vn\/fi\/category\/video\" title=\"video\" target=\"_blank\" rel=\"nofollow noopener\">videoiden<\/a> katselun tai online-pelien pelaamisen yhteydess\u00e4, yhteydet voivat kuitenkin olla hitaita ja viive kasvaa.<\/p>\n<p class=\"\"> Jotkut verkko-operaattorit sanovat, ett\u00e4 vaikutus asiakkaisiin ei ole merkitt\u00e4v\u00e4, koska heill\u00e4 on varakapasiteettia useilla toisistaan \u200b\u200briippumattomilla yhteysreiteill\u00e4. Kansainv\u00e4liset operaattorit selvitt\u00e4v\u00e4t syyt\u00e4 ja suunnittelevat erikoisalusten k\u00e4ytt\u00f6\u00e4 korjauksissa. <\/p>\n<p> 6 t\u00e4rkeint\u00e4 sukellusveneen valokuitukaapelireitti\u00e4<\/p>\n<p> T\u00e4ll\u00e4 hetkell\u00e4 Vietnam on yhteydess\u00e4 muuhun maailmaan internetin kautta p\u00e4\u00e4asiassa kuuden suuren merenalaisen valokuitukaapelin kautta: AAG, IA, AAE-1, APG, ja kahden uuden k\u00e4ytt\u00f6\u00f6notetun linjan, ADC ja SJC2.<\/p>\n<p> Tarkemmin sanottuna SJC2-putkilinjan maanalainen pituus on 10 500 km ja se yhdist\u00e4\u00e4 Aasian ja Tyynenmeren alueen maita. Sen alkuinvestointi on 439 miljoonaa Yhdysvaltain dollaria ja suunniteltu kapasiteetti jopa 126 Tbps koko linjalle. Putkilinjan purkupiste Vietnamissa sijaitsee Quy Nhonissa. <\/p>\n<p> L\u00e4hde: https:\/\/tuoitre.vn\/ba-tuyen-cap-quang-bien-cung-gap-su-co-internet-quoc-te-viet-nam-co-the-chap-chon-100260827074806929.htm<\/p>\n","protected":false},"excerpt":{"rendered":"Kotimaisten verkko-operaattoreiden ja kansainv\u00e4listen merenalaisten kaapeleiden hallintayksik\u00f6iden tietojen mukaan kahdessa kaapelilinjassa, SJC2:ssa ja AAE-1:ss\u00e4, oli samanaikaisesti toimintah\u00e4iri\u00f6it\u00e4. Tarkemmin&hellip;\n","protected":false},"author":2,"featured_media":342914,"comment_status":"","ping_status":"","sticky":false,"template":"","format":"standard","meta":{"footnotes":"","_share_on_mastodon":"0"},"categories":[87],"tags":[42235,33,31,30,148,36473,36562,32,91,92,36354,36560],"class_list":["post-342913","post","type-post","status-publish","format-standard","has-post-thumbnail","category-internet","tag-aag","tag-fi","tag-finland","tag-finnish","tag-internet","tag-internetin-nopeus","tag-merenalainen-valokuitukaapeli","tag-suomi","tag-technology","tag-teknologia","tag-valokaapeli","tag-vnpt"],"share_on_mastodon":{"url":"https:\/\/pubeurope.com\/@fi\/117224469024887256","error":""},"_links":{"self":[{"href":"https:\/\/www.europesays.com\/fi\/wp-json\/wp\/v2\/posts\/342913","targetHints":{"allow":["GET"]}}],"collection":[{"href":"https:\/\/www.europesays.com\/fi\/wp-json\/wp\/v2\/posts"}],"about":[{"href":"https:\/\/www.europesays.com\/fi\/wp-json\/wp\/v2\/types\/post"}],"author":[{"embeddable":true,"href":"https:\/\/www.europesays.com\/fi\/wp-json\/wp\/v2\/users\/2"}],"replies":[{"embeddable":true,"href":"https:\/\/www.europesays.com\/fi\/wp-json\/wp\/v2\/comments?post=342913"}],"version-history":[{"count":0,"href":"https:\/\/www.europesays.com\/fi\/wp-json\/wp\/v2\/posts\/342913\/revisions"}],"wp:featuredmedia":[{"embeddable":true,"href":"https:\/\/www.europesays.com\/fi\/wp-json\/wp\/v2\/media\/342914"}],"wp:attachment":[{"href":"https:\/\/www.europesays.com\/fi\/wp-json\/wp\/v2\/media?parent=342913"}],"wp:term":[{"taxonomy":"category","embeddable":true,"href":"https:\/\/www.europesays.com\/fi\/wp-json\/wp\/v2\/categories?post=342913"},{"taxonomy":"post_tag","embeddable":true,"href":"https:\/\/www.europesays.com\/fi\/wp-json\/wp\/v2\/tags?post=342913"}],"curies":[{"name":"wp","href":"https:\/\/api.w.org\/{rel}","templated":true}]}}