{"id":342915,"date":"2026-09-06T14:08:11","date_gmt":"2026-09-06T14:08:11","guid":{"rendered":"https:\/\/www.europesays.com\/fi\/342915\/"},"modified":"2026-09-06T14:08:11","modified_gmt":"2026-09-06T14:08:11","slug":"la-promesa-suosikkisarjan-manuel-kertoo-roolistaan","status":"publish","type":"post","link":"https:\/\/www.europesays.com\/fi\/342915\/","title":{"rendered":"La Promesa: Suosikkisarjan Manuel kertoo roolistaan"},"content":{"rendered":"<p>La Promesa -sarjan Manuelia esitt\u00e4v\u00e4 Arturo Garc\u00eda-Sancho kertoo Tv-lehden erikoishaastattelussa k\u00e4\u00e4nteentekev\u00e4st\u00e4 roolistaan.<\/p>\n<p class=\"article-body mb-(--paragraph-margin-b) px-nof-16\">Portaita yl\u00f6s kiirehtii televisiosta tuttu mies.<\/p>\n<p class=\"article-body mb-(--paragraph-margin-b) px-nof-16\">Monien suomalaistenkin suosikkisarjaksi nousseen espanjalaisen La Promesan Manuel, <a class=\"font-bold underline-offset-[0.12em] [text-decoration:var(--person-link-text-decoration)] [text-decoration-color:var(--person-link-text-decoration-color)]!\" href=\"https:\/\/www.is.fi\/haku\/?query=Arturo%20Garc%C3%ADa%20Sancho\" rel=\"nofollow noopener\" target=\"_blank\">Arturo Garc\u00eda Sancho<\/a>, ilahtuu n\u00e4hdess\u00e4\u00e4n suomalaisvieraat ja tervehtii hymyillen.<\/p>\n<p class=\"article-body mb-(--paragraph-margin-b) px-nof-16\">Tv-lehti tapaa n\u00e4yttelij\u00e4t\u00e4hden kesken sarjan kuvausten Madridin lounaispuolella Leganesissa sijaitsevilla Tobogganin studioilla.<\/p>\n<p class=\"article-body mb-(--paragraph-margin-b) px-nof-16\">Garc\u00eda Sancho, 36, ilahtuu kuullessaan, miten suosittu La Promesa on ollut Suomessa elokuusta 2023 alkaen, jolloin sarjan esitt\u00e4minen alkoi Teema &amp; Fem -kanavalla ja Yle Areenassa.<\/p>\n<p class=\"article-body mb-(--paragraph-margin-b) px-nof-16\">\u2013\u2009Suomi on maa, jossa haluaisin todella k\u00e4yd\u00e4. Siell\u00e4 pohjoisessa on joulupukin koti, eik\u00f6 niin? Ja 5-vuotiaan poikani kanssa olisi viel\u00e4 erityisemp\u00e4\u00e4 matkustaa asuntoautolla pohjoiseen. Tai sitten lent\u00e4en, muutamaksi p\u00e4iv\u00e4ksi.<\/p>\n<p class=\"article-body mb-(--paragraph-margin-b) px-nof-16\">Hyvin istuvassa roolipuvussaan \u2013 tummanvihre\u00e4 liivi ja tummansininen solmio \u2013 viiksist\u00e4\u00e4n ja lainehtivasta mustasta tukastaan muistettu mies vastaa keskittyneesti kysymyksiin, elehtii k\u00e4sill\u00e4\u00e4n ja herke\u00e4\u00e4 v\u00e4lill\u00e4 nauramaan syd\u00e4mellisesti.<\/p>\n<p class=\"article-body mb-(--paragraph-margin-b) px-nof-16\">Juuri viiksist\u00e4\u00e4n Manuel tunnetaan, mik\u00e4 n\u00e4kyy my\u00f6s Garc\u00eda Sanchon arjessa.<\/p>\n<p class=\"article-body mb-(--paragraph-margin-b) px-nof-16\">\u2013\u2009Kun joskus olen liikkeell\u00e4 aurinkolasit ja lippis p\u00e4\u00e4ss\u00e4, ihmiset katsovat ett\u00e4\u2026 \u201dOnko se\u2026?\u201d Viikset ovat tunnusmerkki. Ja vaikka en pid\u00e4 viiksist\u00e4 \u2013 en ole koskaan pit\u00e4nyt \u2013 minulla on ne, koska ty\u00f6 vaatii. Nyt olen jo tottunut.<\/p>\n<p class=\"article-body mb-(--paragraph-margin-b) px-nof-16\">Kuuluisuus voi olla sek\u00e4 taakka ett\u00e4 hyv\u00e4kin asia. Garc\u00eda Sancho puhuu siit\u00e4, kuinka ei voi olla miss\u00e4\u00e4n ilman, ett\u00e4 ihmiset tuijottavat.<\/p>\n<p class=\"article-body mb-(--paragraph-margin-b) px-nof-16\">\u2013 Ravintolassa, kaupassa\u2026 ihmisille olet \u201dse tyyppi televisiosta\u201d. He haluavat tulla l\u00e4helle.<\/p>\n<p class=\"article-body mb-(--paragraph-margin-b) px-nof-16\">H\u00e4nen mukaansa kuuluisuudessa on kuitenkin hyv\u00e4t puolensa.<\/p>\n<p class=\"article-body mb-(--paragraph-margin-b) px-nof-16\">\u2013\u2009On k\u00e4ynyt niin, ett\u00e4 minua on kohdeltu tiukasti jossain, ja sitten joku sanoo henkil\u00f6kunnalle: \u201dEtk\u00f6 tied\u00e4, kuka h\u00e4n on? H\u00e4n on televisiossa!\u201d<\/p>\n<p class=\"article-body mb-(--paragraph-margin-b) px-nof-16\">\u2013\u2009Koko asenne muuttuu t\u00e4ysin, ja t\u00e4m\u00e4 tapahtuu usein. Jopa pankissa, lentokent\u00e4ll\u00e4, miss\u00e4 vain. <\/p>\n<p class=\"article-body mb-(--paragraph-margin-b) px-nof-16\">Vuosia jatkunut sarjakuuluisuus on houkuttelut jopa k\u00e4ytt\u00e4m\u00e4\u00e4n n\u00e4yttelij\u00e4n nime\u00e4 v\u00e4\u00e4rin.<\/p>\n<p class=\"article-body mb-(--paragraph-margin-b) px-nof-16\">\u2013Minulle on l\u00e4hetetty keskusteluja, joissa joku tekeytyy minuksi, ja ne ovat k\u00f6mpel\u00f6it\u00e4 \u2013 selv\u00e4sti ei minun kielt\u00e4ni, esimerkiksi Etel\u00e4-Amerikasta \u00e4\u00e4nt\u00e4myksen perusteella.<\/p>\n<p class=\"article-body mb-(--paragraph-margin-b) px-nof-16\">Huijaukset rajaavat my\u00f6s Garc\u00eda Sanchon omaa siviiliel\u00e4m\u00e4\u00e4.<\/p>\n<p class=\"article-body mb-(--paragraph-margin-b) px-nof-16\">\u2013\u2009Sinun on oltava tarkkana siin\u00e4, mit\u00e4 puhut kadulla. Kuka vain voi kuvata sinua. Kun l\u00e4hdet yst\u00e4vien kanssa ulos, sinun on oltava varovainen. Olet aina potentiaalinen kohde.<\/p>\n<p class=\"article-body mb-(--paragraph-margin-b) px-nof-16\">Markiisin poika ja korkea-arvoisen aatelisperheen perillinen, mutta my\u00f6s monen surun murtama mies. T\u00e4llaisena suomalaiset tv-katsojat tuntevat La Promesan keskeisen henkil\u00f6hahmon Manuelin.<\/p>\n<p class=\"article-body mb-(--paragraph-margin-b) px-nof-16\">Erikoisten vaiheiden kautta rooliin valikoitui teatterin\u00e4yttelij\u00e4n\u00e4 tunnettu Arturo Garc\u00eda Sancho.<\/p>\n<p class=\"article-body mb-(--paragraph-margin-b) px-nof-16\">\u2013\u2009Minulle soitettiin ja pyydettiin tekem\u00e4\u00e4n sivurooli pariin jaksoon. Minun piti n\u00e4ytell\u00e4 Tom\u00e1sia, mutta roolittajat ilmeisesti ajattelivat, ett\u00e4 sopisin paremmin t\u00e4m\u00e4n veljeksi Manueliksi. Tein uuden koe-esiintymisen Manuelin rooliin, ja (sarjan luoja) <a class=\"font-bold underline-offset-[0.12em] [text-decoration:var(--person-link-text-decoration)] [text-decoration-color:var(--person-link-text-decoration-color)]!\" href=\"https:\/\/www.is.fi\/haku\/?query=Josep%20Cister%20Rubio\" rel=\"nofollow noopener\" target=\"_blank\">Josep Cister Rubio<\/a> piti siit\u00e4.<\/p>\n<p class=\"article-body mb-(--paragraph-margin-b) px-nof-16\">Aiempaa tv-kokemusta Garc\u00eda Sancholla ei juuri ollut.<\/p>\n<p class=\"article-body mb-(--paragraph-margin-b) px-nof-16\">\u2013\u2009Ennen La Promesaa tein kaksi jaksoa Netflixin sarjaan Los Herederos de la Tierra. Tuolloin oli koronan j\u00e4lkeinen aika ja oli hankalaa l\u00f6yt\u00e4\u00e4 t\u00f6it\u00e4. Tulin sis\u00e4\u00e4n Tom\u00e1sina ja p\u00e4\u00e4dyin Manueliksi.<\/p>\n<p><img decoding=\"async\" src=\"https:\/\/www.europesays.com\/fi\/wp-content\/uploads\/2026\/09\/1788703690_223_468.jpg\" alt=\"Haastattelussa Arturo Garc\u00eda-Sancho nauraa aika ajoin hersyv\u00e4sti. Sarjassa Manuel on my\u00f6s ilmailun pioneeri. \u2013\u2009Rakastan veneit\u00e4 ja lentokoneita. Joten kun minulle sanottiin, ett\u00e4 Manuel on lent\u00e4j\u00e4, olin ihan ep\u00e4uskoissani.\" class=\"_Img_1rerz_1\" style=\"aspect-ratio:1920\/1280\" loading=\"eager\"\/><\/p>\n<p class=\"font-(family-name:--picture-caption-font-family) text-(length:--picture-caption-font-size) leading-(--picture-caption-leading) font-(--picture-caption-font-weight) text-(color:--picture-caption-color) picture-with-caption__caption picture-with-caption__caption--default-full\">Haastattelussa Arturo Garc\u00eda-Sancho nauraa aika ajoin hersyv\u00e4sti. Sarjassa Manuel on my\u00f6s ilmailun pioneeri. \u2013\u2009Rakastan veneit\u00e4 ja lentokoneita. Joten kun minulle sanottiin, ett\u00e4 Manuel on lent\u00e4j\u00e4, olin ihan ep\u00e4uskoissani. Kuva:\u00a0Seppo K\u00e4rki \/ IS<\/p>\n<p class=\"article-body mb-(--paragraph-margin-b) px-nof-16\">Garc\u00eda Sancho kertoo kiintyneens\u00e4 hahmoonsa ja p\u00e4\u00e4sseens\u00e4 luomaan h\u00e4nt\u00e4.<\/p>\n<p class=\"article-body mb-(--paragraph-margin-b) px-nof-16\">\u2013 En pid\u00e4 hurmuri-sanasta (espanjaksi gal\u00e1n) enk\u00e4 koe itse\u00e4ni sellaiseksi, ja se v\u00e4h\u00e4n nolottaa. Mutta pid\u00e4n siit\u00e4, ett\u00e4 olen onnistunut luomaan p\u00e4\u00e4henkil\u00f6n, joka ei ole ihan perinteinen \u201dkomea ja p\u00f6yhke\u00e4\u201d tyyppi, sellainen j\u00e4ykk\u00e4, ylh\u00e4inen ja prinssim\u00e4inen. <\/p>\n<p class=\"article-body mb-(--paragraph-margin-b) px-nof-16\">P\u00e4ivitt\u00e4issarjassa hahmo kasvaa kausi kaudelta.<\/p>\n<p class=\"article-body mb-(--paragraph-margin-b) px-nof-16\">\u2013\u2009Se Manuel, jonka toin sarjaan alussa, ei ole t\u00e4m\u00e4 nykyinen Manuel. Min\u00e4 annoin h\u00e4nelle \u00e4\u00e4neni, kasvoni, kehoni \u2013 ja hieman sellaista henke\u00e4, jonka ajattelin h\u00e4nell\u00e4 olevan.<\/p>\n<p><img decoding=\"async\" src=\"https:\/\/www.europesays.com\/fi\/wp-content\/uploads\/2026\/09\/1788703691_662_468.jpg\" alt=\"Espanjassa La Promesa sai t\u00e4yttymyksens\u00e4 jaksossa 500, kun rakastavaiset Manuel ja Jana (Ana Garc\u00e9s) vihittiin avioliittoon, vaikka olivatkin eris\u00e4\u00e4tyisi\u00e4.\" class=\"_Img_1rerz_1\" style=\"aspect-ratio:1920\/1280\" loading=\"eager\"\/><\/p>\n<p class=\"font-(family-name:--picture-caption-font-family) text-(length:--picture-caption-font-size) leading-(--picture-caption-leading) font-(--picture-caption-font-weight) text-(color:--picture-caption-color) picture-with-caption__caption picture-with-caption__caption--default-full\">Espanjassa La Promesa sai t\u00e4yttymyksens\u00e4 jaksossa 500, kun rakastavaiset Manuel ja Jana (Ana Garc\u00e9s) vihittiin avioliittoon, vaikka olivatkin eris\u00e4\u00e4tyisi\u00e4. Kuva:\u00a0MARTA GARCIA COMPANY<\/p>\n<p class=\"article-body mb-(--paragraph-margin-b) px-nof-16\">Haastatteluhetkell\u00e4 sarjaa on kohdannut sen suurin tragedia: Manuelin vasta vihitty puoliso ja suurin rakkaus Jana Exp\u00f3sito (<a class=\"font-bold underline-offset-[0.12em] [text-decoration:var(--person-link-text-decoration)] [text-decoration-color:var(--person-link-text-decoration-color)]!\" href=\"https:\/\/www.is.fi\/haku\/?query=Ana%20Garc%C3%A9s\" rel=\"nofollow noopener\" target=\"_blank\">Ana Garc\u00e9s<\/a>) on kuollut julman rikoksen uhrina.<\/p>\n<p class=\"article-body mb-(--paragraph-margin-b) px-nof-16\">Manuelin veli Tom\u00e1s (<a class=\"font-bold underline-offset-[0.12em] [text-decoration:var(--person-link-text-decoration)] [text-decoration-color:var(--person-link-text-decoration-color)]!\" href=\"https:\/\/www.is.fi\/haku\/?query=Jordi%20Coll\" rel=\"nofollow noopener\" target=\"_blank\">Jordi Coll<\/a>) on murhattu jo avausjaksossa. Leskeksi j\u00e4\u00e4neen Jimenan (<a class=\"font-bold underline-offset-[0.12em] [text-decoration:var(--person-link-text-decoration)] [text-decoration-color:var(--person-link-text-decoration-color)]!\" href=\"https:\/\/www.is.fi\/haku\/?query=Paula%20Losada\" rel=\"nofollow noopener\" target=\"_blank\">Paula Losada<\/a>) kanssa my\u00f6hemmin aatelisvelvoitteesta avioitunut Manuel menetti vaimonsa t\u00e4m\u00e4n kuoltua traagisesti.<\/p>\n<p class=\"article-body mb-(--paragraph-margin-b) px-nof-16\">\u2013\u2009Surun esitt\u00e4minen ei ole vaikeaa, koska me kaikki koemme sit\u00e4. Vaikeaa on se, kun pit\u00e4\u00e4 olla monta jaksoa syv\u00e4ss\u00e4 surussa, se on raskasta. Pitki\u00e4 tunteja. Ja ennen kaikkea haluaa antaa mahdollisimman realistisen tunteen kameralle.<\/p>\n<p><img decoding=\"async\" src=\"https:\/\/www.europesays.com\/fi\/wp-content\/uploads\/2026\/09\/1788703691_248_468.jpg\" alt=\"Kartanoon palannut Manuel l\u00f6yt\u00e4\u00e4 puolisonsa Janan (Ana Garc\u00e9s) henkihieveriss\u00e4. T\u00e4m\u00e4 on virunut puukotuksen uhrina y\u00f6n yli makuuhuoneessa s\u00e4ngyn vierell\u00e4.\" class=\"_Img_1rerz_1\" style=\"aspect-ratio:1920\/1280\" loading=\"eager\"\/><\/p>\n<p class=\"font-(family-name:--picture-caption-font-family) text-(length:--picture-caption-font-size) leading-(--picture-caption-leading) font-(--picture-caption-font-weight) text-(color:--picture-caption-color) picture-with-caption__caption picture-with-caption__caption--default-full\">Kartanoon palannut Manuel l\u00f6yt\u00e4\u00e4 puolisonsa Janan (Ana Garc\u00e9s) henkihieveriss\u00e4. T\u00e4m\u00e4 on virunut puukotuksen uhrina y\u00f6n yli makuuhuoneessa s\u00e4ngyn vierell\u00e4. Kuva:\u00a0StudioCanal<\/p>\n<p class=\"article-body mb-(--paragraph-margin-b) px-nof-16\">Janan kuolema oli k\u00e4\u00e4nteentekev\u00e4 hetki my\u00f6s katsojille.<\/p>\n<p class=\"article-body mb-(--paragraph-margin-b) px-nof-16\">Alusta l\u00e4htien neuvokas nuori nainen oli koko sarjan keskushenkil\u00f6, joka pestautui Luj\u00e1nin kartanoon etsiess\u00e4\u00e4n sinnikk\u00e4\u00e4sti \u00e4itins\u00e4 surmaajia ja l\u00f6ysi samalla pikkuveljens\u00e4 Curron (<a class=\"font-bold underline-offset-[0.12em] [text-decoration:var(--person-link-text-decoration)] [text-decoration-color:var(--person-link-text-decoration-color)]!\" href=\"https:\/\/www.is.fi\/haku\/?query=Xavi%20Lock\" rel=\"nofollow noopener\" target=\"_blank\">Xavi Lock<\/a>).<\/p>\n<p class=\"article-body mb-(--paragraph-margin-b) px-nof-16\">Janan tragedia halkoi sarjan kuin kahtia: aika ennen Janan kuolemaa ja tapahtumat t\u00e4m\u00e4n j\u00e4lkeen.<\/p>\n<p class=\"article-body mb-(--paragraph-margin-b) px-nof-16\">\u2013\u2009Se oli j\u00e4rkytys. Aivan valtava. Minusta on kurjaa, ett\u00e4 yleis\u00f6 k\u00e4rsi niin paljon. Moni sanoo haluavansa Janan takaisin el\u00e4v\u00e4ksi&#8230; mutta ei, ei se mene niin.<\/p>\n<p><img decoding=\"async\" src=\"https:\/\/www.europesays.com\/fi\/wp-content\/uploads\/2026\/09\/1788703691_376_468.jpg\" alt=\"Manuel (Arturo Garc\u00eda-Sancho) pit\u00e4\u00e4 vihkisormustaan vaimonsa kuoleman j\u00e4lkeenkin. \u2013\u2009Rakkauteni Janaan on ikuinen.\" class=\"_Img_1rerz_1\" style=\"aspect-ratio:1920\/1280\" loading=\"eager\"\/><\/p>\n<p class=\"font-(family-name:--picture-caption-font-family) text-(length:--picture-caption-font-size) leading-(--picture-caption-leading) font-(--picture-caption-font-weight) text-(color:--picture-caption-color) picture-with-caption__caption picture-with-caption__caption--default-full\">Manuel (Arturo Garc\u00eda-Sancho) pit\u00e4\u00e4 vihkisormustaan vaimonsa kuoleman j\u00e4lkeenkin. \u2013\u2009Rakkauteni Janaan on ikuinen. Kuva:\u00a0Seppo K\u00e4rki \/ IS<\/p>\n<p class=\"article-body mb-(--paragraph-margin-b) px-nof-16\">Haastattelun lomassa pist\u00e4\u00e4 silm\u00e4\u00e4n, ett\u00e4 n\u00e4yttelij\u00e4ll\u00e4 on yh\u00e4 vihkisormus.<\/p>\n<p class=\"article-body mb-(--paragraph-margin-b) px-nof-16\">\u2013\u2009Minulla on sormus, vaikka Jana on kuollut. Rakkauteni Janaan on ikuinen.<\/p>\n<p class=\"article-body mb-(--paragraph-margin-b) px-nof-16\">La Promesan keskeiset n\u00e4yttelij\u00e4t Ana Garc\u00e9s ja Manuelin \u00e4iti\u00e4 esitt\u00e4nyt <a class=\"font-bold underline-offset-[0.12em] [text-decoration:var(--person-link-text-decoration)] [text-decoration-color:var(--person-link-text-decoration-color)]!\" href=\"https:\/\/www.is.fi\/haku\/?query=Eva%20Mart%C3%ADn\" rel=\"nofollow noopener\" target=\"_blank\">Eva Mart\u00edn<\/a> poistuivat sarjasta yht\u00e4 aikaa.<\/p>\n<p class=\"article-body mb-(--paragraph-margin-b) px-nof-16\">Pahista n\u00e4ytellytt\u00e4 Cruzia ep\u00e4iltiin alusta l\u00e4htien Janan surmasta. Olihan h\u00e4nell\u00e4 omallatunnollaan jo kaksi aiempaa surmaa.<\/p>\n<p class=\"article-body mb-(--paragraph-margin-b) px-nof-16\">\u2013\u2009Se oli tosi iso siirtym\u00e4. T\u00e4\u00e4ll\u00e4 studioillakin sen huomasi. Oli aivan surumielinen ilmapiiri pari viikkoa. Sellainen hiljainen, hidas tunne, kuin suruaika, Garc\u00eda Sancho muistelee.<\/p>\n<p class=\"article-body mb-(--paragraph-margin-b) px-nof-16\">Usko tulevaan on luja.<\/p>\n<p class=\"article-body mb-(--paragraph-margin-b) px-nof-16\">\u2013\u2009En voi valittaa, koska kuuluisuuden ansiosta saan yh\u00e4 t\u00f6it\u00e4, ja kun t\u00e4m\u00e4 joskus loppuu \u2013 toivottavasti vasta vuosien p\u00e4\u00e4st\u00e4 \u2013 uudet ty\u00f6t l\u00f6ytyv\u00e4t varmasti sen ansiosta, ett\u00e4 ihmiset tuntevat minut.<\/p>\n","protected":false},"excerpt":{"rendered":"La Promesa -sarjan Manuelia esitt\u00e4v\u00e4 Arturo Garc\u00eda-Sancho kertoo Tv-lehden erikoishaastattelussa k\u00e4\u00e4nteentekev\u00e4st\u00e4 roolistaan. Portaita yl\u00f6s kiirehtii televisiosta tuttu mies.&hellip;\n","protected":false},"author":2,"featured_media":342916,"comment_status":"","ping_status":"","sticky":false,"template":"","format":"standard","meta":{"footnotes":"","_share_on_mastodon":"0"},"categories":[133],"tags":[137,33,31,30,34,32,206,156,109],"class_list":["post-342915","post","type-post","status-publish","format-standard","has-post-thumbnail","category-televisiot","tag-entertainment","tag-fi","tag-finland","tag-finnish","tag-ilta-sanomat","tag-suomi","tag-televisiot","tag-tv","tag-viihde"],"share_on_mastodon":{"url":"https:\/\/pubeurope.com\/@fi\/117224493321648707","error":""},"_links":{"self":[{"href":"https:\/\/www.europesays.com\/fi\/wp-json\/wp\/v2\/posts\/342915","targetHints":{"allow":["GET"]}}],"collection":[{"href":"https:\/\/www.europesays.com\/fi\/wp-json\/wp\/v2\/posts"}],"about":[{"href":"https:\/\/www.europesays.com\/fi\/wp-json\/wp\/v2\/types\/post"}],"author":[{"embeddable":true,"href":"https:\/\/www.europesays.com\/fi\/wp-json\/wp\/v2\/users\/2"}],"replies":[{"embeddable":true,"href":"https:\/\/www.europesays.com\/fi\/wp-json\/wp\/v2\/comments?post=342915"}],"version-history":[{"count":0,"href":"https:\/\/www.europesays.com\/fi\/wp-json\/wp\/v2\/posts\/342915\/revisions"}],"wp:featuredmedia":[{"embeddable":true,"href":"https:\/\/www.europesays.com\/fi\/wp-json\/wp\/v2\/media\/342916"}],"wp:attachment":[{"href":"https:\/\/www.europesays.com\/fi\/wp-json\/wp\/v2\/media?parent=342915"}],"wp:term":[{"taxonomy":"category","embeddable":true,"href":"https:\/\/www.europesays.com\/fi\/wp-json\/wp\/v2\/categories?post=342915"},{"taxonomy":"post_tag","embeddable":true,"href":"https:\/\/www.europesays.com\/fi\/wp-json\/wp\/v2\/tags?post=342915"}],"curies":[{"name":"wp","href":"https:\/\/api.w.org\/{rel}","templated":true}]}}