{"id":342917,"date":"2026-09-06T14:12:16","date_gmt":"2026-09-06T14:12:16","guid":{"rendered":"https:\/\/www.europesays.com\/fi\/342917\/"},"modified":"2026-09-06T14:12:16","modified_gmt":"2026-09-06T14:12:16","slug":"gianni-infantino-astui-piilostaan-kameran-eteen","status":"publish","type":"post","link":"https:\/\/www.europesays.com\/fi\/342917\/","title":{"rendered":"Gianni Infantino astui piilostaan kameran eteen"},"content":{"rendered":"<p>Fifan parjattu puheenjohtaja Gianni Infantino saapui lauantaina toimittajien eteen alle 20-vuotiaiden naisten MM-kisoissa Puolassa. Fifan parjattu puheenjohtaja ei kuitenkaan viihtynyt haastateltavana pitk\u00e4\u00e4n.<\/p>\n<p>Infantino ei odottanut Sky Sportsin toimittajan <strong class=\"typography-bold\">Rob Harrisin <\/strong>ensimm\u00e4ist\u00e4 kysymyst\u00e4 loppuun, vaan alkoi puhua omaan tahtiin t\u00e4m\u00e4n p\u00e4\u00e4lle ja k\u00e4\u00e4nsi aiheen Puolassa pelattavan turnauksen onnistuneisiin j\u00e4rjestelyihin.<\/p>\n<p>\u2013 Kaiken muun osalta, Infantino aloitti ja piti pohtivan tauon.<\/p>\n<p>\u2013 On paljon sanottavaa, mutta sille tulee oikea paikka ja oikea aika. Se ei ole t\u00e4n\u00e4\u00e4n t\u00e4\u00e4ll\u00e4, mutta nautimme sen sijaan t\u00e4\u00e4ll\u00e4 jalkapallosta. Jatkamme tietysti Fifassa ty\u00f6skentely\u00e4 antaaksemme joka puolelle maailmaa mahdollisuuden arvokkuuteen, kilpailla ja osallistua.<\/p>\n<p>Kun Harris aloitti kysymyksen, onko Infantino jatkamassa teht\u00e4v\u00e4ss\u00e4\u00e4n kattoj\u00e4rjest\u00f6n puheenjohtajana, Infantino peruutteli kiitellen mikrofonien edest\u00e4 ja kielt\u00e4ytyi vastaamasta jatkokysymyksiin.<\/p>\n<p>Infantinon tulevaisuus Fifassa s\u00e4ilynee kysymysmerkkin\u00e4 ensi kev\u00e4\u00e4seen asti, jolloin h\u00e4nen nauttimastaan luottamuksesta saadaan tarkempi kokonaiskuva Fifan kongressissa Marokossa.<\/p>\n<p><strong class=\"typography-bold\">Katso Infantinon ja toimittajien kohtaaminen artikkelin yl\u00e4osan videolta.<\/strong><\/p>\n<p>Lue my\u00f6s:<strong class=\"typography-bold\"> <\/strong><a class=\"cursor-pointer underline\" data-testid=\"internal-link\" role=\"link\" href=\"https:\/\/www.mtvuutiset.fi\/artikkeli\/fifa-syyttaa-uefaa-mustamaalauskampanjasta\/9387690\" rel=\"nofollow noopener\" target=\"_blank\">Fifa syytt\u00e4\u00e4 Uefaa mustamaalauskampanjasta<\/a><\/p>\n","protected":false},"excerpt":{"rendered":"Fifan parjattu puheenjohtaja Gianni Infantino saapui lauantaina toimittajien eteen alle 20-vuotiaiden naisten MM-kisoissa Puolassa. Fifan parjattu puheenjohtaja ei&hellip;\n","protected":false},"author":2,"featured_media":342918,"comment_status":"","ping_status":"","sticky":false,"template":"","format":"standard","meta":{"footnotes":"","_share_on_mastodon":"0"},"categories":[158],"tags":[33,31,30,159,32,160],"class_list":["post-342917","post","type-post","status-publish","format-standard","has-post-thumbnail","category-urheilu","tag-fi","tag-finland","tag-finnish","tag-sports","tag-suomi","tag-urheilu"],"share_on_mastodon":{"url":"https:\/\/pubeurope.com\/@fi\/117224508467750000","error":""},"_links":{"self":[{"href":"https:\/\/www.europesays.com\/fi\/wp-json\/wp\/v2\/posts\/342917","targetHints":{"allow":["GET"]}}],"collection":[{"href":"https:\/\/www.europesays.com\/fi\/wp-json\/wp\/v2\/posts"}],"about":[{"href":"https:\/\/www.europesays.com\/fi\/wp-json\/wp\/v2\/types\/post"}],"author":[{"embeddable":true,"href":"https:\/\/www.europesays.com\/fi\/wp-json\/wp\/v2\/users\/2"}],"replies":[{"embeddable":true,"href":"https:\/\/www.europesays.com\/fi\/wp-json\/wp\/v2\/comments?post=342917"}],"version-history":[{"count":0,"href":"https:\/\/www.europesays.com\/fi\/wp-json\/wp\/v2\/posts\/342917\/revisions"}],"wp:featuredmedia":[{"embeddable":true,"href":"https:\/\/www.europesays.com\/fi\/wp-json\/wp\/v2\/media\/342918"}],"wp:attachment":[{"href":"https:\/\/www.europesays.com\/fi\/wp-json\/wp\/v2\/media?parent=342917"}],"wp:term":[{"taxonomy":"category","embeddable":true,"href":"https:\/\/www.europesays.com\/fi\/wp-json\/wp\/v2\/categories?post=342917"},{"taxonomy":"post_tag","embeddable":true,"href":"https:\/\/www.europesays.com\/fi\/wp-json\/wp\/v2\/tags?post=342917"}],"curies":[{"name":"wp","href":"https:\/\/api.w.org\/{rel}","templated":true}]}}