{"id":342925,"date":"2026-09-06T14:18:11","date_gmt":"2026-09-06T14:18:11","guid":{"rendered":"https:\/\/www.europesays.com\/fi\/342925\/"},"modified":"2026-09-06T14:18:11","modified_gmt":"2026-09-06T14:18:11","slug":"mies-jakoi-pikkutytolle-rasistisen-tarran-junassa-sivullinen-aiti-puuttui-tilanteeseen-kotimaa","status":"publish","type":"post","link":"https:\/\/www.europesays.com\/fi\/342925\/","title":{"rendered":"Mies jakoi pikkutyt\u00f6lle rasistisen tarran junassa \u2013 sivullinen \u00e4iti puuttui tilanteeseen | Kotimaa"},"content":{"rendered":"<ul class=\"aw__sc-1yb43iq-0 gFXHv yle__article__list yle__article__list--ul\">\n<li class=\"aw__sc-1yb43iq-1 gVAzbt\">Lauantaina Z-junassa mies antoi rasistisen tarran maahanmuuttajataustaiselle lapselle. Toinen matkustaja otti tarran pois.<\/li>\n<li class=\"aw__sc-1yb43iq-1 gVAzbt\">Familian Nora Dadi sanoo, ett\u00e4 lapsiin kohdistuva rasismi on lis\u00e4\u00e4ntynyt. Tilanteita tulee j\u00e4rjest\u00f6n tietoon nyt l\u00e4hes kuukausittain.<\/li>\n<li class=\"aw__sc-1yb43iq-1 gVAzbt\">Toistuvat kokemukset voivat vaikuttaa lapsen itsetuntoon ja turvallisuuden tunteeseen. Dadi kehottaa puuttumaan aina.<\/li>\n<\/ul>\n<p class=\"aw__sc-1qwuw0s-0 aw__sc-ngllmo-0 epAWpq fzYpjk yle__article__paragraph\"><strong class=\"aw__sc-ngllmo-2 gdRrun yle__article__strong\">Juliana Musto<\/strong>, 26, matkusti Z-junalla Lahdesta Helsinkiin pienen lapsensa kanssa lauantaina aamup\u00e4iv\u00e4ll\u00e4.<\/p>\n<p class=\"aw__sc-1qwuw0s-0 aw__sc-ngllmo-0 epAWpq fzYpjk yle__article__paragraph\">H\u00e4n istui poikansa kanssa lastenvaunuille varatulla paikalla.<\/p>\n<p class=\"aw__sc-1qwuw0s-0 aw__sc-ngllmo-0 epAWpq fzYpjk yle__article__paragraph\">Musto kertoo Ylelle, ett\u00e4 maahanmuuttajataustainen \u00e4iti istui arviolta nelj\u00e4vuotiaan lapsensa kanssa Muston l\u00e4hell\u00e4.<\/p>\n<p class=\"aw__sc-1qwuw0s-0 aw__sc-ngllmo-0 epAWpq fzYpjk yle__article__paragraph\">M\u00e4nts\u00e4l\u00e4n kohdalla junaan nousi mies, joka istui heit\u00e4 vastap\u00e4\u00e4t\u00e4. Mies antoi Sinimustan liikkeen Sukupuutto vai paluumuutto -tarran nelj\u00e4vuotiaalle tyt\u00f6lle.<\/p>\n<p class=\"aw__sc-1qwuw0s-0 aw__sc-ngllmo-0 epAWpq fzYpjk yle__article__paragraph\"><a class=\"aw__sc-ngllmo-1 bTDnwX yle__article__link\" href=\"https:\/\/yle.fi\/a\/74-20244753\" role=\"link\" rel=\"nofollow noopener\" target=\"_blank\">Sinimusta liike ja antifasistit <\/a>osoittivat mielt\u00e4\u00e4n Helsingiss\u00e4 lauantaina.<\/p>\n<p class=\"aw__sc-1qwuw0s-0 aw__sc-ngllmo-0 epAWpq fzYpjk yle__article__paragraph\">Muston mukaan h\u00e4n nousi, otti tarran tyt\u00f6lt\u00e4, repi tarran ja sanoi miehelle, ett\u00e4 tarran antaminen lapselle ei ole sopivaa. Muston mukaan mies ei n\u00e4hnyt tilanteessa mit\u00e4\u00e4n v\u00e4\u00e4r\u00e4\u00e4.<\/p>\n<p class=\"aw__sc-1qwuw0s-0 aw__sc-ngllmo-0 epAWpq fzYpjk yle__article__paragraph\">\u2013 Sanoin ensin kerran ja sitten huusin uudestaan, ett\u00e4 lapselle ei voi antaa t\u00e4llaisia tarroja. H\u00e4n sanoi, ettei maahanmuuttajilla ole aivoja.<\/p>\n<p class=\"aw__sc-1qwuw0s-0 aw__sc-ngllmo-0 epAWpq fzYpjk yle__article__paragraph\">Tarran antaja meni Muston mukaan valittamaan muille kavereilleen, ett\u00e4 tarra oli revitty.<\/p>\n<p class=\"aw__sc-1qwuw0s-0 aw__sc-ngllmo-0 epAWpq fzYpjk yle__article__paragraph\">Muston mukaan samaan porukkaan kuuluvat ottivat videota tilanteesta.<\/p>\n<p class=\"aw__sc-1qwuw0s-0 aw__sc-ngllmo-0 epAWpq fzYpjk yle__article__paragraph\">Yle ei ole pystynyt varmistamaan tapahtumien yksityiskohtia Juliana Muston lis\u00e4ksi muusta l\u00e4hteest\u00e4.<\/p>\n<p>J\u00e4rjest\u00f6 pit\u00e4\u00e4 tilannetta vakavana<\/p>\n<p class=\"aw__sc-1qwuw0s-0 aw__sc-ngllmo-0 epAWpq fzYpjk yle__article__paragraph\">Lapsiin kohdistuva rasismi on nousussa.<\/p>\n<p class=\"aw__sc-1qwuw0s-0 aw__sc-ngllmo-0 epAWpq fzYpjk yle__article__paragraph\">N\u00e4in kertoo perhe- ja yhdenvertaisuusty\u00f6n suunnittelija <strong class=\"aw__sc-ngllmo-2 gdRrun yle__article__strong\">Nora Dadi<\/strong> Familiasta. Se on valtakunnallinen kahden kulttuurin perheiden asiantuntijaj\u00e4rjest\u00f6 ja edunvalvoja.<\/p>\n<p class=\"aw__sc-1qwuw0s-0 aw__sc-ngllmo-0 epAWpq fzYpjk yle__article__paragraph\">Familian ty\u00f6ss\u00e4 ja perheiden yhteydenotoissa lapsiin kohdistuvat rasistiset tilanteet ovat tulleet n\u00e4kyviksi aikaisempaa useammin.<\/p>\n<p class=\"aw__sc-1qwuw0s-0 aw__sc-ngllmo-0 epAWpq fzYpjk yle__article__paragraph\">\u2013 Aiemmin t\u00e4llaisia tilanteita oli muutamia kertoja vuodessa, mutta nyky\u00e4\u00e4n niit\u00e4 tulee tietooni l\u00e4hes kuukausittain.<\/p>\n<p class=\"aw__sc-1qwuw0s-0 aw__sc-ngllmo-0 epAWpq fzYpjk yle__article__paragraph\">Pieni lapsi voi aluksi n\u00e4hd\u00e4 v\u00e4rikk\u00e4\u00e4n tarran vain tavallisena tarrana, eik\u00e4 viel\u00e4 ymm\u00e4rr\u00e4 sen sis\u00e4lt\u00e4m\u00e4\u00e4 rasistista viesti\u00e4.<\/p>\n<p class=\"aw__sc-1qwuw0s-0 aw__sc-ngllmo-0 epAWpq fzYpjk yle__article__paragraph\">\u2013 On my\u00f6s ollut esimerkiksi tilanne, jossa 6-vuotias on tuonut vanhemmilleen lapun, johon on kirjoitettu, ett\u00e4 mene takaisin sinun kotimaahan.<\/p>\n<p class=\"aw__sc-1qwuw0s-0 aw__sc-ngllmo-0 epAWpq fzYpjk yle__article__paragraph\">Vaikka lapsi ei ymm\u00e4rt\u00e4isi sanojen merkityst\u00e4, h\u00e4n voi aistia aikuisten reaktioista, ett\u00e4 tilanteessa tapahtui jotakin vakavaa, v\u00e4\u00e4r\u00e4\u00e4 tai pelottavaa. T\u00e4m\u00e4 voi vaikuttaa h\u00e4nen turvallisuuden tunteeseensa.<\/p>\n<p class=\"aw__sc-1qwuw0s-0 aw__sc-ngllmo-0 epAWpq fzYpjk yle__article__paragraph\">Dadin mukaan yhden tilanteen perusteella ei voida arvioida, aiheutuuko juuri t\u00e4lle lapselle pysyv\u00e4\u00e4 psyykkist\u00e4 vahinkoa, mutta sen mahdollisuutta ei voida my\u00f6sk\u00e4\u00e4n sulkea pois.<\/p>\n<p class=\"aw__sc-1qwuw0s-0 aw__sc-ngllmo-0 epAWpq fzYpjk yle__article__paragraph\">\u2013 Jos lapsi kohtaa vastaavia rasistisia tilanteita toistuvasti kasvaessaan, pitk\u00e4aikaisten vaikutusten riski kasvaa. Toistuvat kokemukset voivat vaikuttaa lapsen turvallisuuden tunteeseen, identiteettiin, itsetuntoon ja kokemukseen siit\u00e4, hyv\u00e4ksyt\u00e4\u00e4nk\u00f6 h\u00e4net ja kuuluuko h\u00e4n Suomeen.<\/p>\n<p class=\"aw__sc-1qwuw0s-0 aw__sc-ngllmo-0 epAWpq fzYpjk yle__article__paragraph\">Dadi muistuttaa, ett\u00e4 lapsen kohtaamaan rasismiin ja vihapuheeseen pit\u00e4\u00e4 aina puuttua.<\/p>\n<p class=\"aw__sc-1qwuw0s-0 aw__sc-ngllmo-0 epAWpq fzYpjk yle__article__paragraph\">\u2013 Rasistisesta h\u00e4irinn\u00e4st\u00e4 kannattaa ilmoittaa matalalla kynnyksell\u00e4 poliisille sek\u00e4 julkisessa liikenteess\u00e4 my\u00f6s liikenn\u00f6itsij\u00e4lle tai henkil\u00f6kunnalle.<\/p>\n<p class=\"aw__sc-1qwuw0s-0 aw__sc-ngllmo-0 epAWpq fzYpjk yle__article__paragraph\">Tilanteessa rasismin kohteeksi joutunut vanhempi voi j\u00e4rkytty\u00e4 niin voimakkaasti, ettei pysty heti reagoimaan tai selitt\u00e4m\u00e4\u00e4n tapahtunutta lapselle.<\/p>\n<p class=\"aw__sc-1qwuw0s-0 aw__sc-ngllmo-0 epAWpq fzYpjk yle__article__paragraph\">\u2013 Kun tilanne on rauhoittunut, asiasta olisi kuitenkin t\u00e4rke\u00e4\u00e4 keskustella lapsen kanssa h\u00e4nen ik\u00e4tasonsa mukaisesti. Nelivuotiaalle ei tarvitse selitt\u00e4\u00e4 poliittista taustaa yksityiskohtaisesti. H\u00e4nelle voi sanoa esimerkiksi, ett\u00e4 mies teki v\u00e4\u00e4rin, lapsi itse ei tehnyt mit\u00e4\u00e4n v\u00e4\u00e4r\u00e4\u00e4 ja ett\u00e4 h\u00e4n on arvokas ja turvassa.<\/p>\n<p class=\"aw__sc-1qwuw0s-0 aw__sc-ngllmo-0 epAWpq fzYpjk yle__article__paragraph\">Samalla lapselle voi kertoa yksinkertaisesti, ett\u00e4 jos joku toimii vastaavalla tavalla uudelleen, siit\u00e4 kerrotaan heti turvalliselle aikuiselle, kuten vanhemmalle, junan henkil\u00f6kunnalle tai vartijalle.<\/p>\n<p class=\"aw__sc-1qwuw0s-0 aw__sc-ngllmo-0 epAWpq fzYpjk yle__article__paragraph\">\u2013 N\u00e4in lapselle palautetaan turvallisuuden ja hallinnan tunnetta: h\u00e4nen ei tarvitse selviyty\u00e4 tilanteesta yksin, vaan aikuisilla on vastuu suojella h\u00e4nt\u00e4.<\/p>\n<p class=\"aw__sc-1qwuw0s-0 aw__sc-ngllmo-0 epAWpq fzYpjk yle__article__paragraph\">Dadin mielest\u00e4 tarran lapselta pois ottanut \u00e4iti toimi esimerkillisesti.<\/p>\n<p class=\"aw__sc-1qwuw0s-0 aw__sc-ngllmo-0 epAWpq fzYpjk yle__article__paragraph\">\u2013 H\u00e4nen puuttumisensa osoitti perheelle, etteiv\u00e4t he j\u00e4\u00e4neet tilanteessa yksin ja ettei t\u00e4llaista kohtelua hyv\u00e4ksyt\u00e4.<\/p>\n<p>Nuori nainen itki<\/p>\n<p class=\"aw__sc-1qwuw0s-0 aw__sc-ngllmo-0 epAWpq fzYpjk yle__article__paragraph\">Maahanmuuttajataustaisen lapsen \u00e4iti kysyi Juliana Mustolta, mist\u00e4 tilanteessa oli kyse. H\u00e4n kertoi luulleensa, ett\u00e4 kyse oli jogurttipurkin kannesta.<\/p>\n<p class=\"aw__sc-1qwuw0s-0 aw__sc-ngllmo-0 epAWpq fzYpjk yle__article__paragraph\">H\u00e4nelle tuli paha mieli ja h\u00e4n kiitti Mustoa tilanteeseen puuttumisesta.<\/p>\n<p class=\"aw__sc-1qwuw0s-0 aw__sc-ngllmo-0 epAWpq fzYpjk yle__article__paragraph\">Musto kertoo, ett\u00e4 tilanne \u00e4rsytt\u00e4\u00e4 h\u00e4nt\u00e4 ja h\u00e4n uskoo, ett\u00e4 vastaavaa on tapahtunut muuallakin.<\/p>\n<p class=\"aw__sc-1qwuw0s-0 aw__sc-ngllmo-0 epAWpq fzYpjk yle__article__paragraph\">\u2013 Hermostuin saman tien, kun n\u00e4in tarran lapsen k\u00e4dess\u00e4. Mietin, ovatko meid\u00e4n lapset oikeasti turvassa t\u00e4\u00e4ll\u00e4, kun junassa jaetaan rasistisia tarroja. Olen itse syntynyt Suomessa ja vanhempani ovat alkuper\u00e4isi\u00e4 kurdeja, niin t\u00e4m\u00e4 her\u00e4tt\u00e4\u00e4 huolta.<\/p>\n<p class=\"aw__sc-1qwuw0s-0 aw__sc-ngllmo-0 epAWpq fzYpjk yle__article__paragraph\">Junassa oli maahanmuuttajataustainen nuori nainen, joka alkoi itke\u00e4.<\/p>\n<p class=\"aw__sc-1qwuw0s-0 aw__sc-ngllmo-0 epAWpq fzYpjk yle__article__paragraph\">\u2013 Tilanne vaikutti h\u00e4neen selke\u00e4sti.<\/p>\n<p class=\"aw__sc-1qwuw0s-0 aw__sc-ngllmo-0 epAWpq fzYpjk yle__article__paragraph\">Musto muistuttaa, ett\u00e4 lapsilla on oikeus turvalliseen kasvuymp\u00e4rist\u00f6\u00f6n.<\/p>\n<p class=\"aw__sc-1qwuw0s-0 aw__sc-ngllmo-0 epAWpq fzYpjk yle__article__paragraph\">\u2013 On t\u00e4rke\u00e4\u00e4 her\u00e4tt\u00e4\u00e4 ihmiset huomaamaan, ett\u00e4 rasismi kohdistuu my\u00f6s lapsiin. Lapsilla on t\u00e4ysi oikeus el\u00e4\u00e4 turvallisesti t\u00e4\u00e4ll\u00e4, eik\u00e4 ole hyv\u00e4ksytt\u00e4v\u00e4\u00e4 osoittaa mielt\u00e4 vastaantuleville.<\/p>\n","protected":false},"excerpt":{"rendered":"Lauantaina Z-junassa mies antoi rasistisen tarran maahanmuuttajataustaiselle lapselle. Toinen matkustaja otti tarran pois. Familian Nora Dadi sanoo, ett\u00e4&hellip;\n","protected":false},"author":2,"featured_media":342926,"comment_status":"","ping_status":"","sticky":false,"template":"","format":"standard","meta":{"footnotes":"","_share_on_mastodon":"0"},"categories":[12],"tags":[22,23,26,27,33,31,30,3303,17,71,99,24,25,28,29,15,18,21,4839,32,19,20,16],"class_list":["post-342925","post","type-post","status-publish","format-standard","has-post-thumbnail","category-suomi","tag-breaking-news","tag-breakingnews","tag-featured-news","tag-featurednews","tag-fi","tag-finland","tag-finnish","tag-hairinta","tag-headlines","tag-kotimaa","tag-lapset","tag-latest-news","tag-latestnews","tag-main-news","tag-mainnews","tag-news","tag-otsikot","tag-paauutiset","tag-rasismi","tag-suomi","tag-top-stories","tag-topstories","tag-uutiset"],"share_on_mastodon":{"url":"https:\/\/pubeurope.com\/@fi\/117224532031752052","error":""},"_links":{"self":[{"href":"https:\/\/www.europesays.com\/fi\/wp-json\/wp\/v2\/posts\/342925","targetHints":{"allow":["GET"]}}],"collection":[{"href":"https:\/\/www.europesays.com\/fi\/wp-json\/wp\/v2\/posts"}],"about":[{"href":"https:\/\/www.europesays.com\/fi\/wp-json\/wp\/v2\/types\/post"}],"author":[{"embeddable":true,"href":"https:\/\/www.europesays.com\/fi\/wp-json\/wp\/v2\/users\/2"}],"replies":[{"embeddable":true,"href":"https:\/\/www.europesays.com\/fi\/wp-json\/wp\/v2\/comments?post=342925"}],"version-history":[{"count":0,"href":"https:\/\/www.europesays.com\/fi\/wp-json\/wp\/v2\/posts\/342925\/revisions"}],"wp:featuredmedia":[{"embeddable":true,"href":"https:\/\/www.europesays.com\/fi\/wp-json\/wp\/v2\/media\/342926"}],"wp:attachment":[{"href":"https:\/\/www.europesays.com\/fi\/wp-json\/wp\/v2\/media?parent=342925"}],"wp:term":[{"taxonomy":"category","embeddable":true,"href":"https:\/\/www.europesays.com\/fi\/wp-json\/wp\/v2\/categories?post=342925"},{"taxonomy":"post_tag","embeddable":true,"href":"https:\/\/www.europesays.com\/fi\/wp-json\/wp\/v2\/tags?post=342925"}],"curies":[{"name":"wp","href":"https:\/\/api.w.org\/{rel}","templated":true}]}}