{"id":342927,"date":"2026-09-06T14:19:16","date_gmt":"2026-09-06T14:19:16","guid":{"rendered":"https:\/\/www.europesays.com\/fi\/342927\/"},"modified":"2026-09-06T14:19:16","modified_gmt":"2026-09-06T14:19:16","slug":"suomen-koko-kartalla-pieneni-ilta-sanomat","status":"publish","type":"post","link":"https:\/\/www.europesays.com\/fi\/342927\/","title":{"rendered":"Suomen koko kartalla pieneni &#8211; Ilta-Sanomat"},"content":{"rendered":"<p>Pienentynyt koko kartalla her\u00e4tti IS:n lukijoiden huomion.<\/p>\n<p><img decoding=\"async\" src=\"https:\/\/www.europesays.com\/fi\/wp-content\/uploads\/2026\/09\/1788704356_83_468.jpg\" alt=\"Suomi n\u00e4ytt\u00e4\u00e4 uudella kartalla huomattavasti pienemm\u00e4lt\u00e4.\" class=\"_Img_1rerz_1\" style=\"aspect-ratio:1920\/1365\" loading=\"eager\"\/><\/p>\n<p class=\"font-(family-name:--picture-caption-font-family) text-(length:--picture-caption-font-size) leading-(--picture-caption-leading) font-(--picture-caption-font-weight) text-(color:--picture-caption-color)\">Suomi n\u00e4ytt\u00e4\u00e4 uudella kartalla huomattavasti pienemm\u00e4lt\u00e4.<\/p>\n<p>Lue tiivistelm\u00e4<\/p>\n<p class=\"article-body mb-(--paragraph-margin-b) px-nof-16 sndp-summary-bullet-point-font\">YK hyv\u00e4ksyi perjantaina uuden maailmankartan \u00e4\u00e4nin 163\u20131.<\/p>\n<p class=\"article-body mb-(--paragraph-margin-b) px-nof-16 sndp-summary-bullet-point-font\">Equal Earth -projektioon perustuva kartta n\u00e4ytt\u00e4\u00e4 maiden mittasuhteet l\u00e4hemp\u00e4n\u00e4 todellisuutta kuin vanha Mercatorin projektio.<\/p>\n<p class=\"article-body mb-(--paragraph-margin-b) px-nof-16 sndp-summary-bullet-point-font\">Suomi n\u00e4ytt\u00e4\u00e4 uudella kartalla huomattavasti pienemm\u00e4lt\u00e4, koska Mercatorin projektio suurensi napa-alueiden l\u00e4hell\u00e4 sijaitsevia maita.<\/p>\n<p class=\"article-body mb-(--paragraph-margin-b) px-nof-16 sndp-summary-bullet-point-font\">Yhdysvallat \u00e4\u00e4nesti ainoana maana p\u00e4\u00e4t\u00f6slauselmaa vastaan.<\/p>\n<p class=\"article-body mb-(--paragraph-margin-b) px-nof-16\">Suomi n\u00e4ytt\u00e4\u00e4 huomattavasti pienemm\u00e4lt\u00e4 uudella maailmankartalla, joka hyv\u00e4ksyttiin perjantaina YK:n yleisistunnossa. Kartta\u00e4\u00e4nestyksen p\u00e4\u00e4m\u00e4\u00e4r\u00e4n\u00e4 on, ett\u00e4 maailmankartan mittasuhteet vastaisivat paremmin maiden todellisia mittasuhteita.<\/p>\n<p class=\"article-body mb-(--paragraph-margin-b) px-nof-16\">Pohjoisessa sijaitsevan Suomen koko muuttui selv\u00e4sti. My\u00f6s Ilta-Sanomien lukijat ovat huomanneet asian.<\/p>\n<p class=\"article-body mb-(--paragraph-margin-b) px-nof-16\">\u2013 Suomi on l\u00e4hes h\u00e4vinnyt kartalta, yksi kommentoi <a class=\"underline underline-offset-[0.12em] [text-decoration-thickness:var(--generic-link-underline-thickness)] [text-decoration-color:var(--generic-link-underline-color)] [text-decoration-skip-ink:var(--generic-link-underline-skip-ink)] break-words\" href=\"https:\/\/www.is.fi\/ulkomaat\/art-2000012254061.html\" rel=\"nofollow noopener\" target=\"_blank\">aiemmassa jutussa<\/a>.<\/p>\n<p class=\"article-body mb-(--paragraph-margin-b) px-nof-16\">\u2013 Suomi pieneni, melkein valahti kartalta ulos. Geopoliittinen merkitys v\u00e4heni? toinen pohtii kommentissaan.<\/p>\n<p class=\"article-body mb-(--paragraph-margin-b) px-nof-16\">\u2013 Suomi on j\u00e4lleen k\u00e4rp\u00e4sen paskan kokoinen l\u00e4ntti pohjoisessa, kolmas kirjoittaa Facebookissa.<\/p>\n<p class=\"article-body mb-(--paragraph-margin-b) px-nof-16\">Muutoksesta lohkaisi vitsin my\u00f6s liikemies <a class=\"font-bold underline-offset-[0.12em] [text-decoration:var(--person-link-text-decoration)] [text-decoration-color:var(--person-link-text-decoration-color)]!\" href=\"https:\/\/www.is.fi\/haku\/?query=Jari%20Sarasvuo\" rel=\"nofollow noopener\" target=\"_blank\">Jari Sarasvuo<\/a>.<\/p>\n<p class=\"article-body mb-(--paragraph-margin-b) px-nof-16\">\u2013 Suomi kutistui niin paljon, ett\u00e4 en aio en\u00e4\u00e4 lent\u00e4\u00e4 hiihtolomalla Lappiin, vaan menen s\u00e4hk\u00f6py\u00f6r\u00e4ll\u00e4, h\u00e4n kirjoitti viestipalvelu <a class=\"underline underline-offset-[0.12em] [text-decoration-thickness:var(--generic-link-underline-thickness)] [text-decoration-color:var(--generic-link-underline-color)] [text-decoration-skip-ink:var(--generic-link-underline-skip-ink)] break-words\" href=\"https:\/\/x.com\/SarasvuoJari\/status\/2096507019683303695\" rel=\"nofollow\">X:ss\u00e4<\/a>.<\/p>\n<p><img decoding=\"async\" src=\"https:\/\/www.europesays.com\/fi\/wp-content\/uploads\/2026\/09\/1788704356_761_468.jpg\" alt=\"Vanha kartta vasemmalla ja uusi oikealla. Uusi maailmankartta vastaa edellist\u00e4 paremmin maantieteellisten alueiden todellisia mittasuhteita. T\u00e4m\u00e4 saa p\u00e4iv\u00e4ntasaajan maat n\u00e4ytt\u00e4m\u00e4\u00e4n suuremmilta ja pohjoisen ja etel\u00e4n maat pienemmilt\u00e4.\" class=\"_Img_1rerz_1\" style=\"aspect-ratio:1920\/1080\" loading=\"eager\"\/><\/p>\n<p class=\"font-(family-name:--picture-caption-font-family) text-(length:--picture-caption-font-size) leading-(--picture-caption-leading) font-(--picture-caption-font-weight) text-(color:--picture-caption-color) picture-with-caption__caption picture-with-caption__caption--default-full\">Vanha kartta vasemmalla ja uusi oikealla. Uusi maailmankartta vastaa edellist\u00e4 paremmin maantieteellisten alueiden todellisia mittasuhteita. T\u00e4m\u00e4 saa p\u00e4iv\u00e4ntasaajan maat n\u00e4ytt\u00e4m\u00e4\u00e4n suuremmilta ja pohjoisen ja etel\u00e4n maat pienemmilt\u00e4. Kuva:\u00a0Strebe \/ Wikimedia Commons<\/p>\n<p class=\"article-body mb-(--paragraph-margin-b) px-nof-16\">Maapallo on pallo, mink\u00e4 vuoksi sen pintaa on mahdotonta esitt\u00e4\u00e4 tarkasti kaksiulotteisessa kartassa.<\/p>\n<p class=\"article-body mb-(--paragraph-margin-b) px-nof-16\">Uusi hyv\u00e4ksytty kartta perustuu vuonna 2018 kehitettyyn Equal Earth -projektioon, joka n\u00e4ytt\u00e4\u00e4 maapallon maiden mittasuhteet l\u00e4hemp\u00e4n\u00e4 todellisuutta.<\/p>\n<p class=\"article-body mb-(--paragraph-margin-b) px-nof-16\">Nykyinen 1500-luvulla kehitetty Mercatorin projektio esitt\u00e4\u00e4 napa-alueiden l\u00e4hell\u00e4 sijaitsevat alueet suhteettoman suurina.<\/p>\n<p class=\"article-body mb-(--paragraph-margin-b) px-nof-16\">Esimerkiksi Gr\u00f6nlanti n\u00e4ytt\u00e4\u00e4 Mercatorin projektiossa suunnilleen Afrikan kokoiselta, vaikka Afrikka on todellisuudessa noin 14 kertaa Gr\u00f6nlantia suurempi.<\/p>\n<p class=\"article-body mb-(--paragraph-margin-b) px-nof-16\">Mercatorin projektiota onkin pidetty ep\u00e4oikeudenmukaisena muun muassa Afrikan n\u00e4k\u00f6kulmasta. P\u00e4\u00e4t\u00f6slauselman laittoi vireille l\u00e4nsiafrikkalainen Togo.<\/p>\n<p class=\"article-body mb-(--paragraph-margin-b) px-nof-16\">Togon mukaan Mercatorin projektio on j\u00e4tt\u00e4nyt pysyvi\u00e4, muun muassa kulttuurisia ja sosioekonomisia vaikutuksia siihen, miten Afrikan koko ymm\u00e4rret\u00e4\u00e4n globaalisti.<\/p>\n<p class=\"article-body mb-(--paragraph-margin-b) px-nof-16\">YK ei velvoita maita k\u00e4ytt\u00e4m\u00e4\u00e4n ainoastaan Equal Earth -projektiota; maita ei ole kielletty k\u00e4ytt\u00e4m\u00e4st\u00e4 muita projektioita.<\/p>\n<p class=\"article-body mb-(--paragraph-margin-b) px-nof-16\">Brittimedia <a class=\"underline underline-offset-[0.12em] [text-decoration-thickness:var(--generic-link-underline-thickness)] [text-decoration-color:var(--generic-link-underline-color)] [text-decoration-skip-ink:var(--generic-link-underline-skip-ink)] break-words\" href=\"https:\/\/www.theguardian.com\/world\/2026\/sep\/04\/un-vote-world-map-mercator-equal-earth-africa\" rel=\"nofollow noopener\" target=\"_blank\">The Guardinin<\/a> mukaan muutos tulee kuitenkin todenn\u00e4k\u00f6isesti n\u00e4kym\u00e4\u00e4n esimerkiksi koulutuksessa ja teknologian k\u00e4yt\u00f6ss\u00e4. Togo esimerkiksi suunnittelee tapaamista Google Mapsin kanssa ensi vuoden alkuun.<\/p>\n<p class=\"article-body mb-(--paragraph-margin-b) px-nof-16\">YK hyv\u00e4ksyi p\u00e4\u00e4t\u00f6slauselman maailmankartan uudistamisesta \u00e4\u00e4nin 163\u20131 perjantaina. Ainut vastaan \u00e4\u00e4nest\u00e4nyt oli Yhdysvallat. Kuusi maata j\u00e4tti \u00e4\u00e4nest\u00e4m\u00e4tt\u00e4.<\/p>\n<p class=\"article-body mb-(--paragraph-margin-b) px-nof-16\">Yhdysvaltojen mukaan ehdotus on \u201dideologista agendaa\u201d ja \u201dh\u00e4iri\u00f6tekij\u00e4 oikeille ongelmille\u201d.<\/p>\n<p class=\"article-body mb-(--paragraph-margin-b) px-nof-16\">Yhdysvaltojen presidentti <a class=\"font-bold underline-offset-[0.12em] [text-decoration:var(--person-link-text-decoration)] [text-decoration-color:var(--person-link-text-decoration-color)]!\" href=\"https:\/\/www.is.fi\/haku\/?query=Donald%20Trump\" rel=\"nofollow noopener\" target=\"_blank\">Donald Trump<\/a> on kuitenkin aiemmin puuttunut muihin maantieteellisiin kysymyksiin.<\/p>\n<p class=\"article-body mb-(--paragraph-margin-b) px-nof-16\">Trump ehdotti syyskuun alussa, ett\u00e4 Hormuzinsalmi tulisi nimet\u00e4 \u201dTrumpinsalmeksi\u201d.<\/p>\n<p class=\"article-body mb-(--paragraph-margin-b) px-nof-16\">Elokuussa Trump allekirjoitti m\u00e4\u00e4r\u00e4yksen, jonka mukaan Yhdysvaltojen ja Kanadan rajalla sijaitseva Ontarioj\u00e4rvi nimettiin \u201dAmerikanj\u00e4rveksi\u201d.<\/p>\n<p class=\"article-body mb-(--paragraph-margin-b) px-nof-16\">Vuoden 2025 tammikuussa Trump puolestaan m\u00e4\u00e4r\u00e4si, ett\u00e4 Meksikonlahdesta tulee \u201dAmerikanlahti\u201d.<\/p>\n","protected":false},"excerpt":{"rendered":"Pienentynyt koko kartalla her\u00e4tti IS:n lukijoiden huomion. Suomi n\u00e4ytt\u00e4\u00e4 uudella kartalla huomattavasti pienemm\u00e4lt\u00e4. Lue tiivistelm\u00e4 YK hyv\u00e4ksyi perjantaina&hellip;\n","protected":false},"author":2,"featured_media":342928,"comment_status":"","ping_status":"","sticky":false,"template":"","format":"standard","meta":{"footnotes":"","_share_on_mastodon":"0"},"categories":[5],"tags":[22,23,26,27,33,31,30,17,34,24,25,28,29,15,18,21,32,19,20,16],"class_list":["post-342927","post","type-post","status-publish","format-standard","has-post-thumbnail","category-otsikot","tag-breaking-news","tag-breakingnews","tag-featured-news","tag-featurednews","tag-fi","tag-finland","tag-finnish","tag-headlines","tag-ilta-sanomat","tag-latest-news","tag-latestnews","tag-main-news","tag-mainnews","tag-news","tag-otsikot","tag-paauutiset","tag-suomi","tag-top-stories","tag-topstories","tag-uutiset"],"share_on_mastodon":{"url":"https:\/\/pubeurope.com\/@fi\/117224536229471955","error":""},"_links":{"self":[{"href":"https:\/\/www.europesays.com\/fi\/wp-json\/wp\/v2\/posts\/342927","targetHints":{"allow":["GET"]}}],"collection":[{"href":"https:\/\/www.europesays.com\/fi\/wp-json\/wp\/v2\/posts"}],"about":[{"href":"https:\/\/www.europesays.com\/fi\/wp-json\/wp\/v2\/types\/post"}],"author":[{"embeddable":true,"href":"https:\/\/www.europesays.com\/fi\/wp-json\/wp\/v2\/users\/2"}],"replies":[{"embeddable":true,"href":"https:\/\/www.europesays.com\/fi\/wp-json\/wp\/v2\/comments?post=342927"}],"version-history":[{"count":0,"href":"https:\/\/www.europesays.com\/fi\/wp-json\/wp\/v2\/posts\/342927\/revisions"}],"wp:featuredmedia":[{"embeddable":true,"href":"https:\/\/www.europesays.com\/fi\/wp-json\/wp\/v2\/media\/342928"}],"wp:attachment":[{"href":"https:\/\/www.europesays.com\/fi\/wp-json\/wp\/v2\/media?parent=342927"}],"wp:term":[{"taxonomy":"category","embeddable":true,"href":"https:\/\/www.europesays.com\/fi\/wp-json\/wp\/v2\/categories?post=342927"},{"taxonomy":"post_tag","embeddable":true,"href":"https:\/\/www.europesays.com\/fi\/wp-json\/wp\/v2\/tags?post=342927"}],"curies":[{"name":"wp","href":"https:\/\/api.w.org\/{rel}","templated":true}]}}