{"id":342929,"date":"2026-09-06T14:20:16","date_gmt":"2026-09-06T14:20:16","guid":{"rendered":"https:\/\/www.europesays.com\/fi\/342929\/"},"modified":"2026-09-06T14:20:16","modified_gmt":"2026-09-06T14:20:16","slug":"luonto-perhoskuvaaja-elokuu-hurahti-taulukon-aukkoja-tayttaessa-paikalliset","status":"publish","type":"post","link":"https:\/\/www.europesays.com\/fi\/342929\/","title":{"rendered":"Luonto | Perhoskuvaaja elokuu hurahti taulukon aukkoja t\u00e4ytt\u00e4ess\u00e4 | Paikalliset"},"content":{"rendered":"<p>Perhostaulukosta paljastui sitke\u00e4 aukko: ruostepapurikon koiras puuttui kuvakokoelmasta. Retki Ahvenanmaalle korjasi tilanteen.<\/p>\n<p>Olen kuvannut perhosia jo vuosikymmeni\u00e4. Kun taannoin ty\u00f6n alle p\u00e4\u00e4tyi p\u00e4iv\u00e4perhosten m\u00e4\u00e4ritysopas, laadin er\u00e4\u00e4nlaisen taulukon ottamistani kuvista. Siin\u00e4 on sarakkeet lajinumerolle, kuville perhosen yl\u00e4- ja alapuolesta sukupuolen mukaan, lentokuvalle, biotoopille, eri kehitysasteille ja erityishuomioille vaikkapa kuvausmaasta.<\/p>\n","protected":false},"excerpt":{"rendered":"Perhostaulukosta paljastui sitke\u00e4 aukko: ruostepapurikon koiras puuttui kuvakokoelmasta. Retki Ahvenanmaalle korjasi tilanteen. Olen kuvannut perhosia jo vuosikymmeni\u00e4. Kun&hellip;\n","protected":false},"author":2,"featured_media":342930,"comment_status":"","ping_status":"","sticky":false,"template":"","format":"standard","meta":{"footnotes":"","_share_on_mastodon":"0"},"categories":[117],"tags":[33,31,30,72,2147,476,118,32,119,477,534],"class_list":["post-342929","post","type-post","status-publish","format-standard","has-post-thumbnail","category-luonto","tag-fi","tag-finland","tag-finnish","tag-luonto","tag-luontoharrastukset","tag-nature","tag-science","tag-suomi","tag-tiede","tag-wildlife","tag-ymparisto-ja-luonto"],"share_on_mastodon":{"url":"https:\/\/pubeurope.com\/@fi\/117224539594792166","error":""},"_links":{"self":[{"href":"https:\/\/www.europesays.com\/fi\/wp-json\/wp\/v2\/posts\/342929","targetHints":{"allow":["GET"]}}],"collection":[{"href":"https:\/\/www.europesays.com\/fi\/wp-json\/wp\/v2\/posts"}],"about":[{"href":"https:\/\/www.europesays.com\/fi\/wp-json\/wp\/v2\/types\/post"}],"author":[{"embeddable":true,"href":"https:\/\/www.europesays.com\/fi\/wp-json\/wp\/v2\/users\/2"}],"replies":[{"embeddable":true,"href":"https:\/\/www.europesays.com\/fi\/wp-json\/wp\/v2\/comments?post=342929"}],"version-history":[{"count":0,"href":"https:\/\/www.europesays.com\/fi\/wp-json\/wp\/v2\/posts\/342929\/revisions"}],"wp:featuredmedia":[{"embeddable":true,"href":"https:\/\/www.europesays.com\/fi\/wp-json\/wp\/v2\/media\/342930"}],"wp:attachment":[{"href":"https:\/\/www.europesays.com\/fi\/wp-json\/wp\/v2\/media?parent=342929"}],"wp:term":[{"taxonomy":"category","embeddable":true,"href":"https:\/\/www.europesays.com\/fi\/wp-json\/wp\/v2\/categories?post=342929"},{"taxonomy":"post_tag","embeddable":true,"href":"https:\/\/www.europesays.com\/fi\/wp-json\/wp\/v2\/tags?post=342929"}],"curies":[{"name":"wp","href":"https:\/\/api.w.org\/{rel}","templated":true}]}}