{"id":342939,"date":"2026-09-06T14:43:11","date_gmt":"2026-09-06T14:43:11","guid":{"rendered":"https:\/\/www.europesays.com\/fi\/342939\/"},"modified":"2026-09-06T14:43:11","modified_gmt":"2026-09-06T14:43:11","slug":"uusi-maailmankartta-sai-huutia-ukrainalta-hapeallista-uutissuomalainen-2","status":"publish","type":"post","link":"https:\/\/www.europesays.com\/fi\/342939\/","title":{"rendered":"Uusi maailmankartta sai huutia Ukrainalta: &#8221;H\u00e4pe\u00e4llist\u00e4&#8221; | Uutissuomalainen"},"content":{"rendered":"<p>YK hyv\u00e4ksyi Suomen aikaa perjantai-iltana p\u00e4\u00e4t\u00f6slauselman, jonka my\u00f6t\u00e4 maailmankartta muuttuu. Perinteisest\u00e4 Mercatorin projektiosta siirryt\u00e4\u00e4n Equal Earth -projektioon, jossa esimerkiksi Afrikka n\u00e4ytt\u00e4\u00e4 suuremmalta ja Pohjois-Amerikka pienemm\u00e4lt\u00e4 kuin aiemmin. Jatkossa YK suosittaa j\u00e4senmailleen Equal Earth -projektion k\u00e4ytt\u00f6\u00e4.<\/p>\n<p>\t\t\t\t\t<img class=\"diks-card__image\" src=\"https:\/\/www.europesays.com\/fi\/wp-content\/uploads\/2026\/09\/1788705791_914_11657811.jpg\"   loading=\"lazy\" decoding=\"sync\" alt=\"\"\/><\/p>\n<p>P\u00e4\u00e4t\u00f6slauselma hyv\u00e4ksyttiin \u00e4\u00e4nin 164\u20131. Lis\u00e4ksi kuusi maata j\u00e4tti \u00e4\u00e4nest\u00e4m\u00e4tt\u00e4: Viro, Georgia, Liettua, Moldova, Serbia ja Ukraina.<\/p>\n<p>Ukraina ei vastustanut periaatteellisella tasolla p\u00e4\u00e4t\u00f6slauselmaa. Maan edustaja kuitenkin antoi huutia yhdest\u00e4 yksityiskohdasta Equal Earth -kartasta jaetuissa versioissa: Ven\u00e4j\u00e4n miehitt\u00e4m\u00e4 Krimin niemimaa n\u00e4ytt\u00e4ytyi kartassa eri pohjav\u00e4rill\u00e4 kuin muu Ukraina.<\/p>\n<p>Krim on kartassa v\u00e4ritetty harmaalla, kun Ukraina on turkoosilla. Ukrainan mielest\u00e4 v\u00e4ritys j\u00e4tt\u00e4\u00e4 kuvan, ett\u00e4 Krim olisi erillinen Ukrainasta.<\/p>\n<p>Ukrainan edustaja <a href=\"https:\/\/press.un.org\/en\/2026\/ga12779.doc.htm\" rel=\"nofollow noopener\" target=\"_blank\">ilmaisi<\/a> virallisesti vastustavansa sit\u00e4, ett\u00e4 kartta esitt\u00e4\u00e4 osia Ukrainan alueesta &#8221;tavalla, jota on mahdoton hyv\u00e4ksy\u00e4&#8221;. Lis\u00e4ksi edustaja sanoi, ett\u00e4 v\u00e4ritys ei ole linjassa sen kanssa, ettei YK ole tunnustanut Krimi\u00e4 Ven\u00e4j\u00e4n alueeksi.<\/p>\n<p>\u2013\u2009Vuonna 2026 YK:ta ei pit\u00e4isi joutua muistuttamaan, ett\u00e4 Krim on Ukrainaa. H\u00e4pe\u00e4llist\u00e4, sanoo ukrainalainen kansanedustaja <strong>Kira Rudik<\/strong> X:ss\u00e4.<\/p>\n<blockquote class=\"twitter-tweet\">\n<p lang=\"en\" dir=\"ltr\">Ukraine could not support the UN resolution on a new world map because it depicts occupied Crimea in a way that separates it from Ukraine.<\/p>\n<p>In 2026, the UN should not need a reminder: Crimea is Ukraine.<\/p>\n<p>Shame. <a href=\"https:\/\/t.co\/wcFMKGVnse\" rel=\"nofollow\">pic.twitter.com\/wcFMKGVnse<\/a><\/p>\n<p>\u2014 Kira Rudik (@kiraincongress) <a href=\"https:\/\/x.com\/kiraincongress\/status\/2096302089635033397?ref_src=twsrc%5Etfw\" rel=\"nofollow\">September 5, 2026<\/a><\/p><\/blockquote>\n<p>Ven\u00e4j\u00e4 on kartassa haalean keltainen.<\/p>\n<p>Ainoa p\u00e4\u00e4t\u00f6slauselmaa vastaan \u00e4\u00e4nest\u00e4nyt maa oli Yhdysvallat, jonka edustajan mielest\u00e4 lauselma &#8221;ajaa radikaalia ideologista agendaa&#8221;.<\/p>\n<p>\t\t\t\t\t\t\t\t\t<script async src=\"https:\/\/platform.twitter.com\/widgets.js\" charset=\"utf-8\"><\/script><\/p>\n","protected":false},"excerpt":{"rendered":"YK hyv\u00e4ksyi Suomen aikaa perjantai-iltana p\u00e4\u00e4t\u00f6slauselman, jonka my\u00f6t\u00e4 maailmankartta muuttuu. Perinteisest\u00e4 Mercatorin projektiosta siirryt\u00e4\u00e4n Equal Earth -projektioon, jossa&hellip;\n","protected":false},"author":2,"featured_media":342940,"comment_status":"","ping_status":"","sticky":false,"template":"","format":"standard","meta":{"footnotes":"","_share_on_mastodon":"0"},"categories":[14],"tags":[22,23,26,27,33,31,30,17,70,2593,24,25,28,29,2582,15,18,21,5123,637,32,19,20,21377,56,4385,16,59,60,61],"class_list":["post-342939","post","type-post","status-publish","format-standard","has-post-thumbnail","category-ulkomaat","tag-breaking-news","tag-breakingnews","tag-featured-news","tag-featurednews","tag-fi","tag-finland","tag-finnish","tag-headlines","tag-kansainvalinen-politiikka","tag-krim","tag-latest-news","tag-latestnews","tag-main-news","tag-mainnews","tag-moldova","tag-news","tag-otsikot","tag-paauutiset","tag-pohjois-amerikka","tag-politiikka","tag-suomi","tag-top-stories","tag-topstories","tag-ukrainan-kriisi","tag-ulkomaat","tag-ulkopolitiikka-ja-kansainvalinen-politiikka","tag-uutiset","tag-world","tag-world-news","tag-worldnews"],"share_on_mastodon":{"url":"https:\/\/pubeurope.com\/@fi\/117224630819799142","error":""},"_links":{"self":[{"href":"https:\/\/www.europesays.com\/fi\/wp-json\/wp\/v2\/posts\/342939","targetHints":{"allow":["GET"]}}],"collection":[{"href":"https:\/\/www.europesays.com\/fi\/wp-json\/wp\/v2\/posts"}],"about":[{"href":"https:\/\/www.europesays.com\/fi\/wp-json\/wp\/v2\/types\/post"}],"author":[{"embeddable":true,"href":"https:\/\/www.europesays.com\/fi\/wp-json\/wp\/v2\/users\/2"}],"replies":[{"embeddable":true,"href":"https:\/\/www.europesays.com\/fi\/wp-json\/wp\/v2\/comments?post=342939"}],"version-history":[{"count":0,"href":"https:\/\/www.europesays.com\/fi\/wp-json\/wp\/v2\/posts\/342939\/revisions"}],"wp:featuredmedia":[{"embeddable":true,"href":"https:\/\/www.europesays.com\/fi\/wp-json\/wp\/v2\/media\/342940"}],"wp:attachment":[{"href":"https:\/\/www.europesays.com\/fi\/wp-json\/wp\/v2\/media?parent=342939"}],"wp:term":[{"taxonomy":"category","embeddable":true,"href":"https:\/\/www.europesays.com\/fi\/wp-json\/wp\/v2\/categories?post=342939"},{"taxonomy":"post_tag","embeddable":true,"href":"https:\/\/www.europesays.com\/fi\/wp-json\/wp\/v2\/tags?post=342939"}],"curies":[{"name":"wp","href":"https:\/\/api.w.org\/{rel}","templated":true}]}}