{"id":342945,"date":"2026-09-06T14:55:24","date_gmt":"2026-09-06T14:55:24","guid":{"rendered":"https:\/\/www.europesays.com\/fi\/342945\/"},"modified":"2026-09-06T14:55:24","modified_gmt":"2026-09-06T14:55:24","slug":"kaksi-valokuitukaapelia-on-toiminut-virheellisesti-mika-vaikuttaa-vietnamin-kansainvalisiin-internet-yhteyksiin","status":"publish","type":"post","link":"https:\/\/www.europesays.com\/fi\/342945\/","title":{"rendered":"Kaksi valokuitukaapelia on toiminut virheellisesti, mik\u00e4 vaikuttaa Vietnamin kansainv\u00e4lisiin internet-yhteyksiin."},"content":{"rendered":"<p>Vietnamilaisen internet-palveluntarjoajan tietojen mukaan SJC2-kuitukaapelissa oli toimintah\u00e4iri\u00f6 osuudella S4 Chung Hom Hokissa (Hongkong), ja AAE-1-kaapelin yhteys katkesi ongelman vuoksi osuudella S1.H2 l\u00e4hell\u00e4 <a class=\"data-link\" data-org-href=\"https:\/\/www.vietnam.vn\/fi\/tag\/thai-lan\" href=\"https:\/\/www.vietnam.vn\/fi\/tag\/thai-lan\" title=\"Thaimaa\" target=\"_blank\" rel=\"nofollow noopener\">Thaimaan<\/a> etel\u00e4rannikkoa.<\/p>\n<p> SJC2- ja AAE-1-kaapelilinjojen operaattorit eiv\u00e4t ole viel\u00e4 ilmoittaneet onnettomuuden syyt\u00e4, eik\u00e4 ole selv\u00e4\u00e4, milloin ongelma korjataan. <\/p>\n<p><img decoding=\"async\" style=\"cursor:pointer\" title=\"Kaksi valokuitukaapelia toimintah\u00e4iri\u00f6ss\u00e4, mik\u00e4 vaikuttaa Vietnamin kansainv\u00e4lisiin internetyhteyksiin - 1\" alt=\"Hai tuy\u1ebfn c\u00e1p quang b\u1ecb s\u1ef1 c\u1ed1, Internet Vi\u1ec7t Nam \u0111i qu\u1ed1c t\u1ebf b\u1ecb \u1ea3nh h\u01b0\u1edfng - 1\" data-width=\"1920\" data-height=\"1280\" data-original=\"https:\/\/cdnphoto.dantri.com.vn\/cOH0O0B60ZLzLsf2dF3ctkSj2KM=\/2025\/10\/20\/su-co-cap-quang-cropped-1760950040534.jpg\" data-photo-id=\"3709939\" data-custom-alt=\"true\" data-track-content=\"\" data-content-name=\"article-content-image\" data-content-piece=\"article-content-image_3709939\" data-content-target=\"\/cong-nghe\/hai-tuyen-cap-quang-bi-su-co-internet-viet-nam-di-quoc-te-bi-anh-huong-20260826195435354.htm\" src=\"https:\/\/www.europesays.com\/fi\/wp-content\/uploads\/2026\/09\/su-co-cap-quang-cropped-1760950040534.jpg\" \/><\/p>\n<p> Vietnamin kansainv\u00e4liseen verkkoon yhdist\u00e4v\u00e4t valokuitukaapelit ovat vaurioituneet, mik\u00e4 vaikuttaa internetin nopeuteen (havainnollistava kuva: PT).<\/p>\n<p> T\u00e4m\u00e4 on ensimm\u00e4inen kerta, kun SJC2-kuitukaapelissa on kirjattu vakava vaaratilanne. Samaan aikaan t\u00e4m\u00e4 on toinen kerta vuonna 2026, kun AAE-1-kuitukaapelissa on ollut ongelma. Edellinen vaaratilanne sattui helmikuun lopussa 2026, jolloin ongelma ilmeni Thaimaan segmentiss\u00e4 ja v\u00e4hensi kansainv\u00e4list\u00e4 internetliikennett\u00e4 Vietnamista 8\u201310 prosenttia.<\/p>\n<p> Tapahtuman j\u00e4lkeen Vietnamin internet-palveluntarjoajat ohjasivat kansainv\u00e4lisen internet-liikenteen vaihtoehtoisten valokuitukaapeleiden kautta vaikutusten minimoimiseksi, jolloin k\u00e4ytt\u00e4j\u00e4t pystyiv\u00e4t jatkamaan internetin k\u00e4ytt\u00f6\u00e4 normaalisti.<\/p>\n<p> AAE-1 on 820 miljoonan dollarin merenalainen valokuitukaapeliprojekti, johon on investoinut 19 kumppania <a class=\"data-link\" data-org-href=\"https:\/\/www.vietnam.vn\/fi\/category\/the-gioi\" href=\"https:\/\/www.vietnam.vn\/fi\/category\/the-gioi\" title=\"maailman-\" target=\"_blank\" rel=\"nofollow noopener\">maailmanlaajuisesti<\/a> , mukaan lukien vietnamilaiset verkko-operaattorit. T\u00e4m\u00e4 merenalainen valokuitukaapeli otettiin k\u00e4ytt\u00f6\u00f6n hein\u00e4kuussa 2017.<\/p>\n<p> AAE-1-kuituoptinen kaapeli on 23 000 km pitk\u00e4 ja yhdist\u00e4\u00e4 Aasian Eurooppaan ja Afrikkaan. AAE-1:ll\u00e4 on lukuisia haaroja ja laskeutumispisteit\u00e4 Hongkongissa (Kiina), Vietnamissa, Kambod\u017eassa, Thaimaassa, Malesiassa, <a class=\"data-link\" data-org-href=\"https:\/\/www.vietnam.vn\/fi\/tag\/singapore\" href=\"https:\/\/www.vietnam.vn\/fi\/tag\/singapore\" title=\"Singapore\" target=\"_blank\" rel=\"nofollow noopener\">Singaporessa<\/a> , Myanmarissa, Pakistanissa, Intiassa, Omanissa, Arabiemiirikunnissa, Qatarissa, Jemeniss\u00e4, Saudi-Arabiassa, Djiboutissa, Egyptiss\u00e4, Kreikassa, Italiassa ja Ranskassa.<\/p>\n<p> Samaan aikaan SJC2 otetaan virallisesti k\u00e4ytt\u00f6\u00f6n vasta hein\u00e4kuussa 2025. T\u00e4h\u00e4n valokuitukaapeliin on investoitu 439 miljoonaa dollaria, ja sen pituus on noin 10 500 kilometri\u00e4. Se yhdist\u00e4\u00e4 Singaporen, Hongkongin (Kiina) ja <a class=\"data-link\" data-org-href=\"https:\/\/www.vietnam.vn\/fi\/tag\/nhat-ban\" href=\"https:\/\/www.vietnam.vn\/fi\/tag\/nhat-ban\" title=\"Japani\" target=\"_blank\" rel=\"nofollow noopener\">Japanin<\/a> . Kaapeli rantautuu monissa kohdissa, mukaan lukien Binh Dinh (Vietnam).<\/p>\n<p> Itse asiassa Vietnamin kansainv\u00e4liseen verkkoon yhdist\u00e4vien merenalaisten valokuitukaapeleiden toimintah\u00e4iri\u00f6t ovat yleistyneet, ja niit\u00e4 esiintyy ainakin muutaman kerran vuodessa aiheuttaen huomattavaa haittaa ja h\u00e4iri\u00f6it\u00e4 kotimaisille internetin k\u00e4ytt\u00e4jille.<\/p>\n<p> Tilanne huipentui helmikuun lopulla 2023, kun kaikissa viidess\u00e4 Vietnamin kansainv\u00e4liseen verkkoon yhdist\u00e4v\u00e4ss\u00e4 merenalaisessa valokuitukaapelissa ilmeni samanaikaisesti toimintah\u00e4iri\u00f6it\u00e4, jotka vaikuttivat vakavasti internet-palvelujen laatuun Vietnamissa.<\/p>\n<p> Merenalaisten valokuitukaapeleiden vikojen syyt ovat melko moninaiset, mutta p\u00e4\u00e4asiassa ne johtuvat siit\u00e4, ett\u00e4 kaapeli sijaitsee alueilla, joilla on paljon ankkuroituja aluksia tai alukset liikkuvat ilman, ett\u00e4 niiden ankkureita on nostettu yl\u00f6s. T\u00e4m\u00e4n seurauksena ankkurit tarttuvat vahingossa valokuitukaapeliin ja aiheuttavat sen katkeamisen.<\/p>\n<p> Joskus my\u00f6s virransy\u00f6tt\u00f6\u00f6n tai k\u00e4ytt\u00f6yksik\u00f6n huoltoon liittyv\u00e4t valokuitukaapelin viat voivat vaikuttaa valokuitukaapelin siirtokapasiteettiin. T\u00e4llaiset ongelmat voidaan kuitenkin ratkaista nopeasti ja helposti.<\/p>\n<p> Vietnamilaiset verkko-operaattorit etsiv\u00e4t ratkaisuja maalla sijaitsevien valokuitukaapeleiden k\u00e4yt\u00f6n uudelleenohjaamiseksi, jotta merenalaisten valokuitukaapeleiden h\u00e4iri\u00f6t eiv\u00e4t vaikuttaisi niihin. Todellisuudessa maailmanlaajuinen internet-liikenne ja mannertenv\u00e4liset yhteydet ovat kuitenkin edelleen pitk\u00e4lti riippuvaisia \u200b\u200bmerenalaisista valokuitukaapeleista.<\/p>\n<p> T\u00e4ll\u00e4 hetkell\u00e4 Vietnamin kansainv\u00e4liseen verkkoon yhdist\u00e4\u00e4 kahdeksan merenalaista valokuitukaapelia, mukaan lukien AAG (Aasia &#8211; Amerikka); APG (Aasia &#8211; Tyynenmeren alue); SMW-3 (Kaakkois-Aasia &#8211; L\u00e4hi-it\u00e4 &#8211; L\u00e4nsi-Eurooppa); IA (Trans-Aasia), AAE-1 (Aasia &#8211; Afrikka &#8211; Eurooppa); TVH, joka yhdist\u00e4\u00e4 Hongkongin (Kiina) Thaimaahan ja Vietnamiin; SJC2 (Kaakkois-Aasia-Japani-kaapeli 2) ja ADC (Asia Direct Cable), jotka yhdist\u00e4v\u00e4t Vietnamin, Kiinan, Hongkongin (Kiina), Thaimaan, <a class=\"data-link\" data-org-href=\"https:\/\/www.vietnam.vn\/fi\/tag\/philippines\" href=\"https:\/\/www.vietnam.vn\/fi\/tag\/philippines\" title=\"Filippiinit\" target=\"_blank\" rel=\"nofollow noopener\">Filippiinit<\/a> , Singaporen ja Japanin.<\/p>\n<p class=\"mb-0\"> L\u00e4hde: https:\/\/dantri.com.vn\/cong-nghe\/hai-tuyen-cap-quang-bi-su-co-internet-viet-nam-di-quoc-te-bi-anh-huong-20260826195435354.htm<\/p>\n","protected":false},"excerpt":{"rendered":"Vietnamilaisen internet-palveluntarjoajan tietojen mukaan SJC2-kuitukaapelissa oli toimintah\u00e4iri\u00f6 osuudella S4 Chung Hom Hokissa (Hongkong), ja AAE-1-kaapelin yhteys katkesi ongelman&hellip;\n","protected":false},"author":2,"featured_media":342946,"comment_status":"","ping_status":"","sticky":false,"template":"","format":"standard","meta":{"footnotes":"","_share_on_mastodon":"0"},"categories":[87],"tags":[33,31,30,148,36562,18492,32,91,92,36354],"class_list":["post-342945","post","type-post","status-publish","format-standard","has-post-thumbnail","category-internet","tag-fi","tag-finland","tag-finnish","tag-internet","tag-merenalainen-valokuitukaapeli","tag-ongelma","tag-suomi","tag-technology","tag-teknologia","tag-valokaapeli"],"share_on_mastodon":{"url":"https:\/\/pubeurope.com\/@fi\/117224677733422727","error":""},"_links":{"self":[{"href":"https:\/\/www.europesays.com\/fi\/wp-json\/wp\/v2\/posts\/342945","targetHints":{"allow":["GET"]}}],"collection":[{"href":"https:\/\/www.europesays.com\/fi\/wp-json\/wp\/v2\/posts"}],"about":[{"href":"https:\/\/www.europesays.com\/fi\/wp-json\/wp\/v2\/types\/post"}],"author":[{"embeddable":true,"href":"https:\/\/www.europesays.com\/fi\/wp-json\/wp\/v2\/users\/2"}],"replies":[{"embeddable":true,"href":"https:\/\/www.europesays.com\/fi\/wp-json\/wp\/v2\/comments?post=342945"}],"version-history":[{"count":0,"href":"https:\/\/www.europesays.com\/fi\/wp-json\/wp\/v2\/posts\/342945\/revisions"}],"wp:featuredmedia":[{"embeddable":true,"href":"https:\/\/www.europesays.com\/fi\/wp-json\/wp\/v2\/media\/342946"}],"wp:attachment":[{"href":"https:\/\/www.europesays.com\/fi\/wp-json\/wp\/v2\/media?parent=342945"}],"wp:term":[{"taxonomy":"category","embeddable":true,"href":"https:\/\/www.europesays.com\/fi\/wp-json\/wp\/v2\/categories?post=342945"},{"taxonomy":"post_tag","embeddable":true,"href":"https:\/\/www.europesays.com\/fi\/wp-json\/wp\/v2\/tags?post=342945"}],"curies":[{"name":"wp","href":"https:\/\/api.w.org\/{rel}","templated":true}]}}