{"id":342979,"date":"2026-09-06T16:02:14","date_gmt":"2026-09-06T16:02:14","guid":{"rendered":"https:\/\/www.europesays.com\/fi\/342979\/"},"modified":"2026-09-06T16:02:14","modified_gmt":"2026-09-06T16:02:14","slug":"trumpin-poika-tallinnassa-syysta-vaietaan","status":"publish","type":"post","link":"https:\/\/www.europesays.com\/fi\/342979\/","title":{"rendered":"Trumpin poika Tallinnassa \u2013 Syyst\u00e4 vaietaan"},"content":{"rendered":"<p>Vierailun syy ei ole toistaiseksi tiedossa.<\/p>\n<p><img decoding=\"async\" class=\"image image-show image-preview\" src=\"https:\/\/www.europesays.com\/fi\/wp-content\/uploads\/2026\/09\/356ad35025ea544f2b794874bc2402fef8f99c7b52b359356127d2bc067ad881.jpg\" alt=\"\"\/><img decoding=\"async\" class=\"image image-show\" src=\"https:\/\/www.europesays.com\/fi\/wp-content\/uploads\/2026\/09\/1788710534_268_356ad35025ea544f2b794874bc2402fef8f99c7b52b359356127d2bc067ad881.jpg\" alt=\"\"\/><\/p>\n<p>Donald Trump Jr kuvattiin kes\u00e4kuussa Monacon F1-osakilpailussa. AOP<\/p>\n<p class=\"paragraph\">Yhdysvaltain presidentti <a href=\"https:\/\/www.iltalehti.fi\/henkilot\/Donald Trump\" class=\"article-link-person-page\" rel=\"nofollow noopener\" target=\"_blank\">Donald Trumpin<\/a> poika, liikemies <a href=\"https:\/\/www.iltalehti.fi\/henkilot\/Donald Trump, Jr.\" class=\"article-link-person-page\" rel=\"nofollow noopener\" target=\"_blank\">Donald Trump Jr<\/a> on vierailulla Tallinnassa.<\/p>\n<p class=\"paragraph\">H\u00e4nen vierailunsa tarkoituksesta tai ohjelmasta ei ole toistaiseksi kerrottu julkisuuteen.<\/p>\n<p class=\"paragraph\">Virolaismedia Delfin <a href=\"https:\/\/www.delfi.ee\/artikkel\/120608689\/fotod-donald-trump-juunior-asus-tallinnas-hotellist-liikvele-visiidi-detaile-varjatakse-endiselt\" rel=\"noopener nofollow\" target=\"_blank\">mukaan<\/a> Trump Jr majoittui Radisson Collection -hotelliin. H\u00e4nen seurueensa kerrotaan v\u00e4ltelleen tiedotusv\u00e4lineiden huomiota.<\/p>\n<p class=\"paragraph\">Trump Jr. saapui Viroon lauantaina yksityiskoneella Mongoliasta. Virolaismedian mukaan kone kuului Qatar Executive -yhti\u00f6lle. Vierailun kesto ja mahdolliset tapaamiset ovat my\u00f6s ep\u00e4selvi\u00e4.<\/p>\n<p class=\"paragraph\">Viron viranomaiset tai Trump Jr:n edustajat eiv\u00e4t ole kertoneet, liittyyk\u00f6 matka liiketoimintaan, politiikkaan vai onko kyseess\u00e4 yksityinen vierailu. Trump Jr. on mukana Trump Organization -kiinteist\u00f6yhti\u00f6n liiketoiminnassa ja esiintyy usein my\u00f6s is\u00e4ns\u00e4 poliittisena tukijana.<\/p>\n","protected":false},"excerpt":{"rendered":"Vierailun syy ei ole toistaiseksi tiedossa. Donald Trump Jr kuvattiin kes\u00e4kuussa Monacon F1-osakilpailussa. AOP Yhdysvaltain presidentti Donald Trumpin&hellip;\n","protected":false},"author":2,"featured_media":342980,"comment_status":"","ping_status":"","sticky":false,"template":"","format":"standard","meta":{"footnotes":"","_share_on_mastodon":"0"},"categories":[14],"tags":[35,22,23,26,27,33,31,30,17,24,25,28,29,15,18,21,142,637,144,32,19,20,56,16,638,59,60,61,143],"class_list":["post-342979","post","type-post","status-publish","format-standard","has-post-thumbnail","category-ulkomaat","tag-24h","tag-breaking-news","tag-breakingnews","tag-featured-news","tag-featurednews","tag-fi","tag-finland","tag-finnish","tag-headlines","tag-latest-news","tag-latestnews","tag-main-news","tag-mainnews","tag-news","tag-otsikot","tag-paauutiset","tag-poliitikot","tag-politiikka","tag-presidentti","tag-suomi","tag-top-stories","tag-topstories","tag-ulkomaat","tag-uutiset","tag-valtiovalta","tag-world","tag-world-news","tag-worldnews","tag-yhdysvaltain-politiikka"],"share_on_mastodon":{"url":"https:\/\/pubeurope.com\/@fi\/117224941203265405","error":""},"_links":{"self":[{"href":"https:\/\/www.europesays.com\/fi\/wp-json\/wp\/v2\/posts\/342979","targetHints":{"allow":["GET"]}}],"collection":[{"href":"https:\/\/www.europesays.com\/fi\/wp-json\/wp\/v2\/posts"}],"about":[{"href":"https:\/\/www.europesays.com\/fi\/wp-json\/wp\/v2\/types\/post"}],"author":[{"embeddable":true,"href":"https:\/\/www.europesays.com\/fi\/wp-json\/wp\/v2\/users\/2"}],"replies":[{"embeddable":true,"href":"https:\/\/www.europesays.com\/fi\/wp-json\/wp\/v2\/comments?post=342979"}],"version-history":[{"count":0,"href":"https:\/\/www.europesays.com\/fi\/wp-json\/wp\/v2\/posts\/342979\/revisions"}],"wp:featuredmedia":[{"embeddable":true,"href":"https:\/\/www.europesays.com\/fi\/wp-json\/wp\/v2\/media\/342980"}],"wp:attachment":[{"href":"https:\/\/www.europesays.com\/fi\/wp-json\/wp\/v2\/media?parent=342979"}],"wp:term":[{"taxonomy":"category","embeddable":true,"href":"https:\/\/www.europesays.com\/fi\/wp-json\/wp\/v2\/categories?post=342979"},{"taxonomy":"post_tag","embeddable":true,"href":"https:\/\/www.europesays.com\/fi\/wp-json\/wp\/v2\/tags?post=342979"}],"curies":[{"name":"wp","href":"https:\/\/api.w.org\/{rel}","templated":true}]}}