{"id":343139,"date":"2026-09-06T20:22:12","date_gmt":"2026-09-06T20:22:12","guid":{"rendered":"https:\/\/www.europesays.com\/fi\/343139\/"},"modified":"2026-09-06T20:22:12","modified_gmt":"2026-09-06T20:22:12","slug":"yhdysvaltain-painostuksesta-yllattava-tulos-netanjahu-purkaa-lansirannan-etuvartioasemia-uutisia-lyhyesti","status":"publish","type":"post","link":"https:\/\/www.europesays.com\/fi\/343139\/","title":{"rendered":"Yhdysvaltain painostuksesta yll\u00e4tt\u00e4v\u00e4 tulos: Netanjahu purkaa L\u00e4nsirannan etuvartioasemia | Uutisia lyhyesti"},"content":{"rendered":"<p class=\"aw__sc-1qwuw0s-0 aw__sc-ngllmo-0 epAWpq fzYpjk yle__article__paragraph\">Israelin p\u00e4\u00e4ministeri <strong class=\"aw__sc-ngllmo-2 gdRrun yle__article__strong\">Benjamin Netanjahu<\/strong> on yll\u00e4tt\u00e4en tenhyt my\u00f6nnytyksen palestiinalaispolitiikastaan.<\/p>\n<p class=\"aw__sc-1qwuw0s-0 aw__sc-ngllmo-0 epAWpq fzYpjk yle__article__paragraph\">Yhdysvaltojen painostuksesta h\u00e4n on m\u00e4\u00e4r\u00e4nnyt laittomien siirtokuntien etuvartioasemien purkamisen L\u00e4nsirannalla, kaksi asiaan perehtynytt\u00e4 henkil\u00f6\u00e4 kertoo Reutersille.<\/p>\n<p class=\"aw__sc-1qwuw0s-0 aw__sc-ngllmo-0 epAWpq fzYpjk yle__article__paragraph\">Niit\u00e4 ovat perustaneet kaikista \u00e4\u00e4rimm\u00e4iset Israelin laajentumisen kannattajat. Netanjahu m\u00e4\u00e4r\u00e4si etuvartioasemien h\u00e4\u00e4d\u00f6t vastauksena Yhdysvaltojen painostukseen, l\u00e4hteet kertovat Reutersille.<\/p>\n<p class=\"aw__sc-1qwuw0s-0 aw__sc-ngllmo-0 epAWpq fzYpjk yle__article__paragraph\">L\u00e4hde: Reuters<\/p>\n","protected":false},"excerpt":{"rendered":"Israelin p\u00e4\u00e4ministeri Benjamin Netanjahu on yll\u00e4tt\u00e4en tenhyt my\u00f6nnytyksen palestiinalaispolitiikastaan. Yhdysvaltojen painostuksesta h\u00e4n on m\u00e4\u00e4r\u00e4nnyt laittomien siirtokuntien etuvartioasemien purkamisen&hellip;\n","protected":false},"author":2,"featured_media":343140,"comment_status":"","ping_status":"","sticky":false,"template":"","format":"standard","meta":{"footnotes":"","_share_on_mastodon":"0"},"categories":[14],"tags":[3068,22,23,26,27,33,31,30,17,993,992,24,25,28,29,15,18,21,32,19,20,56,16,59,60,61],"class_list":["post-343139","post","type-post","status-publish","format-standard","has-post-thumbnail","category-ulkomaat","tag-benjamin-netanjahu","tag-breaking-news","tag-breakingnews","tag-featured-news","tag-featurednews","tag-fi","tag-finland","tag-finnish","tag-headlines","tag-israel","tag-lahi-ita","tag-latest-news","tag-latestnews","tag-main-news","tag-mainnews","tag-news","tag-otsikot","tag-paauutiset","tag-suomi","tag-top-stories","tag-topstories","tag-ulkomaat","tag-uutiset","tag-world","tag-world-news","tag-worldnews"],"share_on_mastodon":{"url":"https:\/\/pubeurope.com\/@fi\/117225963199277621","error":""},"_links":{"self":[{"href":"https:\/\/www.europesays.com\/fi\/wp-json\/wp\/v2\/posts\/343139","targetHints":{"allow":["GET"]}}],"collection":[{"href":"https:\/\/www.europesays.com\/fi\/wp-json\/wp\/v2\/posts"}],"about":[{"href":"https:\/\/www.europesays.com\/fi\/wp-json\/wp\/v2\/types\/post"}],"author":[{"embeddable":true,"href":"https:\/\/www.europesays.com\/fi\/wp-json\/wp\/v2\/users\/2"}],"replies":[{"embeddable":true,"href":"https:\/\/www.europesays.com\/fi\/wp-json\/wp\/v2\/comments?post=343139"}],"version-history":[{"count":0,"href":"https:\/\/www.europesays.com\/fi\/wp-json\/wp\/v2\/posts\/343139\/revisions"}],"wp:featuredmedia":[{"embeddable":true,"href":"https:\/\/www.europesays.com\/fi\/wp-json\/wp\/v2\/media\/343140"}],"wp:attachment":[{"href":"https:\/\/www.europesays.com\/fi\/wp-json\/wp\/v2\/media?parent=343139"}],"wp:term":[{"taxonomy":"category","embeddable":true,"href":"https:\/\/www.europesays.com\/fi\/wp-json\/wp\/v2\/categories?post=343139"},{"taxonomy":"post_tag","embeddable":true,"href":"https:\/\/www.europesays.com\/fi\/wp-json\/wp\/v2\/tags?post=343139"}],"curies":[{"name":"wp","href":"https:\/\/api.w.org\/{rel}","templated":true}]}}