{"id":34314,"date":"2025-09-14T04:51:07","date_gmt":"2025-09-14T04:51:07","guid":{"rendered":"https:\/\/www.europesays.com\/fi\/34314\/"},"modified":"2025-09-14T04:51:07","modified_gmt":"2025-09-14T04:51:07","slug":"seiska-penkoi-iida-vainion-raha-asiat-yllattava-tieto-paljastui","status":"publish","type":"post","link":"https:\/\/www.europesays.com\/fi\/34314\/","title":{"rendered":"Seiska penkoi Iida Vainion raha-asiat \u2013 yll\u00e4tt\u00e4v\u00e4 tieto paljastui"},"content":{"rendered":"<p>\n            20240220, Helsinki. Farmi -pressi. Kuvassa Iida Vainio.<br \/>\n            Timo Korhonen\n        <\/p>\n<p class=\"subtitle \">Mediapersoona on ollut ulosotossa jo muutaman vuoden ajan.<\/p>\n<p class=\"article-content article-content-width !bg-background\"> , 21,\u00a0nousi julkisuuteen vuonna 2022, kun h\u00e4n saapui Helsinki-Vantaan lentoasemalle vastaan olympiakisoista kotiin palaavia j\u00e4\u00e4kiekon Leijonia.\u00a0<\/p>\n<p class=\"font-weight-bold m-font-weight-bold article-content article-content-width !bg-background\">Arkistovideo: Archie Cruzin sutinat kapakkakaunottaren kanssa<\/p>\n<p class=\"article-content article-content-width !bg-background\">Iida her\u00e4tti huomiota, sill\u00e4 h\u00e4n oli sonnustautunut n\u00e4ytt\u00e4v\u00e4\u00e4n kultamekkoon. Mediapersoona oli tapahtumien aikaan vain 18-vuotias.<\/p>\n<p class=\"article-content article-content-width !bg-background\">Iida vieraili t\u00e4m\u00e4n vuoden kes\u00e4kuussa <a href=\"https:\/\/podimo.com\/fi\/shows\/aki-linnanahde-talk-show\" target=\"_blank\" rel=\"nofollow noopener\">Aki Linnanahde talk show<\/a> -podcastissa. H\u00e4n kertoi haastattelussa, ett\u00e4 julkisuuden k\u00e4\u00e4nt\u00e4minen ansiotuloiksi on osoittautunut haastavaksi.<\/p>\n<p class=\"article-content article-content-width !bg-background\">Iida on\u00a0avannut raha-asioitaan my\u00f6s\u00a0<a href=\"https:\/\/areena.yle.fi\/1-68237973\" target=\"_blank\" rel=\"nofollow noopener\">Gogin kantabaari<\/a> -podcastissa.<\/p>\n<p class=\"article-content article-content-width !bg-background\">\u2013 Minulla on ollut v\u00e4h\u00e4n huono k\u00e4sitys rahasta. Sen takia olen joutunut my\u00f6s rahaongelmiin. Nuorena oli sellainen k\u00e4sitys, ett\u00e4 rahaa tulee, Iida mainitsi podcast-haastattelussa.<\/p>\n<p>Ulosottokierre jatkuu<\/p>\n<p class=\"article-content article-content-width !bg-background\">Seiska on aiemmin uutisoinut Iidan taloudellisesta tilanteesta. H\u00e4n joutui ulosottoon vuonna 2023.\u00a0<\/p>\n<p class=\"article-content article-content-width !bg-background\">Lokakuussa 2023 mediapersoonalla oli 2 523,50 euroa ulosotossa.<\/p>\n<p>        <a itemprop=\"url\" href=\"https:\/\/www.seiska.fi\/kotimaa\/erokohun-selattaneet-archie-cruz-ja-iida-vainio-okyilya-ulkomailla\/1923579\" rel=\"nofollow noopener\" target=\"_blank\"><\/p>\n<p>\nErokohun sel\u00e4tt\u00e4neet Archie Cruz ja Iida Vainio\n<\/p>\n<p class=\"section-date\">\n        <strong class=\"article-section\" data-section=\"kotimaa\"><br \/>\n            kotimaa<br \/>\n        <\/strong><br \/>\n        8.9. 16:00\n    <\/p>\n<p>    Erokohun sel\u00e4tt\u00e4neet Archie Cruz ja Iida Vainio: \u00f6kyily\u00e4 ulkomailla!<\/p>\n<p itemprop=\"description\" class=\"subtitle \">\n    Kohuparin liikkeist\u00e4 on tihkunut uutta tietoa.\n<\/p>\n<p>        <\/a><\/p>\n<p class=\"article-content article-content-width !bg-background\">Kahden vuoden aikana maksamattomien laskujen m\u00e4\u00e4r\u00e4 on kasvanut.<\/p>\n<p class=\"article-content article-content-width !bg-background\">T\u00e4m\u00e4n vuoden maaliskuussa velkaa oli kertynyt jo\u00a010 330 euron edest\u00e4.<\/p>\n<p>Iida todettiin varattomaksi<\/p>\n<p class=\"article-content article-content-width !bg-background\">T\u00e4ll\u00e4 hetkell\u00e4 Iidan ulosottorekisteri on paisunut viisisivuiseksi.<\/p>\n<p class=\"article-content article-content-width !bg-background\">9. syyskuuta haetun ulosottorekisterin mukaan\u00a0Iidalla ei kuitenkaan ole yht\u00e4k\u00e4\u00e4n vireill\u00e4 olevaa ulosottoasiaa.<\/p>\n<p>        <a itemprop=\"url\" href=\"https:\/\/www.seiska.fi\/vain-seiskassa\/iida-vainiolla-ja-archie-cruzilla-yllattava-kohtaaminen-lentoasemalla-kuva\/1916734\" rel=\"nofollow noopener\" target=\"_blank\"><\/p>\n<p>\nKuva!\n<\/p>\n<p class=\"section-date\">\n        <strong class=\"article-section\" data-section=\"vain seiskassa\"><br \/>\n            vain seiskassa<br \/>\n        <\/strong><br \/>\n        3.9. 05:00\n    <\/p>\n<p>    Iida Vainiolla ja Archie Cruzilla yll\u00e4tt\u00e4v\u00e4 kohtaaminen lentoasemalla \u2013 kuva!<\/p>\n<p itemprop=\"description\" class=\"subtitle \">\n    Kohupariskunta p\u00e4\u00e4tti karistaa Suomen p\u00f6lyt jaloistaan.\n<\/p>\n<p>        <\/a><\/p>\n<p class=\"article-content article-content-width !bg-background\">Kaikkien 22 p\u00e4\u00e4ttyneen merkinn\u00e4n kohdalla Iidalla on todettu joko varattomuuseste tai suppean ulosoton este.<\/p>\n<p class=\"article-content article-content-width !bg-background\">Se tarkoittaa, ettei Iidalla ole ollut ulosmitattavaa omaisuutta merkint\u00f6jen vireill\u00e4olon aikana.<\/p>\n<p>                <img decoding=\"async\" src=\"https:\/\/www.europesays.com\/fi\/wp-content\/uploads\/2025\/09\/1757825467_519_1898243.webp\" width=\"576\" height=\"720\" alt=\"Iida Vainio ja Archie Cruz ovat pit\u00e4neet yht\u00e4 jo muutaman vuoden ajan. Suhteeseen on mahtunut paljon erilaisia k\u00e4\u00e4nteit\u00e4. Iida ja Archie saivat lapsen viime vuoden joulukuussa.\" loading=\"lazy\" \/>            <\/p>\n<p>\n            Iida Vainio ja Archie Cruz ovat pit\u00e4neet yht\u00e4 jo muutaman vuoden ajan. Suhteeseen on mahtunut paljon erilaisia k\u00e4\u00e4nteit\u00e4. Iida ja Archie saivat lapsen viime vuoden joulukuussa.<br \/>\n            TIMO KORHONEN\n        <\/p>\n<p>Yli 14 000 euron velat<\/p>\n<p class=\"article-content article-content-width !bg-background\">Suurin osa merkinn\u00f6ist\u00e4 on ilmestynyt Iidan ulosottorekisteriin vuosina 2023\u20132024. Osassa niist\u00e4 on jopa kolme eri vireill\u00e4oloaikaa.<\/p>\n<p class=\"article-content article-content-width !bg-background\">Ulosottosaldossa toistuu sama kaava: aina kun velkasumman vireill\u00e4oloaika p\u00e4\u00e4ttyy, hakija joutuu laittamaan saatavansa uudelleen vireille ulosoton kautta.<\/p>\n<p class=\"article-content article-content-width !bg-background\">Yhteens\u00e4 kahdeksan merkint\u00e4\u00e4 on ollut vireill\u00e4 t\u00e4m\u00e4n vuoden aikana. Kaksi niist\u00e4 on uusia merkint\u00f6j\u00e4, ja loput ovat olleet vireill\u00e4 my\u00f6s vuosien 2023-2024 aikana.<\/p>\n<p>        <a itemprop=\"url\" href=\"https:\/\/www.seiska.fi\/vain-seiskassa\/archie-cruzin-kapakkakaunottarelta-paljastus-iida-vainiosta\/1918070\" rel=\"nofollow noopener\" target=\"_blank\"><\/p>\n<p>\nArchie Cruzin kapakkakaunotar\n<\/p>\n<p class=\"section-date\">\n        <strong class=\"article-section\" data-section=\"vain seiskassa\"><br \/>\n            vain seiskassa<br \/>\n        <\/strong><br \/>\n        5.9. 05:00\n    <\/p>\n<p>    Archie Cruzin kapakkakaunottarelta paljastus Iida Vainiosta<\/p>\n<p itemprop=\"description\" class=\"subtitle \">\n    Kohurokkariin yhdistetty nainen kertoo kohuviikonlopun tapahtumista.\n<\/p>\n<p>        <\/a><\/p>\n<p class=\"article-content article-content-width !bg-background\">Vuoden 2025 aikana Iidalta on karhuttu ulosotossa yhteens\u00e4 14 957 euroa.<\/p>\n<p class=\"article-content article-content-width !bg-background\">Omiaan Iidalta hakevat esimerkiksi perint\u00e4toimistot, Verohallinto sek\u00e4 er\u00e4s ty\u00f6el\u00e4kevakuutusyhti\u00f6.<\/p>\n<p class=\"article-content article-content-width !bg-background\">Iida ehti lyhent\u00e4\u00e4 velkojaan 399 eurolla ennen kuin h\u00e4nelle todettiin varattomuuseste tai suppean ulosoton este.<\/p>\n<p>Kohupariskunta muutti Sipooseen<\/p>\n<p class=\"article-content article-content-width !bg-background\">Ulosottorekisterist\u00e4 yll\u00e4tt\u00e4en paljastuu, ett\u00e4 Iida on kirjoilla Sipoossa.\u00a0<\/p>\n<p class=\"article-content article-content-width !bg-background\">Seiska tarkisti samalla my\u00f6s Iidan kumppanin   ulosottorekisterin.\u00a0<\/p>\n<p class=\"article-content article-content-width !bg-background\">Archiella ei ole merkint\u00f6j\u00e4 ulosottorekisteriss\u00e4\u00e4n. Asiakirjan mukaan my\u00f6s kohurokkarin nykyinen kotipaikkakunta on Sipoo.<\/p>\n<p>Onko Archien koti myyty?<\/p>\n<p class=\"article-content article-content-width !bg-background\">Archie pisti Helsingiss\u00e4 sijaitsevan kaksionsa myyntiin viime vuoden elokuussa.\u00a0Kohurokkarin 49 neli\u00f6metrin suuruisen kaksion hinnaksi asetettiin ensin 549 000 euroa.<\/p>\n<p class=\"article-content article-content-width !bg-background\">Asunto vedettiin muutamaksi kuukaudeksi pois markkinoilta, mutta lokakuussa 2024 kohde palasi j\u00e4lleen myyntiin\u00a0520 000 euron hinnalla.<\/p>\n<p>        <a itemprop=\"url\" href=\"https:\/\/www.seiska.fi\/kotimaa\/archie-cruzin-koti-on-yha-myynnissa-mika-mattaa\/1543653\" rel=\"nofollow noopener\" target=\"_blank\"><\/p>\n<p class=\"section-date\">\n        <strong class=\"article-section\" data-section=\"kotimaa\"><br \/>\n            kotimaa<br \/>\n        <\/strong><br \/>\n        8.12.2024 08:00\n    <\/p>\n<p>    Archie Cruzin koti on yh\u00e4 myynniss\u00e4 \u2013 mik\u00e4 m\u00e4tt\u00e4\u00e4?<\/p>\n<p itemprop=\"description\" class=\"subtitle \">\n    Archie on etsinyt kodilleen uusia omistajia jo usean kuukauden ajan.\n<\/p>\n<p>        <\/a><\/p>\n<p class=\"article-content article-content-width !bg-background\"><a href=\"https:\/\/www.etuovi.com\/kohde\/20372145?haku=M2170201889%3Futm_source%3Diltalehti.fi&amp;utm_medium=almainternal&amp;utm_campaign=juttu-oma&amp;utm_content=kohdejuttu_wxx-archiecruzkodinmyynti&amp;utm_source=iltalehti.fi&amp;_gl=1*9o0gc5*_ga*MTEyNzY2NDcyNS4xNzQ2NjgzMjMx*_ga_3L539PMN3X*czE3NTc1ODA4NDAkbzIyMCRnMCR0MTc1NzU4MDg0MSRqNTkkbDAkaDA.\" target=\"_blank\" rel=\"nofollow noopener\">Etuovi.com-sivustolla<\/a> todetaan nyt, ett\u00e4 asunto on poistunut palvelusta 30.5.2025.\u00a0<\/p>\n<p class=\"article-content article-content-width !bg-background\">Seiska ei tavoittanut Iidaa kommentoimaan ulosottorekisteri\u00e4\u00e4n tai uutta asuinpaikkakuntaansa.<\/p>\n<p class=\"article-content article-content-width !bg-background\">My\u00f6sk\u00e4\u00e4n Archie ei vastannut Seiskan yhteydenottoihin liittyen h\u00e4nen muuttuneisiin osoitetietoihin tai siihen, onko h\u00e4n saanut Helsingin-kaksionsa myyty\u00e4.<\/p>\n","protected":false},"excerpt":{"rendered":"20240220, Helsinki. Farmi -pressi. Kuvassa Iida Vainio. Timo Korhonen Mediapersoona on ollut ulosotossa jo muutaman vuoden ajan. ,&hellip;\n","protected":false},"author":2,"featured_media":34315,"comment_status":"","ping_status":"","sticky":false,"template":"","format":"standard","meta":{"footnotes":""},"categories":[76],"tags":[2345,79,77,33,31,30,2344,1233,1240,32,78,9823,9822,9824],"class_list":{"0":"post-34314","1":"post","2":"type-post","3":"status-publish","4":"format-standard","5":"has-post-thumbnail","7":"category-talous","8":"tag-archie-cruz","9":"tag-business","10":"tag-economy","11":"tag-fi","12":"tag-finland","13":"tag-finnish","14":"tag-iida-vainio","15":"tag-koti","16":"tag-raha","17":"tag-suomi","18":"tag-talous","19":"tag-ulosotto","20":"tag-ulosottorekisteri","21":"tag-ulosottovelka"},"share_on_mastodon":{"url":"","error":""},"_links":{"self":[{"href":"https:\/\/www.europesays.com\/fi\/wp-json\/wp\/v2\/posts\/34314","targetHints":{"allow":["GET"]}}],"collection":[{"href":"https:\/\/www.europesays.com\/fi\/wp-json\/wp\/v2\/posts"}],"about":[{"href":"https:\/\/www.europesays.com\/fi\/wp-json\/wp\/v2\/types\/post"}],"author":[{"embeddable":true,"href":"https:\/\/www.europesays.com\/fi\/wp-json\/wp\/v2\/users\/2"}],"replies":[{"embeddable":true,"href":"https:\/\/www.europesays.com\/fi\/wp-json\/wp\/v2\/comments?post=34314"}],"version-history":[{"count":0,"href":"https:\/\/www.europesays.com\/fi\/wp-json\/wp\/v2\/posts\/34314\/revisions"}],"wp:featuredmedia":[{"embeddable":true,"href":"https:\/\/www.europesays.com\/fi\/wp-json\/wp\/v2\/media\/34315"}],"wp:attachment":[{"href":"https:\/\/www.europesays.com\/fi\/wp-json\/wp\/v2\/media?parent=34314"}],"wp:term":[{"taxonomy":"category","embeddable":true,"href":"https:\/\/www.europesays.com\/fi\/wp-json\/wp\/v2\/categories?post=34314"},{"taxonomy":"post_tag","embeddable":true,"href":"https:\/\/www.europesays.com\/fi\/wp-json\/wp\/v2\/tags?post=34314"}],"curies":[{"name":"wp","href":"https:\/\/api.w.org\/{rel}","templated":true}]}}